{"id":82711,"date":"2025-08-30T20:17:08","date_gmt":"2025-08-30T20:17:08","guid":{"rendered":"https:\/\/www.europesays.com\/es\/82711\/"},"modified":"2025-08-30T20:17:08","modified_gmt":"2025-08-30T20:17:08","slug":"samitier-el-ganador-moral-en-zaragoza","status":"publish","type":"post","link":"https:\/\/www.europesays.com\/es\/82711\/","title":{"rendered":"Samitier, el ganador moral en Zaragoza"},"content":{"rendered":"<p>            Samitier, el ganador moral en Zaragoza                <\/p>\n<p>Samitier, el ganador moral en Zaragoza<\/p>\n<p class=\"epigraph\">Sergio Samitier llen\u00f3 de emoci\u00f3n la etapa entre Monz\u00f3n y Zaragoza. El altoaragon\u00e9s, fugado durante un buen tramo del recorrido, fue capturado en el casco urbano zaragozano. El corredor se gan\u00f3 el cari\u00f1o de los aficionados, que llenaron el centro de la ciudad\u00a0\u00a0<\/p>\n<p class=\"paragraph\"><b>\u00abHa ganado Samitier. Aunque sea en el primer paso por la meta del paseo de Maria Agust\u00edn, Samitier ha ganado para todos nosotros\u00bb<\/b>, reiteraba Sergio, tocayo del corredor altoaragon\u00e9s que encendi\u00f3 la carrera y los corazones de los aficionados en una inolvidable llegada junto a la Puerta del Carmen de la capital aragonesa. Al lado de Sergio, que luc\u00eda el maillot del Cofid\u00eds, actual equipo del ciclista barbastrense, Clara y Amaya, tambi\u00e9n extasiadas seguidoras de Samitier. Una vest\u00eda de verde y la otra de azul. Con los colores de Kern Pharma y del Movistar Team, los equipos en los que antes corri\u00f3 Sergio Samitier, triunfador parcial en la carretera (al final gan\u00f3 Jasper Philipsen) y triunfador total para los aficionados de Zaragoza.<\/p>\n<p>            Conforme a los criterios de<br \/>\n            <a class=\"trustproject_img\" id=\"trustproject_img\" href=\"https:\/\/thetrustproject.org\/\" target=\"_blank\" rel=\"nofollow noopener\" aria-label=\"Trust Project\"><img decoding=\"async\" loading=\"lazy\" src=\"https:\/\/www.heraldo.es\/images\/Trust-Logo-Horizontal.svg\" alt=\"Logo Trust Project\" width=\"200\" height=\"34\"\/><\/a><\/p>\n<p>        <a href=\"https:\/\/www.henneo.com\/\" title=\"Grupo Henneo\" class=\"logo\" rel=\"nofollow noopener\" target=\"_blank\"><br \/>\n            <img decoding=\"async\" src=\"https:\/\/www.heraldo.es\/images\/logo_henneo_gris.svg\" alt=\"Logo Henneo\" width=\"559\" height=\"389\" loading=\"lazy\"\/><br \/>\n        <\/a><\/p>\n<p>\u00a9 HERALDO DE ARAGON EDITORA, S.L.U.<br \/>Tel\u00e9fono 976 765 000 \/ &#8211; P\u00ba. Independencia, 29, 50001 Zaragoza &#8211; CIF: B99288763 &#8211; Inscrita en el Registro Mercantil de Zaragoza al Tomo 3796, Libro 0, Folio 177, Secci\u00f3n 8, Hoja Z-50564<br \/>Queda prohibida toda reproducci\u00f3n sin permiso escrito de la empresa a los efectos del art\u00edculo 32.1, p\u00e1rrafo segundo, de la Ley de Propiedad Intelectual<\/p>\n<p>\n                P\u00ba Independencia, 29, 50001 Zaragoza<br \/> Tel\u00e9fono 976 765 000\n            <\/p>\n<p>                    Actualmente tu navegador no permite ejecutar JavaScript. Para poder disfrutar de nuestro contenido es necesario que lo permita.<br \/>\n                                        <img decoding=\"async\" loading=\"lazy\" alt=\"Heraldo logo\" src=\"https:\/\/dkumiip2e9ary.cloudfront.net\/xalok\/heraldo\/especiales\/hola-de-nuevo\/logo-heraldo.svg\" width=\"215\" height=\"43\"\/><\/p>\n","protected":false},"excerpt":{"rendered":"Samitier, el ganador moral en Zaragoza Samitier, el ganador moral en Zaragoza Sergio Samitier llen\u00f3 de emoci\u00f3n la&hellip;\n","protected":false},"author":2,"featured_media":82712,"comment_status":"","ping_status":"","sticky":false,"template":"","format":"standard","meta":{"footnotes":""},"categories":[273],"tags":[313,312,168,25,17732,24,23830,10008,24730,23,167],"class_list":{"0":"post-82711","1":"post","2":"type-post","3":"status-publish","4":"format-standard","5":"has-post-thumbnail","7":"category-ciclismo","8":"tag-ciclismo","9":"tag-cycling","10":"tag-deportes","11":"tag-es","12":"tag-escapada","13":"tag-espana","14":"tag-imposible","15":"tag-mision","16":"tag-samitier","17":"tag-spain","18":"tag-sports"},"share_on_mastodon":{"url":"","error":""},"_links":{"self":[{"href":"https:\/\/www.europesays.com\/es\/wp-json\/wp\/v2\/posts\/82711","targetHints":{"allow":["GET"]}}],"collection":[{"href":"https:\/\/www.europesays.com\/es\/wp-json\/wp\/v2\/posts"}],"about":[{"href":"https:\/\/www.europesays.com\/es\/wp-json\/wp\/v2\/types\/post"}],"author":[{"embeddable":true,"href":"https:\/\/www.europesays.com\/es\/wp-json\/wp\/v2\/users\/2"}],"replies":[{"embeddable":true,"href":"https:\/\/www.europesays.com\/es\/wp-json\/wp\/v2\/comments?post=82711"}],"version-history":[{"count":0,"href":"https:\/\/www.europesays.com\/es\/wp-json\/wp\/v2\/posts\/82711\/revisions"}],"wp:featuredmedia":[{"embeddable":true,"href":"https:\/\/www.europesays.com\/es\/wp-json\/wp\/v2\/media\/82712"}],"wp:attachment":[{"href":"https:\/\/www.europesays.com\/es\/wp-json\/wp\/v2\/media?parent=82711"}],"wp:term":[{"taxonomy":"category","embeddable":true,"href":"https:\/\/www.europesays.com\/es\/wp-json\/wp\/v2\/categories?post=82711"},{"taxonomy":"post_tag","embeddable":true,"href":"https:\/\/www.europesays.com\/es\/wp-json\/wp\/v2\/tags?post=82711"}],"curies":[{"name":"wp","href":"https:\/\/api.w.org\/{rel}","templated":true}]}}