{"id":82737,"date":"2025-08-30T20:39:08","date_gmt":"2025-08-30T20:39:08","guid":{"rendered":"https:\/\/www.europesays.com\/es\/82737\/"},"modified":"2025-08-30T20:39:08","modified_gmt":"2025-08-30T20:39:08","slug":"hallaron-sus-cuerpos-en-una-camioneta","status":"publish","type":"post","link":"https:\/\/www.europesays.com\/es\/82737\/","title":{"rendered":"hallaron sus cuerpos en una camioneta"},"content":{"rendered":"<p>En el crimen, consumado en Guadalajara (M\u00e9xico), han muerto la &#8216;tiktoker&#8217;, su marido y sus dos hijos<\/p>\n<p><img fetchpriority=\"high\" class=\"voc-img\" src=\"https:\/\/www.europesays.com\/es\/wp-content\/uploads\/2025\/08\/Influ-kKfC-U701469208640hOI-1200x840@diario_abc.JPG\" loading=\"eager\" decoding=\"async\" alt=\"La influencer Esmeralda Ferrer\" width=\"1200\" height=\"840\"\/><\/p>\n<p>La influencer Esmeralda Ferrer    TIKTOK  <\/p>\n<p class=\"voc-p\" style=\"\">Asesinados dentro de una camioneta en la ciudad mexicana de Guadalajara. As\u00ed encontraron las autoridades a la influencer <strong>Emeralda Ferrer Garibay y a su familia <\/strong>el pasado 22 de agosto, si bien la Fiscal\u00eda del Estado de Jalisco no confirm\u00f3 la identidad hasta seis d\u00edas despu\u00e9s. El caso ha generado gran conmoci\u00f3n por su brutalidad y la popularidad de la &#8216;tiktoker&#8217;.<\/p>\n<p class=\"voc-p\" style=\"\">En el ataque, los autores mataron <strong>a la influencer, a sus dos hijos y a su marido<\/strong>, con el que presuntamente est\u00e1 relacionada la l\u00ednea de investigaci\u00f3n principal, seg\u00fan el Ministerio P\u00fablico. La Polic\u00eda est\u00e1 supuestamente analizando las actividades del esposo de este hombre, dedicado a la compraventa de autos y a la producci\u00f3n agr\u00edcola en Michoac\u00e1n, seg\u00fan el peri\u00f3dico mexicano &#8216;El Universo&#8217;.<\/p>\n<p class=\"voc-p\" style=\"\">La camioneta donde se encontraban los cuerpos se hallaba aparcada en un taller mec\u00e1nico, cuyos responsables fueron detenidos y liberados a las pocas horas. Sin embargo, dos de ellos fueron<strong> asesinados poco despu\u00e9s, al salir de la Fiscal\u00eda<\/strong>, en un crimen atribuido a un comando armado.<\/p>\n<p class=\"voc-p\" style=\"\">La influencer, conocida en TikTok como Esmeralda FG, comenz\u00f3 su andadura digital en 2020 al compartir contenidos sobre viajes, lujos, cirug\u00edas est\u00e9ticas y su vida familiar. En la red social logr\u00f3 gran popularidad al mostrar <strong>un estilo de vida ostentoso <\/strong>que subyug\u00f3 a los seguidores.<\/p>\n<p>Reportar un error<\/p>\n","protected":false},"excerpt":{"rendered":"En el crimen, consumado en Guadalajara (M\u00e9xico), han muerto la &#8216;tiktoker&#8217;, su marido y sus dos hijos La&hellip;\n","protected":false},"author":2,"featured_media":82738,"comment_status":"","ping_status":"","sticky":false,"template":"","format":"standard","meta":{"footnotes":""},"categories":[5],"tags":[21154,17,18,11236,25,31164,24,13,14,25762,10349,31165,11,563,5764,2326,19,20,22167,9,10,15,16,23,12,21,22],"class_list":{"0":"post-82737","1":"post","2":"type-post","3":"status-publish","4":"format-standard","5":"has-post-thumbnail","7":"category-titulares","8":"tag-asesinan","9":"tag-breaking-news","10":"tag-breakingnews","11":"tag-cuerpos","12":"tag-es","13":"tag-esmeralda","14":"tag-espana","15":"tag-featured-news","16":"tag-featurednews","17":"tag-ferrer","18":"tag-furgoneta","19":"tag-hallaron","20":"tag-headlines","21":"tag-hijos","22":"tag-influencer","23":"tag-junto","24":"tag-latest-news","25":"tag-latestnews","26":"tag-marido","27":"tag-news","28":"tag-noticias","29":"tag-noticias-destacadas","30":"tag-noticiasdestacadas","31":"tag-spain","32":"tag-titulares","33":"tag-ultimas-noticias","34":"tag-ultimasnoticias"},"share_on_mastodon":{"url":"","error":""},"_links":{"self":[{"href":"https:\/\/www.europesays.com\/es\/wp-json\/wp\/v2\/posts\/82737","targetHints":{"allow":["GET"]}}],"collection":[{"href":"https:\/\/www.europesays.com\/es\/wp-json\/wp\/v2\/posts"}],"about":[{"href":"https:\/\/www.europesays.com\/es\/wp-json\/wp\/v2\/types\/post"}],"author":[{"embeddable":true,"href":"https:\/\/www.europesays.com\/es\/wp-json\/wp\/v2\/users\/2"}],"replies":[{"embeddable":true,"href":"https:\/\/www.europesays.com\/es\/wp-json\/wp\/v2\/comments?post=82737"}],"version-history":[{"count":0,"href":"https:\/\/www.europesays.com\/es\/wp-json\/wp\/v2\/posts\/82737\/revisions"}],"wp:featuredmedia":[{"embeddable":true,"href":"https:\/\/www.europesays.com\/es\/wp-json\/wp\/v2\/media\/82738"}],"wp:attachment":[{"href":"https:\/\/www.europesays.com\/es\/wp-json\/wp\/v2\/media?parent=82737"}],"wp:term":[{"taxonomy":"category","embeddable":true,"href":"https:\/\/www.europesays.com\/es\/wp-json\/wp\/v2\/categories?post=82737"},{"taxonomy":"post_tag","embeddable":true,"href":"https:\/\/www.europesays.com\/es\/wp-json\/wp\/v2\/tags?post=82737"}],"curies":[{"name":"wp","href":"https:\/\/api.w.org\/{rel}","templated":true}]}}