{"id":82747,"date":"2025-08-30T20:45:08","date_gmt":"2025-08-30T20:45:08","guid":{"rendered":"https:\/\/www.europesays.com\/es\/82747\/"},"modified":"2025-08-30T20:45:08","modified_gmt":"2025-08-30T20:45:08","slug":"vuelta-a-espana-jasper-philipsencon-dos-victorias-ya-puedo-estar-contento-ciclismo","status":"publish","type":"post","link":"https:\/\/www.europesays.com\/es\/82747\/","title":{"rendered":"Vuelta a Espa\u00f1a: Jasper Philipsen:&quot;Con dos victorias ya puedo estar contento&quot; &#8211; Ciclismo"},"content":{"rendered":"<ol>\n<li><a href=\"https:\/\/news.google.com\/rss\/articles\/CBMiakFVX3lxTE83ZnR3YzdKQVhmLWtfSGhUWjBQNVFCcDlvcVpJak1xdmtYTmpfcnBJSVJaQkQ3cDVHRlVqOFJlUW5EQ2lua0Z1UkJxejlVY1d6VDJmQ2hBTVpuOFFqeUU3dWZhekU3ZVltNEE?oc=5\" target=\"_blank\" rel=\"nofollow noopener\">Vuelta a Espa\u00f1a: Jasper Philipsen:\u00bbCon dos victorias ya puedo estar contento\u00bb<\/a>&nbsp;&nbsp;Ciclismo<\/li>\n<li><a href=\"https:\/\/news.google.com\/rss\/articles\/CBMingFBVV95cUxQWkJsVU41QWczUHZKTnM4ajZYUjNoUGhmdGtJS1gxMlltYTBnWmhyZUxoSGZvQ1VXRi1UOFNzTGIwWVlYUUtacnd1R29XdHZlS2d3WEtJMVZxcUxiTWw5OUtlQmpWQlkyZl83YzU1R1ZZb0FGSDBwQjVSYnotMzQ3eGVmbzdJMzVvMEJCUE1VMUxQaW9LR0hrZGVDT01lQdIBngFBVV95cUxNaU1jOGZhOU02M2JxUVR0amxzSWlpbjdrRGZsdlloZDhDazJlamYtbnRZN1RmamhNX1lsY0lwcDRpVlFJb3RqSVZaNnhFQ19vQ0Nua1Q4TDRNVnhTdTRfYXVZUThpMTd6U1pNbmpqYXpaSHl5cERsSnVMR3h0TDhGZmJVZEhpTDd3Y3RLakxqMTdEVnF1eDdoSFAzaHhuQQ?oc=5\" target=\"_blank\" rel=\"nofollow noopener\">Philipsen hace doblete en Zaragoza y Traeen sigue l\u00edder de la Vuelta a Espa\u00f1a<\/a>&nbsp;&nbsp;El Mundo<\/li>\n<li><a href=\"https:\/\/news.google.com\/rss\/articles\/CBMiogFBVV95cUxQWjNNQ25pMjhMSzJ3RFNIV2JJS09TeC1Vazd5ZG1MSlV2RzEwRjNqcFpYczM0RHBzckJTYjZEel9EWTg4c0pPc2xPSmY2UmZuQXM4RlFaRVdGZDFDd0prMmVUOW8wUFR1cVFuVVBaWXNYUGo0YThlcjF1QmZKZ3RsRkJCck11OVduR0UyQnRORlFtWlY5WDdQUTEteGloaERtZWc?oc=5\" target=\"_blank\" rel=\"nofollow noopener\">Philipsen, segunda victoria y ticket para Madrid<\/a>&nbsp;&nbsp;ABC<\/li>\n<li><a href=\"https:\/\/news.google.com\/rss\/articles\/CBMiakFVX3lxTE9kUEJxNEFYeDY5MWJZODh0enQ2ZmZIblRsU0RfbFk4SDJzaVp6UXVqdUZiZWtmNFFFMnpUUjFDWE90VHpDT0sxV25QM1M5OXhhRnJLTzRaUnc2S1RlNDJhQ3p0QkRXRHFqc1E?oc=5\" target=\"_blank\" rel=\"nofollow noopener\">Philipsen no se deja sorprender<\/a>&nbsp;&nbsp;Diario AS<\/li>\n<li><a href=\"https:\/\/news.google.com\/rss\/articles\/CBMi9gFBVV95cUxPa0dOUU4zdVpuc2I0OWpTcDB4ZnZqbTFxZUd6OEN2OHNUdV91b1V6dFNnSUJiT3RWWTZGQ05VZk9NLVlUZTBpRkJ3dEtfQTlMZ2paa2JONzJpOVNxejQydVh6YkRHZjdlMGxKYTFJRDJVZjNYZ3JKZE9Kc3owWThNUUo5QzVyVHFfOFN0NlJfaktiWFFBTmlkOHdKQTJYX09mcWQ2WWVweUxCR1h5dWs1QklwWllLWFNvZ2RoVW56OENaNGt1YTItMG9pZXhkd0tfVUtSVk44bTlKN1BvczcwQ3gzazBGeTJLVXA0MHROUENkcDBpdmfSAfsBQVVfeXFMT0s4N3hLaElOcTFQS1Q2c2dxVi00QzZGZGhNSFRJVUFRV2FSQUNla1ZHNTloOVl4ZHlNWmZFQlNyc0JHTTJISTNiaWdmZTRaUGNlYW1sWUZQLXVMOHBuYlF3Wms5WWpucjlybHFWa2prOWotSlVQdW5iVG4tUU1zdzUyelIyWlpqY3lFVUhMZW12Q3VObjNYMUVnTWY5THU5ZXczTmJhOVZUak1idm90TlFGd2JHQlg3a0xqU0NONEVIckVRa1BwZ29tNkVTcmh1czZqTWFNVHlneG04V3pSSlVTRXZSZ1p6Z1BGcWNLR084RG9YSTd1V2EzR3M?oc=5\" target=\"_blank\" rel=\"nofollow noopener\">La plaza de Europa &#8216;vende&#8217; Zaragoza por televisi\u00f3n en 190 pa\u00edses gracias a la Vuelta a Espa\u00f1a<\/a>&nbsp;&nbsp;heraldo.es<\/li>\n<\/ol>\n","protected":false},"excerpt":{"rendered":"Vuelta a Espa\u00f1a: Jasper Philipsen:\u00bbCon dos victorias ya puedo estar contento\u00bb&nbsp;&nbsp;Ciclismo Philipsen hace doblete en Zaragoza y Traeen&hellip;\n","protected":false},"author":2,"featured_media":82748,"comment_status":"","ping_status":"","sticky":false,"template":"","format":"standard","meta":{"footnotes":""},"categories":[273],"tags":[26509,313,312,26510,168,25,24,11954,27228,23,167],"class_list":{"0":"post-82747","1":"post","2":"type-post","3":"status-publish","4":"format-standard","5":"has-post-thumbnail","7":"category-ciclismo","8":"tag-alpecin","9":"tag-ciclismo","10":"tag-cycling","11":"tag-deceuninck","12":"tag-deportes","13":"tag-es","14":"tag-espana","15":"tag-jasper","16":"tag-philipsen","17":"tag-spain","18":"tag-sports"},"share_on_mastodon":{"url":"","error":""},"_links":{"self":[{"href":"https:\/\/www.europesays.com\/es\/wp-json\/wp\/v2\/posts\/82747","targetHints":{"allow":["GET"]}}],"collection":[{"href":"https:\/\/www.europesays.com\/es\/wp-json\/wp\/v2\/posts"}],"about":[{"href":"https:\/\/www.europesays.com\/es\/wp-json\/wp\/v2\/types\/post"}],"author":[{"embeddable":true,"href":"https:\/\/www.europesays.com\/es\/wp-json\/wp\/v2\/users\/2"}],"replies":[{"embeddable":true,"href":"https:\/\/www.europesays.com\/es\/wp-json\/wp\/v2\/comments?post=82747"}],"version-history":[{"count":0,"href":"https:\/\/www.europesays.com\/es\/wp-json\/wp\/v2\/posts\/82747\/revisions"}],"wp:featuredmedia":[{"embeddable":true,"href":"https:\/\/www.europesays.com\/es\/wp-json\/wp\/v2\/media\/82748"}],"wp:attachment":[{"href":"https:\/\/www.europesays.com\/es\/wp-json\/wp\/v2\/media?parent=82747"}],"wp:term":[{"taxonomy":"category","embeddable":true,"href":"https:\/\/www.europesays.com\/es\/wp-json\/wp\/v2\/categories?post=82747"},{"taxonomy":"post_tag","embeddable":true,"href":"https:\/\/www.europesays.com\/es\/wp-json\/wp\/v2\/tags?post=82747"}],"curies":[{"name":"wp","href":"https:\/\/api.w.org\/{rel}","templated":true}]}}