{"id":82751,"date":"2025-08-30T20:48:17","date_gmt":"2025-08-30T20:48:17","guid":{"rendered":"https:\/\/www.europesays.com\/es\/82751\/"},"modified":"2025-08-30T20:48:17","modified_gmt":"2025-08-30T20:48:17","slug":"escalante-ya-no-sera-el-mejor-pagado-de-la-plantilla","status":"publish","type":"post","link":"https:\/\/www.europesays.com\/es\/82751\/","title":{"rendered":"Escalante ya no ser\u00e1 el mejor pagado de la plantilla"},"content":{"rendered":"<p class=\"voc-p\" style=\"\">Bueno, pues ya est\u00e1. Se acab\u00f3. Gonzalo Escalante, el jugador mejor pagado de la plantilla superando el mill\u00f3n de euros al a\u00f1o, ya es pasado en el C\u00e1diz CF. El mediocentro argentino supo jugar bien sus cartas y tras medio a\u00f1o jugando de categor\u00eda y aportando lo suyo para mantener en Primera Divisi\u00f3n al segundo C\u00e1diz CF de Sergio Gonz\u00e1lez se gan\u00f3 la extraordinaria renovaci\u00f3n que le ha permitido tirarse a la Bartola el resto de tiempo que ha estado vistiendo la el\u00e1stica amarilla.<\/p>\n<p class=\"voc-p\" style=\"\">Los mejores momentos del centrocampista argentino fueron en esa segunda vuelta de la Liga 22\/23 a la que se incorpor\u00f3 <strong>tras ser uno de los refuerzos de invierno<\/strong> de un club que lograba por tercer a\u00f1o consecutivo la permanencia en la m\u00e1xima categor\u00eda. Como es sabido, Escalante lleg\u00f3 como cedido por la Lazio, que anteriormente lo ten\u00eda prestado en el Cremonese.<\/p>\n<p class=\"voc-p\" style=\"\">Con este breve comunicado, el C\u00e1diz CF informaba de \u00abla rescisi\u00f3n de Gonzalo Escalante, al que<strong> le restaba un a\u00f1o de vinculaci\u00f3n contractual.<\/strong><\/p>\n<p class=\"voc-p\" style=\"\">El jugador argentino lleg\u00f3 en 2023, habiendo participado en 65 partidos y anotado 6 goles.<\/p>\n<p class=\"voc-p\" style=\"\">La entidad le agradece su compromiso durante su etapa como cadista y le desea \u00e9xitos en su futuro profesional\u00bb, finaliza la nota de un club que se quita una de las fichas, mejor dicho, <strong>la ficha m\u00e1s cara del vestuario.<\/strong><\/p>\n<p class=\"voc-p\" style=\"\">A sus 32 a\u00f1os, Gonzalo Escalante deja en la retina del cadismo aquella primera etapa en la que jug\u00f3 m\u00e1s y por los colores del C\u00e1diz CF cuando entonces pertenec\u00eda a otra entidad. Sin embargo, fue renovar y firmar hasta 2026 con el conjunto amarillo cuando el <strong>ex del Alav\u00e9s<\/strong>, entre otros, comenz\u00f3 su deambular por un equipo donde pas\u00f3 de ser el todo para convertirse en la nada m\u00e1s insignificante para escarnio de una afici\u00f3n que no pod\u00eda creerse el baj\u00f3n de rendimiento de un futbolista que ahora busca la jubilaci\u00f3n.<\/p>\n<p class=\"voc-p\" style=\"\">Una vez el club gaditano se ha quitado de encima a Escalante, ahora le tocar\u00e1 llegar a un acuerdo con los otros dos descartes que a\u00fan siguen en el d\u00eda a d\u00eda como son <strong>Rub\u00e9n Sobrino y Rub\u00e9n Alcaraz.<\/strong><\/p>\n<p>Reportar un error<\/p>\n","protected":false},"excerpt":{"rendered":"Bueno, pues ya est\u00e1. Se acab\u00f3. Gonzalo Escalante, el jugador mejor pagado de la plantilla superando el mill\u00f3n&hellip;\n","protected":false},"author":2,"featured_media":82752,"comment_status":"","ping_status":"","sticky":false,"template":"","format":"standard","meta":{"footnotes":""},"categories":[268],"tags":[168,25,6014,24,280,282,1684,26671,1429,281,23,167],"class_list":{"0":"post-82751","1":"post","2":"type-post","3":"status-publish","4":"format-standard","5":"has-post-thumbnail","7":"category-futbol","8":"tag-deportes","9":"tag-es","10":"tag-escalante","11":"tag-espana","12":"tag-football","13":"tag-futbol","14":"tag-mejor","15":"tag-pagado","16":"tag-plantilla","17":"tag-soccer","18":"tag-spain","19":"tag-sports"},"share_on_mastodon":{"url":"","error":""},"_links":{"self":[{"href":"https:\/\/www.europesays.com\/es\/wp-json\/wp\/v2\/posts\/82751","targetHints":{"allow":["GET"]}}],"collection":[{"href":"https:\/\/www.europesays.com\/es\/wp-json\/wp\/v2\/posts"}],"about":[{"href":"https:\/\/www.europesays.com\/es\/wp-json\/wp\/v2\/types\/post"}],"author":[{"embeddable":true,"href":"https:\/\/www.europesays.com\/es\/wp-json\/wp\/v2\/users\/2"}],"replies":[{"embeddable":true,"href":"https:\/\/www.europesays.com\/es\/wp-json\/wp\/v2\/comments?post=82751"}],"version-history":[{"count":0,"href":"https:\/\/www.europesays.com\/es\/wp-json\/wp\/v2\/posts\/82751\/revisions"}],"wp:featuredmedia":[{"embeddable":true,"href":"https:\/\/www.europesays.com\/es\/wp-json\/wp\/v2\/media\/82752"}],"wp:attachment":[{"href":"https:\/\/www.europesays.com\/es\/wp-json\/wp\/v2\/media?parent=82751"}],"wp:term":[{"taxonomy":"category","embeddable":true,"href":"https:\/\/www.europesays.com\/es\/wp-json\/wp\/v2\/categories?post=82751"},{"taxonomy":"post_tag","embeddable":true,"href":"https:\/\/www.europesays.com\/es\/wp-json\/wp\/v2\/tags?post=82751"}],"curies":[{"name":"wp","href":"https:\/\/api.w.org\/{rel}","templated":true}]}}