{"id":82757,"date":"2025-08-30T20:50:05","date_gmt":"2025-08-30T20:50:05","guid":{"rendered":"https:\/\/www.europesays.com\/es\/82757\/"},"modified":"2025-08-30T20:50:05","modified_gmt":"2025-08-30T20:50:05","slug":"uno-de-los-proyectos-mas-esperados-de-2025-esta-a-punto-de-inaugurarse-en-londres","status":"publish","type":"post","link":"https:\/\/www.europesays.com\/es\/82757\/","title":{"rendered":"uno de los proyectos m\u00e1s esperados de 2025 est\u00e1 a punto de inaugurarse en Londres"},"content":{"rendered":"<p>Google est\u00e1 encantada con la pareja que forman Thomas Heatherwick y <a href=\"https:\/\/www.arquitecturaydiseno.es\/arquitectura\/bjarke-ingels-arquitecto-danes-que-salto-estrellato-barcelona_11243\" rel=\"nofollow noopener\" target=\"_blank\">Bjarke Ingels<\/a> (BIG). De la colaboraci\u00f3n entre ambos surgi\u00f3 el dise\u00f1o del <a href=\"https:\/\/www.arquitecturaydiseno.es\/arquitectura\/thomas-heatherwick-5-proyectos-arquitecto-que-se-apodero-londres-2012_12165\" rel=\"nofollow noopener\" target=\"_blank\">campus de Google en Mountain View,<\/a> California (2022): un cl\u00faster formado por tres edificios cuyas cubiertas recuerdan a las escamas de la piel de un drag\u00f3n. La tecnol\u00f3gica tambi\u00e9n opt\u00f3 por encargarles la nueva sede de la empresa en Londres, junto a la estaci\u00f3n de tren de King\u2019s Cross y St. Pancras International (de donde salen los trenes a Par\u00eds): <strong>uno de los proyectos m\u00e1s esperados de 2025, <\/strong>que, como hemos podido comprobar in situ, est\u00e1 a punto de caramelo.<\/p>\n<p>&#13;<img loading=\"lazy\" decoding=\"async\"   src=\"https:\/\/www.europesays.com\/es\/wp-content\/uploads\/2025\/08\/fachada-de-las-oficinas-de-google-en-kings-cross-londres_5da325f9_250827190116_1280x721.webp.webp\" alt=\"Fachada de las oficinas de Google en King's Cross, Londres\" class=\"lazyload\" width=\"1280\" height=\"721\" data-aspectratio=\"1280\/721\"\/><\/p>\n<p>Fachada de las oficinas de Google en King&#8217;s Cross, Londres<\/p>\n<p>&#13;RFB<\/p>\n<p>Si en California se pod\u00eda ser m\u00e1s creativo en lo formal \u2013los edificios est\u00e1n en un campus de unas 16 hect\u00e1reas con la bah\u00eda de San Francisco a un lado y monta\u00f1as al otro\u2013, aqu\u00ed <strong>lo fundamental era dar respuesta a c\u00f3mo encajar un edificio gigantesco en esta zona de Londres llena de edificios, donde, parad\u00f3jicamente, no hay un solo rascacielos.<\/strong> Como en Mountain View, el objetivo del equipo ha sido dise\u00f1ar espacios de trabajo flexibles, que pudieran responder a las futuras necesidades de la compa\u00f1\u00eda, pero, sobre todo, hab\u00eda que dar con un lenguaje arquitect\u00f3nico que encajara en el contexto urbano que acabamos de referir.<\/p>\n<p><a href=\"https:\/\/www.arquitecturaydiseno.es\/decoracion\/si-tuviera-casa-mas-100-anos-estos-son-elementos-que-experto-cambiaria-que-conservaria_12303\" data-ga4_event=\"custom_event\" data-ga4_event_name=\"click_intext\" data-ga4_link_url=\"https:\/\/www.arquitecturaydiseno.es\/decoracion\/si-tuviera-casa-mas-100-anos-estos-son-elementos-que-experto-cambiaria-que-conservaria_12303\" data-ga4_link_text=\"si_tuviera_una_casa_con_mas_de_100_anos_estos_son_los_elementos_que_como_experto_cambiaria_y_los_que_conservaria\" data-ga4_content_type=\"photo\" data-ga4_element=\"related\" rel=\"nofollow noopener\" target=\"_blank\">&#13;&#13;<img loading=\"lazy\" decoding=\"async\" src=\"https:\/\/www.europesays.com\/es\/wp-content\/uploads\/2025\/08\/apartamento-eixample-de-barcelona_c6b844cf_250829111500_600x600.webp.webp\" alt=\"Apartamento Eixample de Barcelona\" class=\"lazyload\" width=\"600\" height=\"600\" data-aspectratio=\"600\/600\"\/>&#13;&#13;<\/p>\n<p class=\"epigraph\">&#13;Noticia relacionada<\/p>\n<p class=\"title\">Si tuviera una casa con m\u00e1s de 100 a\u00f1os, estos son los elementos que como experto cambiar\u00eda y los que conservar\u00eda<\/p>\n<p><\/a>&#13;<img loading=\"lazy\" decoding=\"async\"   src=\"https:\/\/www.europesays.com\/es\/wp-content\/uploads\/2025\/08\/las-nuevas-oficinas-de-google-en-londres-vistas-desde-el-canal-de-regents_40b34e7a_250827190511_1280.webp\" alt=\"Las nuevas oficinas de Google en Londres vistas desde Regent's Canal\" class=\"lazyload\" width=\"1280\" height=\"2008\" data-aspectratio=\"1280\/2008\"\/><\/p>\n<p>Las nuevas oficinas de Google en Londres vistas desde Regent&#8217;s Canal<\/p>\n<p>&#13;RFB<br \/>\n Un \u2018rascasuelos\u2019 de 330 metros y 11 plantas para 7000 empleados de Google<\/p>\n<p>El estudio lo ha conseguido evitando el t\u00edpico rascacielos de oficinas. En su lugar, han optado por <strong>un edificio de 11 plantas y 330 metros de largo: un \u2018rascasuelos\u2019 que llega desde la salida de la estaci\u00f3n al canal;<\/strong> justo frente a Granary Square y la universidad Central Saint Martins.<\/p>\n<p>&#13;<img loading=\"lazy\" decoding=\"async\"   src=\"https:\/\/www.europesays.com\/es\/wp-content\/uploads\/2025\/08\/vista-de-las-nuevas-oficinas-de-google-en-kings-cross-londres_deef0c55_250827190344_1280x2123.webp.webp\" alt=\"Vista de las nuevas oficinas de Google en King's Cross, Londres\" class=\"lazyload\" width=\"1280\" height=\"2123\" data-aspectratio=\"1280\/2123\"\/><\/p>\n<p>Vista de las nuevas oficinas de Google en King&#8217;s Cross, Londres<\/p>\n<p>&#13;RFB<br \/>\n <a href=\"https:\/\/www.arquitecturaydiseno.es\/arquitectura\/muestra-museo-mas-bonito-londres-redescubre-figura-richard-rogers-a-traves-ojos-uno-sus-hijos_12242\" data-ga4_event=\"custom_event\" data-ga4_event_name=\"click_intext\" data-ga4_link_url=\"https:\/\/www.arquitecturaydiseno.es\/arquitectura\/muestra-museo-mas-bonito-londres-redescubre-figura-richard-rogers-a-traves-ojos-uno-sus-hijos_12242\" data-ga4_link_text=\"una_muestra_en_el_museo_mas_bonito_de_londres_redescubre_la_figura_de_richard_rogers_a_traves_de_los_ojos_de_uno_de_sus_hijos\" data-ga4_content_type=\"photo\" data-ga4_element=\"related\" rel=\"nofollow noopener\" target=\"_blank\">&#13;&#13;<img loading=\"lazy\" decoding=\"async\" src=\"https:\/\/www.europesays.com\/es\/wp-content\/uploads\/2025\/08\/richard-rogers-1933-2021_00000000_26cb892c_250805115056_600x600.webp.webp\" alt=\"Richard Rogers (1933-2021)\" class=\"lazyload\" width=\"600\" height=\"600\" data-aspectratio=\"600\/600\"\/>&#13;&#13;<\/p>\n<p class=\"epigraph\">&#13;Noticia relacionada<\/p>\n<p class=\"title\">Una muestra en el museo m\u00e1s bonito de Londres redescubre la figura de Richard Rogers a trav\u00e9s de los ojos de uno de sus hijos<\/p>\n<p><\/a><\/p>\n<p>En esos poco menos de 400 metros desde la salida de la estaci\u00f3n hasta el canal, se aprecia que <strong>el edificio encaja como un guante en el bulevar lleno de tiendas<\/strong> y, de paso, con otro lugar tambi\u00e9n renovado en 2018 por Thomas Heatherwick: el centro comercial Coal Drop Yards; anta\u00f1o unos enormes almacenes victorianos construidos junto a las v\u00edas del tren en plena Revoluci\u00f3n Industrial para recibir y almacenar el carb\u00f3n que llegaba del norte de Inglaterra. Adem\u00e1s, a simple vista se adivina ya su azotea ajardinada, donde habr\u00e1 una pista de atletismo para los empleados.<\/p>\n<p>&#13;<img loading=\"lazy\" decoding=\"async\"   src=\"https:\/\/www.europesays.com\/es\/wp-content\/uploads\/2025\/08\/en-la-fachada-se-han-usado-tablones-de-madera-de-accoya-un-tipo-de-madera-modificada-perfecta-para-e.webp\" alt=\"En la fachada se han usado tablones de madera de Accoya: un tipo de madera modificada perfecta para exterior\" class=\"lazyload\" width=\"1280\" height=\"1880\" data-aspectratio=\"1280\/1880\"\/><\/p>\n<p>En la fachada se han usado tablones de madera de Accoya: un tipo de madera modificada id\u00f3neo para exterior<\/p>\n<p>&#13;RFB<br \/>\n Un proyecto que contribuye a dinamizar una zona en permanente desarrollo<\/p>\n<p>Decimos que las nuevas oficinas de Google encajan perfectamente en una zona que desde la pandemia se ha desarrollado a marchas forzadas. Eso es as\u00ed porque <strong>el proyecto acierta controlando su altura y consiguiendo \u201cser lo bastante interesante a nivel del suelo\u201d,<\/strong> dejando libres las dos plantas inferiores para que haya espacios m\u00e1s peque\u00f1os (tiendas, restaurantes, etc.) que sigan dinamizando un lugar poco recomendable hasta hace m\u00e1s o menos una d\u00e9cada, pero que hoy resulta atractivo a turistas y vecinos de barrios cercanos, como Islington, Camden o Angel.<\/p>\n","protected":false},"excerpt":{"rendered":"Google est\u00e1 encantada con la pareja que forman Thomas Heatherwick y Bjarke Ingels (BIG). De la colaboraci\u00f3n entre&hellip;\n","protected":false},"author":2,"featured_media":82758,"comment_status":"","ping_status":"","sticky":false,"template":"","format":"standard","meta":{"footnotes":""},"categories":[173],"tags":[229,233,231,230,232,234,146,147,25,24,23],"class_list":{"0":"post-82757","1":"post","2":"type-post","3":"status-publish","4":"format-standard","5":"has-post-thumbnail","7":"category-arte-y-diseno","8":"tag-arte","9":"tag-arte-y-diseno","10":"tag-arts","11":"tag-arts-and-design","12":"tag-design","13":"tag-diseno","14":"tag-entertainment","15":"tag-entretenimiento","16":"tag-es","17":"tag-espana","18":"tag-spain"},"share_on_mastodon":{"url":"","error":""},"_links":{"self":[{"href":"https:\/\/www.europesays.com\/es\/wp-json\/wp\/v2\/posts\/82757","targetHints":{"allow":["GET"]}}],"collection":[{"href":"https:\/\/www.europesays.com\/es\/wp-json\/wp\/v2\/posts"}],"about":[{"href":"https:\/\/www.europesays.com\/es\/wp-json\/wp\/v2\/types\/post"}],"author":[{"embeddable":true,"href":"https:\/\/www.europesays.com\/es\/wp-json\/wp\/v2\/users\/2"}],"replies":[{"embeddable":true,"href":"https:\/\/www.europesays.com\/es\/wp-json\/wp\/v2\/comments?post=82757"}],"version-history":[{"count":0,"href":"https:\/\/www.europesays.com\/es\/wp-json\/wp\/v2\/posts\/82757\/revisions"}],"wp:featuredmedia":[{"embeddable":true,"href":"https:\/\/www.europesays.com\/es\/wp-json\/wp\/v2\/media\/82758"}],"wp:attachment":[{"href":"https:\/\/www.europesays.com\/es\/wp-json\/wp\/v2\/media?parent=82757"}],"wp:term":[{"taxonomy":"category","embeddable":true,"href":"https:\/\/www.europesays.com\/es\/wp-json\/wp\/v2\/categories?post=82757"},{"taxonomy":"post_tag","embeddable":true,"href":"https:\/\/www.europesays.com\/es\/wp-json\/wp\/v2\/tags?post=82757"}],"curies":[{"name":"wp","href":"https:\/\/api.w.org\/{rel}","templated":true}]}}