{"id":82761,"date":"2025-08-30T20:53:03","date_gmt":"2025-08-30T20:53:03","guid":{"rendered":"https:\/\/www.europesays.com\/es\/82761\/"},"modified":"2025-08-30T20:53:03","modified_gmt":"2025-08-30T20:53:03","slug":"que-te-jodan-perra-gorda","status":"publish","type":"post","link":"https:\/\/www.europesays.com\/es\/82761\/","title":{"rendered":"Que te jodan perra gorda"},"content":{"rendered":"<p class=\"L6-news-detail__text\">La cantante <b><a title=\"Cardi B\" href=\"https:\/\/www.lasexta.com\/programas\/arusitys\/cardi-acusada-jugar-despiste-pelucas-juicio-presunta-agresion-trabajadora_2025082968b16411fb354e4b3d2525a3.html\" target=\"_blank\" rel=\"nofollow noopener\">Cardi B<\/a><\/b> se ha convertido en una de las raperas m\u00e1s influyentes y escuchadas de los \u00faltimos a\u00f1os, pero no solo es conocida por su m\u00fasica. La neoyorquina, que no deja indiferente a nadie, ha protagonizado <b>diferentes pol\u00e9micas<\/b>, entre las que se encuentra su juicio por la supuesta agresi\u00f3n a una trabajadora y exguardia de seguridad en 2018.<\/p>\n<p class=\"L6-news-detail__text\">La artista acudi\u00f3 al m\u00e9dico en una visita rutinaria para hacerse un chequeo m\u00e9dico cuando estaba embarazada. Sin embargo, la cita m\u00e9dica acab\u00f3 con un acontecimiento de lo m\u00e1s surrealista cuando surgi\u00f3 un <b>altercado con la guardia<\/b> de seguridad del centro sanitario.<\/p>\n<p class=\"L6-news-detail__text\">Seg\u00fan la agente, Emani Ellis, Cardi B le habr\u00eda <b>insultado, escupido y hasta ara\u00f1ado<\/b> con sus u\u00f1as. Adem\u00e1s, ha declarado que tuvo que someterse a operaciones est\u00e9ticas por las heridas y que dej\u00f3 el trabajo por el trauma que le hab\u00eda ocasionado.<\/p>\n<p class=\"L6-news-detail__text\">Por este motivo, Ellis denunci\u00f3 a la cantante y le ha exigido una indemnizaci\u00f3n de <b>24 millones de d\u00f3lares<\/b>. Por su parte, la rapera niega los hechos y sostiene que fue ella la que se sinti\u00f3 acosada tras ser perseguida y grabada sin su consentimiento por la guardia de seguridad.<\/p>\n<p>\u00abTe voy a patear el culo\u00bb<\/p>\n<p class=\"L6-news-detail__text\">Como cab\u00eda esperar, el juicio que enfrenta la tambi\u00e9n actriz no pod\u00eda ser menos impactante que el suceso y esta ha vestido sorprendentes looks e incluso pelucas en cada una de las tres sesiones. Durante la vista, la jueza pregunt\u00f3 a la compositora diferentes hechos que narra la denunciante: \u00ab\u00bfLa llamaste gorda?\u00bb, algo a lo que contest\u00f3 \u00ab<b>No, la estaba llamando perra<\/b>\u00ab. \u00abLe dije &#8216;zorra aparta de mi vista, \u00bfpor qu\u00e9 me grabas?, \u00bfno eres de seguridad?'\u00bb, a\u00f1adi\u00f3.<\/p>\n<p class=\"L6-news-detail__text\">Asimismo, asegur\u00f3 que sus u\u00f1as \u00abestaban <b>en perfectas condiciones<\/b>\u00bb tras el incidente: \u00abLo primero que le dije fue &#8216;\u00bfqu\u00e9 cojones haces? Vuelve a tu puesto\u00bb. Mientras, habl\u00f3 sobre c\u00f3mo iba vestida y revel\u00f3 que llevaba puestos unos zapatos \u00abfeos y planos\u00bb.<\/p>\n<p class=\"L6-news-detail__text\">\u00abElla ten\u00eda el <b>peso de alguien de seguridad<\/b>. Ella es un poco&#8230; como para proteger un edificio\u00bb, indic\u00f3 ante la sorpresa del magistrado y los presentes. Por su parte, la exagente destaca que la rapera le puso las u\u00f1as \u00abde dos o tres pulgadas en la cara\u00bb y que empez\u00f3 a increparla: \u00abMe dijo &#8216;que te jodan perra gorda, te voy a patear el culo'\u00bb.<\/p>\n<p class=\"L6-news-detail__text\">La oleada de memes por sus <b>looks, declaraciones<\/b> y por la historia en s\u00ed misma ha causado un fen\u00f3meno mundial y por lo que parece no dejar\u00e1 de sorprendernos.<\/p>\n<p class=\"L6-support-news-video__title\">En Lido<\/p>\n<p>            <a href=\"https:\/\/www.lasexta.com\/noticias\/internacional\/miles-personas-protestan-festival-venecia-genocidio-israel-gaza_2025083068b336326dcbcd3be248168a.html\" class=\"L6-news__link\" rel=\"nofollow noopener\" target=\"_blank\"><br \/>\n                Miles de personas protestan en el Festival de Venecia contra el \u00abgenocidio\u00bb de Israel en Gaza<\/p>\n<p class=\"recirculation-video-desc\">\u00bfQu\u00e9 ha pasado? Seg\u00fan los organizadores, unas 5.000 personas se han reunido en la isla portando banderas palestinas y pancartas como &#8216;Stop al genocidio&#8217; y &#8216;No podr\u00e9is ocultarlo&#8217;. Buscan denunciar la guerra de Gaza aprovechando la atenci\u00f3n medi\u00e1tica del festival.<\/p>\n<p>            <\/a><\/p>\n","protected":false},"excerpt":{"rendered":"La cantante Cardi B se ha convertido en una de las raperas m\u00e1s influyentes y escuchadas de los&hellip;\n","protected":false},"author":2,"featured_media":82762,"comment_status":"","ping_status":"","sticky":false,"template":"","format":"standard","meta":{"footnotes":""},"categories":[170],"tags":[146,147,25,24,184,185,23],"class_list":{"0":"post-82761","1":"post","2":"type-post","3":"status-publish","4":"format-standard","5":"has-post-thumbnail","7":"category-musica","8":"tag-entertainment","9":"tag-entretenimiento","10":"tag-es","11":"tag-espana","12":"tag-music","13":"tag-musica","14":"tag-spain"},"share_on_mastodon":{"url":"","error":""},"_links":{"self":[{"href":"https:\/\/www.europesays.com\/es\/wp-json\/wp\/v2\/posts\/82761","targetHints":{"allow":["GET"]}}],"collection":[{"href":"https:\/\/www.europesays.com\/es\/wp-json\/wp\/v2\/posts"}],"about":[{"href":"https:\/\/www.europesays.com\/es\/wp-json\/wp\/v2\/types\/post"}],"author":[{"embeddable":true,"href":"https:\/\/www.europesays.com\/es\/wp-json\/wp\/v2\/users\/2"}],"replies":[{"embeddable":true,"href":"https:\/\/www.europesays.com\/es\/wp-json\/wp\/v2\/comments?post=82761"}],"version-history":[{"count":0,"href":"https:\/\/www.europesays.com\/es\/wp-json\/wp\/v2\/posts\/82761\/revisions"}],"wp:featuredmedia":[{"embeddable":true,"href":"https:\/\/www.europesays.com\/es\/wp-json\/wp\/v2\/media\/82762"}],"wp:attachment":[{"href":"https:\/\/www.europesays.com\/es\/wp-json\/wp\/v2\/media?parent=82761"}],"wp:term":[{"taxonomy":"category","embeddable":true,"href":"https:\/\/www.europesays.com\/es\/wp-json\/wp\/v2\/categories?post=82761"},{"taxonomy":"post_tag","embeddable":true,"href":"https:\/\/www.europesays.com\/es\/wp-json\/wp\/v2\/tags?post=82761"}],"curies":[{"name":"wp","href":"https:\/\/api.w.org\/{rel}","templated":true}]}}