{"id":82768,"date":"2025-08-30T20:57:08","date_gmt":"2025-08-30T20:57:08","guid":{"rendered":"https:\/\/www.europesays.com\/es\/82768\/"},"modified":"2025-08-30T20:57:08","modified_gmt":"2025-08-30T20:57:08","slug":"y-entonces-julia-abrazo-a-danny-la-foto-mas-romantica-del-festival-de-venecia-2025","status":"publish","type":"post","link":"https:\/\/www.europesays.com\/es\/82768\/","title":{"rendered":"Y entonces Julia abraz\u00f3 a Danny: la foto m\u00e1s rom\u00e1ntica del Festival de Venecia 2025"},"content":{"rendered":"<p class=\"has-dropcap\">Todo el amor entre <a href=\"https:\/\/www.revistavanityfair.es\/articulos\/julia-roberts-en-el-festival-de-venecia-2025-con-after-the-hunt-desafiamos-al-publico\" rel=\"nofollow noopener\" target=\"_blank\"><strong>Julia Roberts<\/strong><\/a> e <a href=\"https:\/\/www.vanityfair.it\/article\/julia-roberts-festival-venezia-2025-prima-volta-carriera-matrimonio-danny-moder\" rel=\"nofollow noopener\" target=\"_blank\"><strong>Daniel Moder<\/strong><\/a> concentrado en una imagen. La llegada m\u00e1s rom\u00e1ntica, hasta ahora, al <a href=\"https:\/\/www.vanityfair.it\/gallery\/festival-cinema-di-venezia-2025-julia-roberts-look-outfit-abiti-versace-guadagnino-mostra\" rel=\"nofollow noopener\" target=\"_blank\">Festival de Cine de Venecia 2025<\/a>. La actriz estadounidense la public\u00f3 de su regreso en barco a la laguna veneciana tras el estreno de <a href=\"https:\/\/www.revistavanityfair.es\/articulos\/julia-roberts-aparece-en-el-festival-de-venecia-2025-por-primera-vez-en-su-carrera\" rel=\"nofollow noopener\" target=\"_blank\">Tras la caza, de Luca Guadagnino<\/a>, que protagoniza junto a Andrew Garfield y Chloe Sevigny. Tumbada, con los pies descalzos y con la cabeza sobre el pecho de su marido que la abraza. A su alrededor ya no hay flashes ni preguntas de los periodistas ni aplausos ni comentarios ni miradas hacia ella. S\u00f3lo est\u00e1n ellos y el silencio de un d\u00eda que llega a su fin.<\/p>\n<p>Instagram content<\/p>\n<p>This content can also be viewed on the site it <a href=\"https:\/\/www.instagram.com\/p\/DN9NOHjjEPA\" target=\"_blank\" rel=\"nofollow noreferrer noopener\" aria-label=\"Opens in a new window\" class=\"BaseWrap-sc-gzmcOU BaseText-eqOrNE BaseLink-eTpkqh ConsentBannerLink-dEGWLe deqABF cPEMFS upmqy\">originates<\/a> from.<\/p>\n<p>Del clamor de los focos a la quietud de un abrazo, as\u00ed es como <a href=\"https:\/\/www.revistavanityfair.es\/articulos\/julia-roberts-discurso-homenaje-premios-cesar\" rel=\"nofollow noopener\" target=\"_blank\">Julia Roberts, icono de Hollywood<\/a>, encuentra en su compa\u00f1ero de vida desde hace m\u00e1s de veinte a\u00f1os (llevan 23 casados), ese lugar seguro al que volver siempre, lejos del bullicio de los plat\u00f3s y de las abarrotadas alfombras rojas. As\u00ed, la diva mundial se convierte una vez m\u00e1s y con un sencillo gesto en la mujer que m\u00e1s se parece a todas nosotras; esa que, incluso desde la cima del Olimpo, busca al fin y al cabo un simple gesto de verdad: un abrazo.<\/p>\n<p>La instant\u00e1nea publicada por la actriz estadounidense es una imagen poco frecuente. De hecho, tanto ella como Moder <a href=\"https:\/\/www.revistavanityfair.es\/articulos\/julia-roberts-hace-una-excepcion-a-su-hermetismo-familiar-por-el-18-cumpleanos-de-su-hijo-henry\" rel=\"nofollow noopener\" target=\"_blank\">son muy celosos con su vida privada<\/a> y no suelen compartir demasiados detalles o momentos de su vida en com\u00fan en las <a href=\"https:\/\/www.revistavanityfair.es\/articulos\/julia-roberts-foto-hijos-marido-danny-moder\" rel=\"nofollow noopener\" target=\"_blank\">redes sociales<\/a>. Juntos desde el a\u00f1o 2000, cuando se conocieron en el rodaje de The Mexican, surgi\u00f3 el amor a primera vista y ambos rompieron sus respectivas relaciones: ella con Benjamin Bratt y \u00e9l con la maquilladora argentina Vera Steimberg. A pesar de que muchos le acusaron inmediatamente de haberse enamorado por conveniencia la vida respondi\u00f3 con hechos: \u00ab<strong><a href=\"https:\/\/www.vanityfair.it\/article\/julia-roberts-festival-venezia-2025-prima-volta-carriera-matrimonio-danny-moder\" rel=\"nofollow noopener\" target=\"_blank\">Uno no se casa con trabajos, se casa con personas.<\/a>.<\/strong> Puede sonar a t\u00f3pico y lo he dicho mil veces pero creo que, b\u00e1sicamente, soy la misma persona sencilla que siempre he sido\u00bb, declar\u00f3 Roberts a Oprah Winfrey tras su boda con Moder el 4 de julio de 2002.<\/p>\n<p><script async src=\"\/\/www.instagram.com\/embed.js\"><\/script><\/p>\n","protected":false},"excerpt":{"rendered":"Todo el amor entre Julia Roberts e Daniel Moder concentrado en una imagen. La llegada m\u00e1s rom\u00e1ntica, hasta&hellip;\n","protected":false},"author":2,"featured_media":82769,"comment_status":"","ping_status":"","sticky":false,"template":"","format":"standard","meta":{"footnotes":""},"categories":[91],"tags":[146,147,25,24,29533,29452,23],"class_list":{"0":"post-82768","1":"post","2":"type-post","3":"status-publish","4":"format-standard","5":"has-post-thumbnail","7":"category-entretenimiento","8":"tag-entertainment","9":"tag-entretenimiento","10":"tag-es","11":"tag-espana","12":"tag-julia-roberts","13":"tag-mostra-venecia","14":"tag-spain"},"share_on_mastodon":{"url":"","error":""},"_links":{"self":[{"href":"https:\/\/www.europesays.com\/es\/wp-json\/wp\/v2\/posts\/82768","targetHints":{"allow":["GET"]}}],"collection":[{"href":"https:\/\/www.europesays.com\/es\/wp-json\/wp\/v2\/posts"}],"about":[{"href":"https:\/\/www.europesays.com\/es\/wp-json\/wp\/v2\/types\/post"}],"author":[{"embeddable":true,"href":"https:\/\/www.europesays.com\/es\/wp-json\/wp\/v2\/users\/2"}],"replies":[{"embeddable":true,"href":"https:\/\/www.europesays.com\/es\/wp-json\/wp\/v2\/comments?post=82768"}],"version-history":[{"count":0,"href":"https:\/\/www.europesays.com\/es\/wp-json\/wp\/v2\/posts\/82768\/revisions"}],"wp:featuredmedia":[{"embeddable":true,"href":"https:\/\/www.europesays.com\/es\/wp-json\/wp\/v2\/media\/82769"}],"wp:attachment":[{"href":"https:\/\/www.europesays.com\/es\/wp-json\/wp\/v2\/media?parent=82768"}],"wp:term":[{"taxonomy":"category","embeddable":true,"href":"https:\/\/www.europesays.com\/es\/wp-json\/wp\/v2\/categories?post=82768"},{"taxonomy":"post_tag","embeddable":true,"href":"https:\/\/www.europesays.com\/es\/wp-json\/wp\/v2\/tags?post=82768"}],"curies":[{"name":"wp","href":"https:\/\/api.w.org\/{rel}","templated":true}]}}