{"id":82782,"date":"2025-08-30T21:08:16","date_gmt":"2025-08-30T21:08:16","guid":{"rendered":"https:\/\/www.europesays.com\/es\/82782\/"},"modified":"2025-08-30T21:08:16","modified_gmt":"2025-08-30T21:08:16","slug":"hora-perfil-recorrido-y-donde-ver-gratis-por-tv-y-online","status":"publish","type":"post","link":"https:\/\/www.europesays.com\/es\/82782\/","title":{"rendered":"hora, perfil, recorrido y d\u00f3nde ver gratis por TV y online"},"content":{"rendered":"<p class=\"ft-text\">La <strong>Vuelta a Espa\u00f1a 2025<\/strong> llega al final de su primera semana de competici\u00f3n este<strong> domingo 31 de agosto<\/strong> con la disputa su novena etapa, que partir\u00e1 desde <strong>Alfaro <\/strong>para finalizar en lo alto de la <strong>estaci\u00f3n de esqu\u00ed de Valdezcaray<\/strong>.<\/p>\n<p class=\"ft-text\">Despu\u00e9s de una jornada de transici\u00f3n, los aspirantes al maillot rojo se encuentran con una \u00faltima oportunidad de ara\u00f1ar segundos en la general antes del primer d\u00eda de descanso. Con <strong>195,5 kil\u00f3metros<\/strong> de recorrido y un desnivel positivo de <strong>3.311 metros<\/strong>, la ronda espa\u00f1ola da paso una nueva con <strong>final en alto<\/strong> compuesta por <strong>un \u00fanico puerto categorizado<\/strong>.<\/p>\n<p class=\"ft-text\">M\u00e1s all\u00e1 de su extenso kil\u00f3metraje, el recorrido de la <strong>etapa 9<\/strong> de la Vuelta a Espa\u00f1a no presenta especiales dificultades para el pelot\u00f3n, aunque los m\u00e1s valientes podr\u00e1n probar con una <strong>escapada <\/strong>temprana. Qui\u00e9n consiga abrir una buena brecha tendr\u00e1 muchos n\u00fameros de apuntarse la victoria, aunque ser\u00e1 la ascensi\u00f3n final a la <strong>estaci\u00f3n de esqu\u00ed de Valdezcaray (1\u00aa categor\u00eda)<\/strong> qui\u00e9n dicte sentencia.Te contamos a qu\u00e9 hora empieza, cu\u00e1l es la hora de llegada estimada y d\u00f3nde ver la la <strong>etapa 9 <\/strong>de la <strong>Vuelta a Espa\u00f1a 2025<\/strong> por televisi\u00f3n y online.<\/p>\n<p>\u00bfCu\u00e1l es el perfil de la etapa 9 de la Vuelta a Espa\u00f1a 2025?<img decoding=\"async\" src=\"https:\/\/www.europesays.com\/es\/wp-content\/uploads\/2025\/08\/32f00182-8e75-4d38-bc66-8f21a3106aa4_alta-libre-aspect-ratio_default_0.jpg\" width=\"1200\" height=\"675\" alt=\"El perfil de la etapa 9 de la Vuelta a Espa\u00f1a\" class=\"ft-helper-img-rd\" loading=\"lazy\" hasdataaida=\"true\"\/><\/p>\n<p class=\"ft-helper-fontColor-quaternary ft-helper-fontSize-body-S ft-helper-spacer-t-xxs\">El perfil de la etapa 9 de la Vuelta a Espa\u00f1a  \/ La Vuelta<\/p>\n<p>\u00bfA qu\u00e9 hora empieza la etapa 9 de la Vuelta a Espa\u00f1a 2025?<\/p>\n<ul class=\"ft-list ft-list--primary\" data-aida-text=\"\">\n<li class=\"ft-list__item\"><strong>Horario de salida<\/strong>: 12:20 horas (CET).<\/li>\n<li class=\"ft-list__item\"><strong>Horario aproximado de llegada<\/strong>: 17:16 horas (CET).<\/li>\n<\/ul>\n<p>\u00bfD\u00f3nde ver gratis por TV la etapa 9 de la Vuelta a Espa\u00f1a 2025?<\/p>\n<p class=\"ft-text\">En Espa\u00f1a, cada una de las 21 etapas que componen la Vuelta a Espa\u00f1a 2025 se podr\u00e1n ver <strong>gratis <\/strong>y <strong>en abierto<\/strong> a trav\u00e9s de los diferentes canales de <strong>RTVE (La 1, La 2, Teledeporte y RTVE Play)<\/strong>.<\/p>\n<p class=\"ft-text\">Otra opci\u00f3n alternativa para seguir La Vuelta online y en streaming son las plataformas de pago <strong>Eurosport <\/strong>y <strong>Max<\/strong>, habituales en todo tipo de coberturas ciclistas. La retransmisi\u00f3n televisiva correr\u00e1 al cargo de los canales <strong>Eurosport 1 y 2<\/strong>.<\/p>\n<p class=\"ft-text\">Desde\u00a0<strong>SPORT<\/strong>, te contamos todo lo que suceda en cada una de las 21 etapas de la Vuelta a Espa\u00f1a 2025 con el mejor resumen, todas las clasificaciones actualizadas y las reacciones de los protagonistas.<\/p>\n","protected":false},"excerpt":{"rendered":"La Vuelta a Espa\u00f1a 2025 llega al final de su primera semana de competici\u00f3n este domingo 31 de&hellip;\n","protected":false},"author":2,"featured_media":82783,"comment_status":"","ping_status":"","sticky":false,"template":"","format":"standard","meta":{"footnotes":""},"categories":[273],"tags":[45,313,312,168,25,24,314,319,315,318,1786,23,167,214,1357],"class_list":{"0":"post-82782","1":"post","2":"type-post","3":"status-publish","4":"format-standard","5":"has-post-thumbnail","7":"category-ciclismo","8":"tag-45","9":"tag-ciclismo","10":"tag-cycling","11":"tag-deportes","12":"tag-es","13":"tag-espana","14":"tag-etapa","15":"tag-horario","16":"tag-hoy","17":"tag-perfil","18":"tag-recorrido","19":"tag-spain","20":"tag-sports","21":"tag-tv","22":"tag-vuelta"},"share_on_mastodon":{"url":"","error":""},"_links":{"self":[{"href":"https:\/\/www.europesays.com\/es\/wp-json\/wp\/v2\/posts\/82782","targetHints":{"allow":["GET"]}}],"collection":[{"href":"https:\/\/www.europesays.com\/es\/wp-json\/wp\/v2\/posts"}],"about":[{"href":"https:\/\/www.europesays.com\/es\/wp-json\/wp\/v2\/types\/post"}],"author":[{"embeddable":true,"href":"https:\/\/www.europesays.com\/es\/wp-json\/wp\/v2\/users\/2"}],"replies":[{"embeddable":true,"href":"https:\/\/www.europesays.com\/es\/wp-json\/wp\/v2\/comments?post=82782"}],"version-history":[{"count":0,"href":"https:\/\/www.europesays.com\/es\/wp-json\/wp\/v2\/posts\/82782\/revisions"}],"wp:featuredmedia":[{"embeddable":true,"href":"https:\/\/www.europesays.com\/es\/wp-json\/wp\/v2\/media\/82783"}],"wp:attachment":[{"href":"https:\/\/www.europesays.com\/es\/wp-json\/wp\/v2\/media?parent=82782"}],"wp:term":[{"taxonomy":"category","embeddable":true,"href":"https:\/\/www.europesays.com\/es\/wp-json\/wp\/v2\/categories?post=82782"},{"taxonomy":"post_tag","embeddable":true,"href":"https:\/\/www.europesays.com\/es\/wp-json\/wp\/v2\/tags?post=82782"}],"curies":[{"name":"wp","href":"https:\/\/api.w.org\/{rel}","templated":true}]}}