{"id":82814,"date":"2025-08-30T21:35:14","date_gmt":"2025-08-30T21:35:14","guid":{"rendered":"https:\/\/www.europesays.com\/es\/82814\/"},"modified":"2025-08-30T21:35:14","modified_gmt":"2025-08-30T21:35:14","slug":"khabib-senala-el-camino-a-makhachev-y-sus-mayores-rivales-en-el-peso-welter","status":"publish","type":"post","link":"https:\/\/www.europesays.com\/es\/82814\/","title":{"rendered":"Khabib se\u00f1ala el camino a Makhachev&#8230; y sus mayores rivales en el peso w\u00e9lter"},"content":{"rendered":"<p data-mrf-recirculation=\"Links P\u00e1rrafos\" class=\"ue-c-article__paragraph paragraph ue-c-article--first-letter-highlighted\">Islam Makhachev (27-1) tendr\u00e1 la oportunidad de ser <strong>doble campe\u00f3n <\/strong>de la UFC en el <strong>UFC 322<\/strong> que se celebrar\u00e1 en el Madison Square Garden -Nueva York- el 15 de noviembre. Tras conseguir el cintur\u00f3n de peso ligero y defenderlo hasta en tres ocasiones, el peleador daguestan\u00ed lo dej\u00f3 vacante y se enfrentar\u00e1 a <strong>Jack Della Maddalena<\/strong> (18-2) por el de peso w\u00e9lter. <strong>Khabib Nurmagomedov<\/strong>, leyenda de la compa\u00f1\u00eda, ha analizado los <strong>mayores peligros<\/strong> que tendr\u00e1 su mejor amigo en esta nueva aventura.<\/p>\n<p data-mrf-recirculation=\"Links P\u00e1rrafos\" class=\"ue-c-article__paragraph paragraph\">Tras la <strong>muerte<\/strong> de su padre Abdulmanap, el ex campe\u00f3n de peso ligero de la UFC se retir\u00f3 y tom\u00f3 su papel de <strong>mentor<\/strong> para la mayor\u00eda de peleadores de la regi\u00f3n de Daguest\u00e1n.En una entrevista con <strong>Kamil Gadzhiyev,<\/strong> &#8216;The Eagle&#8217; confes\u00f3 los que para \u00e9l son los peleadores m\u00e1s peligrosos de las 170 libras, as\u00ed como aquellos que tienen <strong>mucho nombre<\/strong> pero por una cuesti\u00f3n de estilo no supondr\u00edan tanto peligro para Makhachev.\u00a0<\/p>\n<p data-mrf-recirculation=\"Links P\u00e1rrafos\" class=\"ue-c-article__paragraph paragraph\">\u00abEn la divisi\u00f3n de peso w\u00e9lter, veo a <strong>Shavkat Rakhmonov<\/strong> como alguien que inspira respeto y supone un<strong> riesgo real.<\/strong> Shavkat, Belal&#8230; A <strong>Ian Garry<\/strong> no lo considerar\u00eda una amenaza tan seria, y a<strong> Sean Brady <\/strong>tampoco le veo como una gran amenaza. Estil\u00edsticamente,<strong> le conviene <\/strong>demasiado a Islam. Islam lo superar\u00eda en ataque, y si van al suelo <strong>lo controlar\u00eda\u00bb<\/strong>, sentenci\u00f3.<\/p>\n<p data-mrf-recirculation=\"Links P\u00e1rrafos\" class=\"ue-c-article__paragraph paragraph\">Estan palabras hay que<strong> cogerlas con pinzas<\/strong>, ya que existe la posibilidad de que Makhachev pierda contra Jack Della Maddalena, lo que le dejar\u00eda en una <strong>dif\u00edcil posici\u00f3n<\/strong>. El peso w\u00e9lter es una categor\u00eda llena de talentos a las puertas de la <strong>oportunidad titular,<\/strong> por lo que si no consigue vencer al australiano lo m\u00e1s sensato ser\u00eda volver a<strong> bajar a peso ligero<\/strong> si quiere seguir participando en peleas de t\u00edtulo.<\/p>\n<p><img decoding=\"async\" width=\"3000\" height=\"2000\" class=\"ue-c-article__image lazyload\" alt=\"Rakhmonov en su combate ante Thompson.\" loading=\"lazy\" src=\"https:\/\/www.europesays.com\/es\/wp-content\/uploads\/2025\/08\/674f56a46a186.jpeg\"\/><\/p>\n<p>Rakhmonov en su combate ante Thompson.GETTY IMAGES<\/p>\n<p>Rakhmonov, el rey sin corona<\/p>\n<p data-mrf-recirculation=\"Links P\u00e1rrafos\" class=\"ue-c-article__paragraph paragraph\">Las declaraciones de Khabib sobre las mayores amenazas que encontrar\u00e1 Makhachev tienen <strong>dos vertientes<\/strong>. Por un lado habla de <strong>Belal Muhammad <\/strong>como gran amenaza, pero la realidad es que todo el equipo de &#8216;The Eagle&#8217; mantiene una<strong> gran relaci\u00f3n<\/strong> con el ex campe\u00f3n de peso w\u00e9lter. De hecho, Makhachev se lleg\u00f3 a plantear<strong> no subir <\/strong>de categor\u00eda si el palestino segu\u00eda siendo el monarca, pero <strong>perdi\u00f3 el cintur\u00f3n<\/strong> ante Della Maddalena el pasado UFC 315.<strong> Pocos minutos despu\u00e9s<\/strong>, Islam anunci\u00f3 su decisi\u00f3n.\u00a0<\/p>\n<p data-mrf-recirculation=\"Links P\u00e1rrafos\" class=\"ue-c-article__paragraph paragraph\">Por el otro lado est\u00e1 Shavkat Rakhmonov, el considerado <strong>rey sin corona<\/strong> de esta divisi\u00f3n. El peleador kazajo es, para muchos, el peleador <strong>m\u00e1s talentoso<\/strong> de la divisi\u00f3n, pero las<strong> lesiones <\/strong>han jugado un papel fundamental en su carrera recientemente. El pasado diciembre, &#8216;El N\u00f3mada&#8217; se iba a enfrentar a Belal por el cintur\u00f3n, pero el palestino tuvo un <strong>contratiempo<\/strong> y Rakhmonov acab\u00f3 venciendo a Ian Garry. Para el pasado UFC 315 ocurri\u00f3 la <strong>situaci\u00f3n opuesta<\/strong>, y fue Shavkat el que no pudo enfrentarse al palestino por una lesi\u00f3n.\u00a0<\/p>\n<p data-mrf-recirculation=\"Links P\u00e1rrafos\" class=\"ue-c-article__paragraph paragraph\">Al final fue Della Maddalena el <strong>reemplazo<\/strong> de Rakhmonov, y el nuevo campe\u00f3n del peso w\u00e9lter. Mientras Rakhmonov <strong>se recupera<\/strong> y el resto de los contendientes esperan su momento, ser\u00e1 Makhachev el que suba de categor\u00eda para medirse al australiano. Es una<strong> inc\u00f3gnita<\/strong> el desempe\u00f1o del daguestan\u00ed en una categor\u00eda en la que hay peleadores muy <strong>grandes y completos<\/strong>, que podr\u00edan anular sus habilidades en el striking, y sobre todo en el <strong>grappling.<\/strong><\/p>\n","protected":false},"excerpt":{"rendered":"Islam Makhachev (27-1) tendr\u00e1 la oportunidad de ser doble campe\u00f3n de la UFC en el UFC 322 que&hellip;\n","protected":false},"author":2,"featured_media":82815,"comment_status":"","ping_status":"","sticky":false,"template":"","format":"standard","meta":{"footnotes":""},"categories":[276],"tags":[168,25,24,23,167,343],"class_list":{"0":"post-82814","1":"post","2":"type-post","3":"status-publish","4":"format-standard","5":"has-post-thumbnail","7":"category-ufc","8":"tag-deportes","9":"tag-es","10":"tag-espana","11":"tag-spain","12":"tag-sports","13":"tag-ufc"},"share_on_mastodon":{"url":"","error":""},"_links":{"self":[{"href":"https:\/\/www.europesays.com\/es\/wp-json\/wp\/v2\/posts\/82814","targetHints":{"allow":["GET"]}}],"collection":[{"href":"https:\/\/www.europesays.com\/es\/wp-json\/wp\/v2\/posts"}],"about":[{"href":"https:\/\/www.europesays.com\/es\/wp-json\/wp\/v2\/types\/post"}],"author":[{"embeddable":true,"href":"https:\/\/www.europesays.com\/es\/wp-json\/wp\/v2\/users\/2"}],"replies":[{"embeddable":true,"href":"https:\/\/www.europesays.com\/es\/wp-json\/wp\/v2\/comments?post=82814"}],"version-history":[{"count":0,"href":"https:\/\/www.europesays.com\/es\/wp-json\/wp\/v2\/posts\/82814\/revisions"}],"wp:featuredmedia":[{"embeddable":true,"href":"https:\/\/www.europesays.com\/es\/wp-json\/wp\/v2\/media\/82815"}],"wp:attachment":[{"href":"https:\/\/www.europesays.com\/es\/wp-json\/wp\/v2\/media?parent=82814"}],"wp:term":[{"taxonomy":"category","embeddable":true,"href":"https:\/\/www.europesays.com\/es\/wp-json\/wp\/v2\/categories?post=82814"},{"taxonomy":"post_tag","embeddable":true,"href":"https:\/\/www.europesays.com\/es\/wp-json\/wp\/v2\/tags?post=82814"}],"curies":[{"name":"wp","href":"https:\/\/api.w.org\/{rel}","templated":true}]}}