{"id":82868,"date":"2025-08-30T22:15:12","date_gmt":"2025-08-30T22:15:12","guid":{"rendered":"https:\/\/www.europesays.com\/es\/82868\/"},"modified":"2025-08-30T22:15:12","modified_gmt":"2025-08-30T22:15:12","slug":"madrid-trabaja-30-08-2025","status":"publish","type":"post","link":"https:\/\/www.europesays.com\/es\/82868\/","title":{"rendered":"Madrid Trabaja 30.08.2025"},"content":{"rendered":"<p class=\"mce\">Este s\u00e1bado 30 de agosto, Madrid Trabaja volvi\u00f3 a abrir su ventana al empleo con un programa cargado de oportunidades y consejos pr\u00e1cticos para afrontar el mercado laboral.<\/p>\n<p class=\"mce\">En primer lugar, respondimos a las dudas de nuestros espectadores con la ayuda de los asesores del SEPE y de la abogada laboralista <strong class=\"mce\">Ana G\u00f3mez, presidenta de <a data-content-id=\"\" href=\"https:\/\/www.asnala.com\/\" text=\"ASNALA\" title=\"\" target=\"_blank\" rel=\"noopener nofollow\" class=\"mceNonEditable mce\">ASNALA<\/a>.<\/strong><\/p>\n<p class=\"mce\">Esta semana abordamos consultas muy \u00fatiles, como si la demanda de empleo se reactiva autom\u00e1ticamente tras haber trabajado menos de 180 d\u00edas o si al trabajador se le puede descontar de la n\u00f3mina una deuda econ\u00f3mica que tiene con su empresa.<\/p>\n<p class=\"mce\">Con nuestra <strong class=\"mce\">orientadora laboral, Nuria Mor\u00e1n<\/strong>, descubrimos en qu\u00e9 consisten las ofertas de empleo ocultas, cu\u00e1les son y c\u00f3mo acceder a ellas.<\/p>\n<p class=\"mce\">De la mano de <strong class=\"mce\">Iria Guzm\u00e1n<\/strong>, conocemos qu\u00e9 es <a data-content-id=\"\" href=\"https:\/\/nortejoven.org\/\" text=\"Norte Joven\" title=\"\" target=\"_blank\" rel=\"noopener nofollow\" class=\"mceNonEditable mce\">Norte Joven<\/a> y c\u00f3mo ayuda a los colectivos m\u00e1s desfavorecidos a formarse e insertarse en el mercado laboral.<\/p>\n<p class=\"mce\">Adem\u00e1s, nuestro reportero <strong class=\"mce\">Fran Maga\u00f1a<\/strong> nos inform\u00f3 de la apertura de 100 nuevos puestos para trabajar en la sede del hipermercado <a data-content-id=\"\" href=\"https:\/\/www.familycash.es\/trabaja-con-nosotros\/\" text=\"Family Cash\" title=\"\" target=\"_blank\" rel=\"noopener nofollow\" class=\"mceNonEditable mce\">Family Cash<\/a><strong class=\"mce\"> en Legan\u00e9s.<\/strong><\/p>\n<p class=\"mce\">Necesitan perfiles muy variados: carnicer\u00eda, fruter\u00eda, charcuter\u00eda, panader\u00eda\u2026y aunque es positivo contar con conocimientos previos, no es un requisito excluyente, puesto que la propia compa\u00f1\u00eda imparte una formaci\u00f3n a los candidatos antes de entrar al puesto de trabajo.<\/p>\n<p class=\"mce\">En la entrevista en plat\u00f3 charlamos con <strong class=\"mce\">Juan Herrero, representante del <a data-content-id=\"\" href=\"https:\/\/sup.es\/\" text=\"SUP\" title=\"\" target=\"_blank\" rel=\"noopener nofollow\" class=\"mceNonEditable mce\">SUP<\/a><\/strong>, que nos cont\u00f3 las claves de las dos nuevas convocatorias abiertas para convertirte en Polic\u00eda Nacional. Casi 3000 plazas repartidas entre la escala b\u00e1sica y la escala ejecutiva, para ser inspector de polic\u00eda.<\/p>\n<p class=\"mce\">Con la vista puesta en la vuelta al trabajo tras el verano, Madrid Trabaja sigue acompa\u00f1ando a los madrile\u00f1os en su camino hacia el empleo.<\/p>\n<p class=\"mce\">Puedes ver todos los s\u00e1bados en Telemadrid el programa Madrid Trabaja, presentado por <strong class=\"mce\">Erika Barreras<\/strong> y escucharlo en Onda Madrid de lunes a viernes a partir de las 15.00 horas, presentado por <strong class=\"mce\">Chema Moreno <\/strong>e<strong class=\"mce\"> Iria Guzm\u00e1n.<\/strong><\/p>\n<p class=\"mce\">Y, adem\u00e1s, puedes seguirnos en nuestras redes sociales: en<a data-content-id=\"\" href=\"https:\/\/twitter.com\/MadridTrabajaOM\" text=\" Twitter\" title=\"\" target=\"_blank\" rel=\"noopener nofollow\" class=\"mceNonEditable mce\"> Twitter<\/a>, en <a data-content-id=\"\" href=\"https:\/\/www.facebook.com\/madridtrabaja\/?locale=es_LA\" text=\"Facebook \" title=\"\" target=\"_blank\" rel=\"noopener nofollow\" class=\"mceNonEditable mce\">Facebook <\/a>, en <a data-content-id=\"\" href=\"https:\/\/www.tiktok.com\/@madrid.trabaja\" text=\"TikTok\" title=\"\" target=\"_blank\" rel=\"noopener nofollow\" class=\"mceNonEditable mce\">TikTok<\/a> y en <a data-content-id=\"\" href=\"https:\/\/www.linkedin.com\/in\/madrid-trabaja-onda-madrid-2995502ab\/\" text=\"LinkedIn\" title=\"\" target=\"_blank\" rel=\"noopener nofollow\" class=\"mceNonEditable mce\">LinkedIn<\/a><\/p>\n<p>    <script async src=\"https:\/\/platform.twitter.com\/widgets.js\" charset=\"utf-8\"><\/script><script async src=\"\/\/www.tiktok.com\/embed.js\"><\/script><\/p>\n","protected":false},"excerpt":{"rendered":"Este s\u00e1bado 30 de agosto, Madrid Trabaja volvi\u00f3 a abrir su ventana al empleo con un programa cargado&hellip;\n","protected":false},"author":2,"featured_media":82869,"comment_status":"","ping_status":"","sticky":false,"template":"","format":"standard","meta":{"footnotes":""},"categories":[171],"tags":[10898,5509,146,147,25,24,205,10037,14714,23,2646,2752,214],"class_list":{"0":"post-82868","1":"post","2":"type-post","3":"status-publish","4":"format-standard","5":"has-post-thumbnail","7":"category-tv","8":"tag-comunidad","9":"tag-empleo","10":"tag-entertainment","11":"tag-entretenimiento","12":"tag-es","13":"tag-espana","14":"tag-madrid","15":"tag-ofertas","16":"tag-oposiciones","17":"tag-spain","18":"tag-trabaja","19":"tag-trabajo","20":"tag-tv"},"share_on_mastodon":{"url":"","error":""},"_links":{"self":[{"href":"https:\/\/www.europesays.com\/es\/wp-json\/wp\/v2\/posts\/82868","targetHints":{"allow":["GET"]}}],"collection":[{"href":"https:\/\/www.europesays.com\/es\/wp-json\/wp\/v2\/posts"}],"about":[{"href":"https:\/\/www.europesays.com\/es\/wp-json\/wp\/v2\/types\/post"}],"author":[{"embeddable":true,"href":"https:\/\/www.europesays.com\/es\/wp-json\/wp\/v2\/users\/2"}],"replies":[{"embeddable":true,"href":"https:\/\/www.europesays.com\/es\/wp-json\/wp\/v2\/comments?post=82868"}],"version-history":[{"count":0,"href":"https:\/\/www.europesays.com\/es\/wp-json\/wp\/v2\/posts\/82868\/revisions"}],"wp:featuredmedia":[{"embeddable":true,"href":"https:\/\/www.europesays.com\/es\/wp-json\/wp\/v2\/media\/82869"}],"wp:attachment":[{"href":"https:\/\/www.europesays.com\/es\/wp-json\/wp\/v2\/media?parent=82868"}],"wp:term":[{"taxonomy":"category","embeddable":true,"href":"https:\/\/www.europesays.com\/es\/wp-json\/wp\/v2\/categories?post=82868"},{"taxonomy":"post_tag","embeddable":true,"href":"https:\/\/www.europesays.com\/es\/wp-json\/wp\/v2\/tags?post=82868"}],"curies":[{"name":"wp","href":"https:\/\/api.w.org\/{rel}","templated":true}]}}