{"id":82888,"date":"2025-08-30T22:37:10","date_gmt":"2025-08-30T22:37:10","guid":{"rendered":"https:\/\/www.europesays.com\/es\/82888\/"},"modified":"2025-08-30T22:37:10","modified_gmt":"2025-08-30T22:37:10","slug":"el-huracan-miranda-golpea-la-mesa-del-toreo-y-arrasa-con-cuatro-orejas-y-rabo","status":"publish","type":"post","link":"https:\/\/www.europesays.com\/es\/82888\/","title":{"rendered":"El hurac\u00e1n Miranda golpea la mesa del toreo y arrasa con cuatro orejas y rabo"},"content":{"rendered":"<p><img decoding=\"async\" class=\"voc-author__img\" src=\"https:\/\/www.europesays.com\/es\/wp-content\/uploads\/2025\/08\/autor-1332-foto-16.png\" alt=\"Rosario P\u00e9rez\"\/><\/p>\n<p>30\/08\/2025<br \/>\n<br \/><strong><br \/>\nActualizado 31\/08\/2025 a las 00:10h.<br \/>\n<\/strong><\/p>\n<p class=\"voc-p\" style=\"\">Nuevo pu\u00f1etazo de David de Miranda sobre la mesa del toreo. Esta vez en el coso de Santa Margarita, donde arras\u00f3 cual hurac\u00e1n hasta embolsarse cuatro orejas y un rabo. Un pleno del hombre en el que se fusionaban la actitud de quien sue\u00f1a en figura y ese valor sin titubeos, imprescindible para serlo. Como ya apuntamos en Almer\u00eda, el de Trigueros lo ve claro y, adem\u00e1s, quieren verlo. A\u00fan resuena por las calles de Linares el clamor de los tendidos: \u00a1torero, torero! Miranda se plant\u00f3 ante su buen lote de Juan Pedro Domecq \u2013qu\u00e9 corrida m\u00e1s noble lidi\u00f3, con un sexto extraordinario\u2013 con una clara decisi\u00f3n: reclamar en un escenario de leyenda un sitio en la historia. En el 150 aniversario de la ciudad linarense, en el ruedo donde Manolete enterr\u00f3 sus huesos, David P\u00e9rez S\u00e1nchez \u2013ese es su bautismo\u2013 vino dispuesto a que sepultaran los suyos. A tumba abierta de principio a fin, aplomado e imprimiendo despaciosidad cuando el toro lo permit\u00eda. <\/p>\n<p class=\"voc-p\" style=\"\">M\u00e1s bueno que el pan, como aquel anuncio de la ni\u00f1ez, era el primero de Juan Pedro . Qu\u00e9 fijeza tan extraordinaria y qu\u00e9 nobleza. Ni una vez mir\u00f3 al torero cuando se paraba. Un toro ideal para una reaparici\u00f3n, el toro que le hubiese correspondido a Morante&#8230; Pero le toc\u00f3 a su sustituto, David de Miranda, de pu\u00f1etazo en pu\u00f1etazo desde su impacto televisado en M\u00e1laga. Sabore\u00f3 la calidad de Milagro, que con m\u00e1s \u00edmpetu hubiese sido de esc\u00e1ndalo. Cerqu\u00edsima se lo pas\u00f3 en su firme y asentada faena: prueba de ello, el vestido, m\u00e1s sangre de toro que pizarra y oro. Trabajito tiene el mozo de espadas con el de Trigueros, gust\u00e1ndose en las ver\u00f3nicas y ce\u00f1id\u00edsimo en las saltilleras. Qu\u00e9 guapo era Milagro, que brind\u00f3 al cari\u00f1oso y gentil p\u00fablico. Aunque no vean c\u00f3mo se enfadaron con el presidente los que ped\u00edan el rabo negado: \u00ab\u00a1Tiracabras, qu\u00e9 sabr\u00e1s!\u00bb, gritaron. Manoletista hab\u00eda sido la apertura de faena, con cuatro estatuarios majestuosos y apretad\u00edsimos. Y en la distancia media present\u00f3 la derecha, aunque mejor era el pit\u00f3n zurdo, por donde dibuj\u00f3 unos naturales de nota. Entre los pitones de aquel Milagro con bondad de convento plante\u00f3 el ep\u00edlogo, con un arrim\u00f3n de quien sue\u00f1a con ser gente en el toreo. Esa es la actitud, culminada con unas manoletinas en la que ni el polvo cab\u00eda. Hasta los gavilanes la estocada y la justicia del doble trofeo. <\/p>\n<p class=\"voc-p\" style=\"\">Cuando apareci\u00f3 el cuarto, el p\u00fablico ya abrazaba a Miranda como suyo, como hijo adoptivo de este Linares de minas y olivos. Y el onubense correspondi\u00f3 con una obra de esas que los taurinos catalogan como &#8216;cuuumbre&#8217;. Porque as\u00ed estuvo David, que despu\u00e9s de enfrentarse a varios Goliats disfrut\u00f3 una barbaridad con otro toro nobil\u00edsimo. Cadenciosas las ver\u00f3nicas, con una bonita media a un toro que estuvo a punto de derribar al picador \u2013la corrida cumpli\u00f3 (y empuj\u00f3) en el peto\u2013. Eficaz la lidia de C\u00e1ndido Ruiz mientras el de Trigueros andaba como loco por quedarse a solas con Pagano. Y el hurac\u00e1n no amain\u00f3: sopl\u00f3 con m\u00e1s fuerza \u2013cruz del conjunto ganadero, con m\u00e1s querer que poder dentro de su buen fondo, con notas bravas\u2013 y derroch\u00f3 un valor que embriagaba el grader\u00edo. Rodilla en tierra, por ayudados, naci\u00f3 el pr\u00f3logo de una pieza con momentos soberbios y de abandono, con el lunar de una tanda m\u00e1s vulgarota. Pero el conjunto fue de elevada nota, con un torero que quiso componer y templar. Y que se asent\u00f3 en las cercan\u00edas con asombrosa quietud. B\u00e1rbaro, en un palma de terreno, con el p\u00fablico enardecido y Pagano entregado a sus serenas telas, con unas bernadinas de infarto para cerrar el gigantesco c\u00edrculo. Tampoco la estocada, algo trasera, empa\u00f1\u00f3 el delirio: dos orejas y rabo del hurac\u00e1n Miranda, que ya puede buscar hueco para el t\u00edtulo de triunfador incontestable de la feria. <\/p>\n<p class=\"voc-p\" style=\"\">El de la torer\u00eda se lo gan\u00f3 Pablo Aguado, al que la estocada al segundo intento le priv\u00f3 del premio. Y ya se sabe que se viven tiempos en los que se premia m\u00e1s una espada certera en los bajos que un pinchazo en lo alto. Torer\u00edsima su manera de andarle al quinto, con los dos naturales m\u00e1s cristalinos en una hermosa labor. Su primero promet\u00eda ser un notable animal, pero se estrell\u00f3 contra el burladero y lo acus\u00f3. Requer\u00eda manos de curandero este Vidente, que se top\u00f3 con el mago de las caricias. Muchos fantaseaban con los monumentos que hubiese levantado al sexto, el toro de m\u00e1s humillada profundidad. Le toc\u00f3 a Manuel Rom\u00e1n, deseoso y con cositas esperanzadoras, con series logradas, pero tambi\u00e9n con otras m\u00e1s alejadas de lo puro. Pinch\u00f3 y perdi\u00f3 su recompensa, frenada en el tercero \u2013el cap\u00edtulo m\u00e1s soso\u2013 por un palco que se mantuvo en su sitio. El hurac\u00e1n Miranda borr\u00f3 (casi) todo.<\/p>\n<ul class=\"voc-list\">\n<li class=\"voc-list__item\">\n<strong>Coso de Santa Margarita.<\/strong><br \/>\nS\u00e1bado, 30 de agosto de 2025. Alrededor de tres cuartos de entrada. Toros de Juan Pedro Domecq, de bonita presencia en general, cumplidores en el peto, de muy noble juego y de m\u00e1s querer que poder dentro de su buen fondo; destac\u00f3 el bravo y enclasado 6\u00ba.\n<\/li>\n<li class=\"voc-list__item\">\n<strong>David de Miranda,<\/strong><br \/>\nde pizarra y oro: estocada trasera arriba (dos orejas con petici\u00f3n de rabo); estocada trasera tendida (dos orejas y rabo). Sale a hombros.\n<\/li>\n<li class=\"voc-list__item\">\n<strong>Pablo Aguado,<\/strong><br \/>\nde sangre de toro y oro: pinchazo y estocada corta (ovaci\u00f3n); pinchazo y estocada corta tendida (leve petici\u00f3n y saludos).\n<\/li>\n<li class=\"voc-list__item\">\n<strong>Manuel Rom\u00e1n,<\/strong><br \/>\nde sangre de toro y oro: estocada en los bajos (petici\u00f3n y vuelta al ruedo); pinchazo, otro hondo y estocada (ovaci\u00f3n).\n<\/li>\n<\/ul>\n<p>Reportar un error<\/p>\n","protected":false},"excerpt":{"rendered":"30\/08\/2025 Actualizado 31\/08\/2025 a las 00:10h. Nuevo pu\u00f1etazo de David de Miranda sobre la mesa del toreo. Esta&hellip;\n","protected":false},"author":2,"featured_media":82889,"comment_status":"","ping_status":"","sticky":false,"template":"","format":"standard","meta":{"footnotes":""},"categories":[277],"tags":[373,168,25,24,783,3397,23,167,374],"class_list":{"0":"post-82888","1":"post","2":"type-post","3":"status-publish","4":"format-standard","5":"has-post-thumbnail","7":"category-toreo","8":"tag-bullfighting","9":"tag-deportes","10":"tag-es","11":"tag-espana","12":"tag-linares","13":"tag-sabado","14":"tag-spain","15":"tag-sports","16":"tag-toreo"},"share_on_mastodon":{"url":"","error":""},"_links":{"self":[{"href":"https:\/\/www.europesays.com\/es\/wp-json\/wp\/v2\/posts\/82888","targetHints":{"allow":["GET"]}}],"collection":[{"href":"https:\/\/www.europesays.com\/es\/wp-json\/wp\/v2\/posts"}],"about":[{"href":"https:\/\/www.europesays.com\/es\/wp-json\/wp\/v2\/types\/post"}],"author":[{"embeddable":true,"href":"https:\/\/www.europesays.com\/es\/wp-json\/wp\/v2\/users\/2"}],"replies":[{"embeddable":true,"href":"https:\/\/www.europesays.com\/es\/wp-json\/wp\/v2\/comments?post=82888"}],"version-history":[{"count":0,"href":"https:\/\/www.europesays.com\/es\/wp-json\/wp\/v2\/posts\/82888\/revisions"}],"wp:featuredmedia":[{"embeddable":true,"href":"https:\/\/www.europesays.com\/es\/wp-json\/wp\/v2\/media\/82889"}],"wp:attachment":[{"href":"https:\/\/www.europesays.com\/es\/wp-json\/wp\/v2\/media?parent=82888"}],"wp:term":[{"taxonomy":"category","embeddable":true,"href":"https:\/\/www.europesays.com\/es\/wp-json\/wp\/v2\/categories?post=82888"},{"taxonomy":"post_tag","embeddable":true,"href":"https:\/\/www.europesays.com\/es\/wp-json\/wp\/v2\/tags?post=82888"}],"curies":[{"name":"wp","href":"https:\/\/api.w.org\/{rel}","templated":true}]}}