{"id":82962,"date":"2025-08-30T23:30:13","date_gmt":"2025-08-30T23:30:13","guid":{"rendered":"https:\/\/www.europesays.com\/es\/82962\/"},"modified":"2025-08-30T23:30:13","modified_gmt":"2025-08-30T23:30:13","slug":"alcaraz-rinderknech-horario-y-donde-ver-por-television-este-domingo-los-octavos-de-final-del-us-open","status":"publish","type":"post","link":"https:\/\/www.europesays.com\/es\/82962\/","title":{"rendered":"Alcaraz &#8211; Rinderknech: horario y d\u00f3nde ver por televisi\u00f3n este domingo los octavos de final del US Open"},"content":{"rendered":"<p class=\"v-mdl-ath__p v-mdl-ath__p--6\">\nS\u00e1bado, 30 de agosto 2025, 20:54<\/p>\n<p>| Actualizado 21:03h.<\/p>\n<p class=\"v-p\">Carlos Alcaraz sigue a un nivel extraordinario y este viernes <a href=\"https:\/\/www.lasprovincias.es\/deportes\/tenis\/open-usa\/alcaraz-pasa-octavos-open-susto-rodilla-20250829194627-ntrc.html\" title=\"www.lasprovincias.es\" data-voc-vtm-id=\"in-text-traffic\" data-mrf-link=\"www.lasprovincias.es\" rel=\"nofollow noopener\" target=\"_blank\">derrot\u00f3 sin apenas problemas al italiano Darderi en tres sets (6-2, 6-4 y 6-0)<\/a>. El murciano todav\u00eda no ha cedido ninguna manga en lo que va de torneo, demostrando que sigue en forma despu\u00e9s de proclamarse campe\u00f3n en el Masters de Cincinnati.<\/p>\n<p class=\"v-p\">Alcaraz sufri\u00f3 el percance al ejecutar un saque y pidi\u00f3 un tiempo muerto m\u00e9dico para ser atendido. Tras recibir un masaje en la pierna, el espa\u00f1ol regres\u00f3 a la pista en aparente buen estado y finiquit\u00f3 a Darderi en solo una hora y 43 minutos de juego. \u00abEstaba preocupado\u00bb, reconoci\u00f3 ante la prensa Alcaraz sobre su rodilla. \u00abPor eso llam\u00e9 al fisioterapeuta, pero no fue nada serio, solo por precauci\u00f3n\u00bb<\/p>\n<p><a href=\"http:\/\/www.lasprovincias.es\/opinion\/rosa-belmonte-pasmoso-20250830000021-ntrc.html#vtm_modulosEngag=mod-rel:deportes:noticia:1:cmp:1-not\" class=\"v-a-link\" aria-label=\"Imagen\" rel=\"nofollow noopener\" target=\"_blank\"><\/p>\n<p><img decoding=\"async\" loading=\"lazy\" src=\"https:\/\/www.europesays.com\/es\/wp-content\/uploads\/2025\/08\/autor-2835-foto-1.png\" class=\"\" width=\"72\" height=\"72\" alt=\"RosaBelmonte\" data-voc-vtm-id=\"in-text-traffic\"\/><\/p>\n<p><\/a><\/p>\n<p class=\"v-p\">En octavos de final, el murciano tendr\u00e1 que enfrentarse al franc\u00e9s Rinderknech (n\u00famero 82 del mundo), que ha eliminado Roberto Carball\u00e9s, Bonzi y a Davidovich Fokina. Ambos han jugado en tres ocasiones, en las que ha ganado siempre el espa\u00f1ol. La \u00faltima vez fue este mismo a\u00f1o en el torneo de Queen&#8217;s.<\/p>\n<p class=\"v-p\">Tras la retirada de Shelton en su encuentro ante Mannarino, Alcaraz tiene un cruce asequible en unos hipot\u00e9ticos cuartos de final, ya que jugar\u00eda ante el ganador del Mannarino-Lehecka. En semifinales ya tendr\u00eda que jugar ante Djokovic o Fritz, mientras que en la final ante Sinner o Zverev.<\/p>\n<p class=\"v-p\">El choque entre Alcaraz y Rinderknech ser\u00e1 en la tarde de este domingo no antes de las 19:30 horas, despu\u00e9s del partido entre Pegula y Li. Se podr\u00e1 ver en televisi\u00f3n a trav\u00e9s de Movistar Plus, plataforma que posee los derechos del torneo.<\/p>\n<p>Comenta<\/p>\n<p>Reporta un error<\/p>\n","protected":false},"excerpt":{"rendered":"S\u00e1bado, 30 de agosto 2025, 20:54 | Actualizado 21:03h. Carlos Alcaraz sigue a un nivel extraordinario y este&hellip;\n","protected":false},"author":2,"featured_media":82963,"comment_status":"","ping_status":"","sticky":false,"template":"","format":"standard","meta":{"footnotes":""},"categories":[274],"tags":[4736,168,25,24,1058,319,887,20828,5829,31202,23,167,807,327,326,809],"class_list":{"0":"post-82962","1":"post","2":"type-post","3":"status-publish","4":"format-standard","5":"has-post-thumbnail","7":"category-tenis","8":"tag-alcaraz","9":"tag-deportes","10":"tag-es","11":"tag-espana","12":"tag-final","13":"tag-horario","14":"tag-jueves","15":"tag-octavos","16":"tag-open","17":"tag-rinderknech","18":"tag-spain","19":"tag-sports","20":"tag-television","21":"tag-tenis","22":"tag-tennis","23":"tag-ver"},"share_on_mastodon":{"url":"","error":""},"_links":{"self":[{"href":"https:\/\/www.europesays.com\/es\/wp-json\/wp\/v2\/posts\/82962","targetHints":{"allow":["GET"]}}],"collection":[{"href":"https:\/\/www.europesays.com\/es\/wp-json\/wp\/v2\/posts"}],"about":[{"href":"https:\/\/www.europesays.com\/es\/wp-json\/wp\/v2\/types\/post"}],"author":[{"embeddable":true,"href":"https:\/\/www.europesays.com\/es\/wp-json\/wp\/v2\/users\/2"}],"replies":[{"embeddable":true,"href":"https:\/\/www.europesays.com\/es\/wp-json\/wp\/v2\/comments?post=82962"}],"version-history":[{"count":0,"href":"https:\/\/www.europesays.com\/es\/wp-json\/wp\/v2\/posts\/82962\/revisions"}],"wp:featuredmedia":[{"embeddable":true,"href":"https:\/\/www.europesays.com\/es\/wp-json\/wp\/v2\/media\/82963"}],"wp:attachment":[{"href":"https:\/\/www.europesays.com\/es\/wp-json\/wp\/v2\/media?parent=82962"}],"wp:term":[{"taxonomy":"category","embeddable":true,"href":"https:\/\/www.europesays.com\/es\/wp-json\/wp\/v2\/categories?post=82962"},{"taxonomy":"post_tag","embeddable":true,"href":"https:\/\/www.europesays.com\/es\/wp-json\/wp\/v2\/tags?post=82962"}],"curies":[{"name":"wp","href":"https:\/\/api.w.org\/{rel}","templated":true}]}}