{"id":82975,"date":"2025-08-30T23:39:18","date_gmt":"2025-08-30T23:39:18","guid":{"rendered":"https:\/\/www.europesays.com\/es\/82975\/"},"modified":"2025-08-30T23:39:18","modified_gmt":"2025-08-30T23:39:18","slug":"hace-20-anos-rihanna-se-fue-de-barbados-sin-mirar-atras-porque-queria-hacer-lo-que-tenia-que-hacer-los40-classic","status":"publish","type":"post","link":"https:\/\/www.europesays.com\/es\/82975\/","title":{"rendered":"Hace 20 a\u00f1os Rihanna se fue de Barbados sin \u201cmirar atr\u00e1s\u201d porque \u201cquer\u00eda hacer lo que ten\u00eda que hacer\u201d | LOS40 Classic"},"content":{"rendered":"<p>\u201c<b>Cuando me fui de Barbados, no mir\u00e9 atr\u00e1s<\/b>\u2026 <b>quer\u00eda hacer lo que ten\u00eda que hacer<\/b>\u201d. Y, <b>dedicarse a la m\u00fasica<\/b> era lo que <a href=\"https:\/\/los40.com\/2024\/08\/31\/rihanna-es-ya-una-artista-classic-loud-el-punto-de-inflexion-que-trajo-fuego-pelo-rojo-y-una-artista-completa-a-la-industria\/\" target=\"_blank\" rel=\"nofollow noopener\" title=\"https:\/\/los40.com\/2024\/08\/31\/rihanna-es-ya-una-artista-classic-loud-el-punto-de-inflexion-que-trajo-fuego-pelo-rojo-y-una-artista-completa-a-la-industria\/\"><b>Robyn Fenty<\/b><\/a><b> siempre hab\u00eda anhelado<\/b>. Al igual que <a href=\"https:\/\/los40.com\/los40\/2022\/12\/19\/los40classic\/1671446010_189162.html\" target=\"_blank\" rel=\"nofollow noopener\" title=\"https:\/\/los40.com\/los40\/2022\/12\/19\/los40classic\/1671446010_189162.html\"><b>Britney Spears<\/b><\/a><b> o <\/b><a href=\"https:\/\/los40.com\/los40\/2022\/02\/21\/musica\/1645437945_343420.html\" target=\"_blank\" rel=\"nofollow noopener\" title=\"https:\/\/los40.com\/los40\/2022\/02\/21\/musica\/1645437945_343420.html\"><b>Kelly Clarkson<\/b><\/a><b>,<\/b> ten\u00eda la <b>necesidad urgente de salir de su casa y <\/b><a href=\"https:\/\/los40.com\/2025\/06\/02\/muere-el-padre-de-rihanna-ronald-fenty-a-los-70-anos\/\" target=\"_blank\" rel=\"nofollow noopener\" title=\"https:\/\/los40.com\/2025\/06\/02\/muere-el-padre-de-rihanna-ronald-fenty-a-los-70-anos\/\"><b>alejarse de su padre<\/b><\/a>. Su talento le abri\u00f3 todas las puertas.<b> A <\/b><a href=\"https:\/\/los40.com\/2024\/12\/09\/jay-z-acusado-de-haber-violado-a-una-nina-de-13-anos-junto-a-puff-daddy\/\" target=\"_blank\" rel=\"nofollow noopener\" title=\"https:\/\/los40.com\/2024\/12\/09\/jay-z-acusado-de-haber-violado-a-una-nina-de-13-anos-junto-a-puff-daddy\/\"><b>Jay-Z<\/b><\/a><b> le impresion\u00f3 tanto<\/b> que, pocas horas despu\u00e9s de escucharla, <b>la contrat\u00f3<\/b>. Tem\u00eda que se \u201cla quitaran\u201d. <b>El 29 de agosto de 2005, a sus 17 a\u00f1os, <\/b><a href=\"https:\/\/los40.com\/los40\/2020\/05\/27\/musica\/1590579519_426605.html\" target=\"_blank\" rel=\"nofollow noopener\" title=\"https:\/\/los40.com\/los40\/2020\/05\/27\/musica\/1590579519_426605.html\"><b>Rihanna public\u00f3 su primer \u00e1lbum<\/b><\/a><b>: <\/b><b>Music of the sun<\/b><b>.<\/b><\/p>\n<p>Una vida <b>dif\u00edcil<\/b>. Hab\u00eda crecido con un padre \u2013 <b>fallecido en mayo de 2025<\/b> \u2013 <b>adicto a las drogas y al alcohol<\/b>. Seg\u00fan confes\u00f3 la cantante, el <b>abuso de sustancias de Ronald Fenty<\/b> originaba <b>explosivas peleas entre sus progenitores<\/b>, llegando algunas veces a la <b>violencia f\u00edsica<\/b>. Como publica Daily Mail, cuando ella <b>solo ten\u00eda siete a\u00f1os<\/b> la abofete\u00f3 tan fuerte que <b>dej\u00f3 su mano marcada en la mejilla<\/b>. Su madre ten\u00eda que trabajar todo el d\u00eda para sacar adelante a la familia y <b>ella cuidada de sus dos hermanos peque\u00f1os<\/b>. La <b>m\u00fasica era su evasi\u00f3n<\/b>. La fuerza impulsora por la que <b>Robyn Fenty<\/b> dio <b>un giro radical a su vida con solo 15 a\u00f1os<\/b>.<\/p>\n<p><img loading=\"lazy\" decoding=\"async\" src=\"https:\/\/www.europesays.com\/es\/wp-content\/uploads\/2025\/08\/1756597154_155_maxresdefault.jpg\" width=\"16\" height=\"9\"\/><\/p>\n<p><b>En diciembre de 2003<\/b>, el famoso productor <b>Evan Rogers estaba de vacaciones en Barbados<\/b> con su mujer. Rihanna cantaba entonces en <b>un tr\u00edo<\/b> &#8211; que hab\u00eda formado con dos compa\u00f1eras de clase &#8211; y se present\u00f3 a <b>una audici\u00f3n informal<\/b> para el productor americano en la suite del hotel en el que se alojaba. Y fue entonces cuando se acu\u00f1\u00f3 la famosa frase<b>: \u201cDesde el primer minuto en que Rihanna entr\u00f3 en la habitaci\u00f3n, fue como si las otras dos dejaran de existir\u00bb. <\/b>Claramente, <b>Rogers se qued\u00f3 impactado<\/b>. Al instante, <b>reconoci\u00f3 su potencial.<\/b><\/p>\n<p><img decoding=\"async\" src=\"https:\/\/los40.com\/pf\/resources\/img\/logo-40-v-c.svg?d=867\" alt=\"LOS40 Classic\" class=\"i-pro\" width=\"68\" height=\"68\" loading=\"lazy\"\/><\/p>\n<p>En el libro de John Seabrook, The song machine, Evan recordaba el momento en que la vio por primera vez: \u201cMe dije a m\u00ed mismo, <b>&#8216;Si esta chica puede cantar \u00a1ser\u00eda alucinante!<\/b>&#8216;, porque <b>\u00a1ten\u00eda una magn\u00edfica presencia f\u00edsica!<\/b> Su maquillaje era perfecto y llevaba esos pantalones piratas y zapatillas a juego, con sus ojos verdes y su largo cuello de supermodelo\u00bb.<\/p>\n<blockquote class=\"twitter-tweet\">\n<p lang=\"en\" dir=\"ltr\">Robyn Rihanna Fenty was only 15 years old when she signed her first contract with Evan Rogers&#8217; production company, which led her to a 6-album deal with Def Jam Records a year later.<br \/>On this day 14 years ago, she released her debut single <a href=\"https:\/\/twitter.com\/hashtag\/PonDeReplay?src=hash&amp;ref_src=twsrc%5Etfw\" rel=\"nofollow noopener\" target=\"_blank\">#PonDeReplay<\/a>. <a href=\"https:\/\/t.co\/PuleYGDfPk\" rel=\"nofollow\">pic.twitter.com\/PuleYGDfPk<\/a><\/p>\n<p>\u2014 FentyStats (@FentyStats) <a href=\"https:\/\/twitter.com\/FentyStats\/status\/1132027102855946240?ref_src=twsrc%5Etfw\" rel=\"nofollow noopener\" target=\"_blank\">May 24, 2019<\/a><\/p><\/blockquote>\n<p>La adolescente Robyn, que no ten\u00eda entrenamiento formal en baile o en m\u00fasica, le dijo a Rogers que <b>dedicarse a la m\u00fasica \u00abes lo que he querido hacer siempre\u00bb. Adem\u00e1s, result\u00f3 que s\u00ed sab\u00eda cantar. <\/b>Y ten\u00eda<b> \u201cuna necesidad urgente por escapar de la vida angustiosa y violenta en su casa\u201d, <\/b>escribe Seabrook.<b> <\/b>Rogers, por su parte, estaba <b>dispuesto a convertirla en la estrella<\/b> que cre\u00eda que era.<\/p>\n<p>Poco despu\u00e9s de su 16\u00ba cumplea\u00f1os, Rihanna <b>dej\u00f3 su pa\u00eds natal y viaj\u00f3 a Estados Unidos<\/b> <b>para grabar<\/b> <b>una demo en la que inclu\u00eda su rompedor hit \u2018Pon de replay\u2019<\/b>.<\/p>\n<p><b>\u201cCuando me fui de Barbados, no mir\u00e9 atr\u00e1s\u201d, <\/b>confes\u00f3 la artista a Entertainment Weekly<b> <\/b>en 2007<b>. \u201cQuer\u00eda hacer lo que ten\u00eda que hacer (para tener \u00e9xito), incluso si eso significaba mudarme a Am\u00e9rica\u201d.<\/b><\/p>\n<p><b>La demo se envi\u00f3 a varios sellos<\/b> y lleg\u00f3 a manos <b>de Jay-Z,<\/b> presidente de <b>Def Jam Records<\/b>, quien quiso conocerla y organiz\u00f3 una audici\u00f3n. \u00abYo era muy t\u00edmida&#8230; ten\u00eda frio todo el tiempo. <b>Ten\u00eda mariposas en el est\u00f3mago cuando me sent\u00e9 frente a Jay-Z\u00bb<\/b>, recordar\u00eda despu\u00e9s en una entrevista con Observer. El marido de Beyonc\u00e9 se qued\u00f3 <b>sorprendido<\/b> y dirigi\u00e9ndose a los ejecutivos que le acompa\u00f1aron en la prueba, les pregunt\u00f3: <b>\u201c\u00bfQu\u00e9 tengo que hacer para conseguir que cancel\u00e9is todas vuestras otras reuniones?\u00bb.<\/b><\/p>\n<p><img decoding=\"async\" src=\"https:\/\/www.europesays.com\/es\/wp-content\/uploads\/2025\/08\/TPX5RL3JBFBIBNBR3D54ZNVNBQ.jpg\" alt=\"Jay-Z con una Rihanna de 17 a\u00f1os\" width=\"650\" height=\"813\"  loading=\"lazy\"\/><\/p>\n<p>Jay-Z con una Rihanna de 17 a\u00f1os \/ New York Daily News Archive<\/p>\n<p>Ampliar<img decoding=\"async\" src=\"https:\/\/www.europesays.com\/es\/wp-content\/uploads\/2025\/08\/1756597157_459_TPX5RL3JBFBIBNBR3D54ZNVNBQ.jpg\" alt=\"Jay-Z con una Rihanna de 17 a\u00f1os\" width=\"650\" height=\"813\" loading=\"lazy\"\/><\/p>\n<p>Jay-Z con una Rihanna de 17 a\u00f1os \/ New York Daily News Archive<\/p>\n<p>Cerrar<\/p>\n<p><b>Jay-Z no hubiera dejado que esa joven se marchara del edificio sin haberla contratado<\/b>. \u00abEllos estuvieron all\u00ed <b>hasta las tres de la ma\u00f1ana<\/b> mientras los abogados trabajaban en todos los detalles\u201d, publica el libro The Song Machine. \u201cFenty despu\u00e9s record\u00f3 a Jay Z diciendo: <b>\u2018Solo hay dos maneras de salir. Por esa puerta &#8211; si ella firma el contrato &#8211; o a trav\u00e9s de esa ventana &#8211; si no lo hace\u201d.<\/b><\/p>\n<p><b>A los 16 a\u00f1os, Beyonc\u00e9 firm\u00f3 el contrato de sus sue\u00f1os<\/b> y atraves\u00f3 la <b>puerta principal del edificio.<\/b><\/p>\n<p><b>El 29 de agosto de 2005<\/b>, Rihanna public\u00f3 su \u00e1lbum debut, <b>Music of the sun<\/b><b> <\/b>y demostr\u00f3 que era <b>un icono del pop en potencia<\/b> y <b>mucho m\u00e1s una simple \u2018one-hit wonder\u2019<\/b>. En una entrevista con kidzworld, publicada en 2006, la barbadense explic\u00f3 el significado del t\u00edtulo y su contenido: <b>\u201cLa palabra \u2018sol\u2019 representa mi cultura, mi procedencia, el Caribe<\/b>. <b>Me representa a m\u00ed. <\/b>As\u00ed que <b>el \u00e1lbum consiste en \u2018m\u00fasica del sol\u2019\u201d.<\/b> <\/p>\n<p>El primer single, <b>Pon de replay<\/b>, logr\u00f3 <b>un impacto explosivo en las pistas de baile de todo el mundo.<\/b><\/p>\n<p><img loading=\"lazy\" decoding=\"async\" src=\"https:\/\/www.europesays.com\/es\/wp-content\/uploads\/2025\/08\/1756597157_215_maxresdefault.jpg\" width=\"16\" height=\"9\"\/><\/p>\n<p>Escrito y producido por Carl Sturken, despu\u00e9s de escucharla por primera vez, a Rihanna <b>no le gustaba<\/b>. \u201cCuando escuch\u00e9 por primera vez la canci\u00f3n, <b>no quer\u00eda hacerla<\/b>, porque <b>era muy pegadiza y ten\u00eda un ritmo muy infantil<\/b>\u201d, declar\u00f3 en Artisdirect. \u201cPero despu\u00e9s de empezar a grabarla, empez\u00f3 a gustarme\u201d. Tambi\u00e9n explic\u00f3 su significado en kidzworld: \u201cEs el lenguaje que hablamos en Barbados. Es ingl\u00e9s \u2018roto\u2019\u2026 es b\u00e1sicamente \u2018<b>dile al DJ que ponga mi canci\u00f3n en el reproductor\u2019.<\/b><\/p>\n<p><img loading=\"lazy\" decoding=\"async\" src=\"https:\/\/www.europesays.com\/es\/wp-content\/uploads\/2025\/08\/1756597158_917_maxresdefault.jpg\" width=\"16\" height=\"9\"\/><\/p>\n<p><b>Veinte a\u00f1os despu\u00e9s<\/b>,<b>Rihanna es una renombrada artista y empresaria<\/b>. Ha vendido <b>m\u00e1s de 40 millones de \u00e1lbumes en todo el mundo<\/b>, supera los <b>12.000 millones de \u2018streams\u2019 en Spotify<\/b>, <b>nueve Grammys<\/b>\u2026Incluso <b>sus aventuras empresariales han sido enormemente exitosas<\/b> y su marca <b>Fenty Beauty est\u00e1 valorada en 2.800 millones de d\u00f3lares<\/b>. Aunque casi ha pasado una d\u00e9cada desde su <b>\u00faltimo disco de estudio, <\/b><b>Anti<\/b><b> (2016)<\/b> record\u00f3 al mundo que <b>segu\u00eda reinando en 2023<\/b>, durante <b>su show en la Super Bowl<\/b> (el primero que hac\u00eda en cinco a\u00f1os), una actuaci\u00f3n de 13 minutos que se convirti\u00f3 <b>en una de las m\u00e1s vidas en la historia<\/b>: m\u00e1s de 121 millones de espectadores.<\/p>\n<p><script async src=\"https:\/\/platform.twitter.com\/widgets.js\" charset=\"utf-8\"><\/script><\/p>\n","protected":false},"excerpt":{"rendered":"\u201cCuando me fui de Barbados, no mir\u00e9 atr\u00e1s\u2026 quer\u00eda hacer lo que ten\u00eda que hacer\u201d. Y, dedicarse a&hellip;\n","protected":false},"author":2,"featured_media":82976,"comment_status":"","ping_status":"","sticky":false,"template":"","format":"standard","meta":{"footnotes":""},"categories":[170],"tags":[31204,146,147,25,24,184,185,12806,23],"class_list":{"0":"post-82975","1":"post","2":"type-post","3":"status-publish","4":"format-standard","5":"has-post-thumbnail","7":"category-musica","8":"tag-charm-necklace","9":"tag-entertainment","10":"tag-entretenimiento","11":"tag-es","12":"tag-espana","13":"tag-music","14":"tag-musica","15":"tag-smiling","16":"tag-spain"},"share_on_mastodon":{"url":"","error":""},"_links":{"self":[{"href":"https:\/\/www.europesays.com\/es\/wp-json\/wp\/v2\/posts\/82975","targetHints":{"allow":["GET"]}}],"collection":[{"href":"https:\/\/www.europesays.com\/es\/wp-json\/wp\/v2\/posts"}],"about":[{"href":"https:\/\/www.europesays.com\/es\/wp-json\/wp\/v2\/types\/post"}],"author":[{"embeddable":true,"href":"https:\/\/www.europesays.com\/es\/wp-json\/wp\/v2\/users\/2"}],"replies":[{"embeddable":true,"href":"https:\/\/www.europesays.com\/es\/wp-json\/wp\/v2\/comments?post=82975"}],"version-history":[{"count":0,"href":"https:\/\/www.europesays.com\/es\/wp-json\/wp\/v2\/posts\/82975\/revisions"}],"wp:featuredmedia":[{"embeddable":true,"href":"https:\/\/www.europesays.com\/es\/wp-json\/wp\/v2\/media\/82976"}],"wp:attachment":[{"href":"https:\/\/www.europesays.com\/es\/wp-json\/wp\/v2\/media?parent=82975"}],"wp:term":[{"taxonomy":"category","embeddable":true,"href":"https:\/\/www.europesays.com\/es\/wp-json\/wp\/v2\/categories?post=82975"},{"taxonomy":"post_tag","embeddable":true,"href":"https:\/\/www.europesays.com\/es\/wp-json\/wp\/v2\/tags?post=82975"}],"curies":[{"name":"wp","href":"https:\/\/api.w.org\/{rel}","templated":true}]}}