{"id":83112,"date":"2025-08-31T01:18:07","date_gmt":"2025-08-31T01:18:07","guid":{"rendered":"https:\/\/www.europesays.com\/es\/83112\/"},"modified":"2025-08-31T01:18:07","modified_gmt":"2025-08-31T01:18:07","slug":"israel-continua-su-ofensiva-en-la-franja-de-gaza-al-menos-71-muertos-en-las-ultimas-24-horas-internacional","status":"publish","type":"post","link":"https:\/\/www.europesays.com\/es\/83112\/","title":{"rendered":"Israel contin\u00faa su ofensiva en la Franja de Gaza: al menos 71 muertos en las \u00faltimas 24 horas | Internacional"},"content":{"rendered":"<p class=\"loc\">Madrid<\/p>\n<p>Los hospitales de la Franja de Gaza han registrado este s\u00e1bado al menos 71 muertos a causa de los ataques israel\u00edes, que se han intensificado especialmente en la ciudad de Gaza, epicentro de la actual ofensiva militar israel\u00ed.<\/p>\n<p>M\u00e1s informaci\u00f3n<\/p>\n<p>Seg\u00fan datos de los centros m\u00e9dicos del enclave, 38 de los fallecidos fueron ingresados en los hospitales Al Shifa, Sheikh Radwan, Al Mamadani y Al Awda, todos ubicados en la capital gazat\u00ed. La ciudad est\u00e1 siendo atacada desde el sur, el este y el norte como parte del plan de invasi\u00f3n aprobado por el Gobierno israel\u00ed, que implica el desplazamiento forzoso de cerca de un mill\u00f3n de personas.<\/p>\n<p>Uno de los ataques m\u00e1s mortales ha tenido lugar en el barrio de Sheikh Radwan, donde un bombardeo israel\u00ed contra un horno comunitario mat\u00f3 a 12 personas, entre ellas cinco menores, seg\u00fan inform\u00f3 Mahmud Basal, portavoz de la Defensa Civil gazat\u00ed. <\/p>\n<p>En el barrio de Al Rimal, otro bombardeo alcanz\u00f3 un edificio residencial de varias plantas, provocando al menos siete muertos y m\u00faltiples heridos entre transe\u00fantes que caminaban por la zona. El Ej\u00e9rcito israel\u00ed afirm\u00f3 haber atacado a un \u00abterrorista clave de Ham\u00e1s\u00bb, sin ofrecer m\u00e1s detalles sobre el objetivo o la ubicaci\u00f3n exacta del ataque.<\/p>\n<p>En el noroeste de la ciudad, en Al Shati, un ataque dej\u00f3 cuatro muertos, entre ellos un padre y su hija. Adem\u00e1s, en la zona de Zikim, al norte de Gaza, cinco personas murieron y 95 resultaron heridas cuando intentaban recoger comida de camiones de ayuda humanitaria que entraban desde Israel.<\/p>\n<p>M\u00e1s fallecidos mientras esperaban ayuda humanitaria<\/p>\n<p>Entre los fallecidos tambi\u00e9n se encuentran al menos cuatro personas que fueron abatidas mientras esperaban alimentos en un punto de reparto gestionado por la Fundaci\u00f3n Humanitaria para Gaza (FHG), una organizaci\u00f3n respaldada por Israel y Estados Unidos. <\/p>\n<p>En paralelo, el Ej\u00e9rcito israel\u00ed ha confirmado este s\u00e1bado la muerte por fuego amigo del sargento primero Ariel Lubliner, de 34 a\u00f1os, durante una operaci\u00f3n log\u00edstica en la zona de Jan Yunis, en el sur de Gaza. Seg\u00fan la investigaci\u00f3n preliminar, un soldado apostado en un puesto de guardia dispar\u00f3 accidentalmente contra el convoy en el que viajaba Lubliner. Con su fallecimiento, ascienden a 900 los soldados israel\u00edes muertos desde el inicio del conflicto.<\/p>\n","protected":false},"excerpt":{"rendered":"Madrid Los hospitales de la Franja de Gaza han registrado este s\u00e1bado al menos 71 muertos a causa&hellip;\n","protected":false},"author":2,"featured_media":83113,"comment_status":"","ping_status":"","sticky":false,"template":"","format":"standard","meta":{"footnotes":""},"categories":[42],"tags":[17,18,23018,31230,13,14,31231,11,61,62,63,64,19,20,9,10,15,16,12,21,22,65,66,67],"class_list":{"0":"post-83112","1":"post","2":"type-post","3":"status-publish","4":"format-standard","5":"has-post-thumbnail","7":"category-internacional","8":"tag-breaking-news","9":"tag-breakingnews","10":"tag-destruction","11":"tag-empty","12":"tag-featured-news","13":"tag-featurednews","14":"tag-grey","15":"tag-headlines","16":"tag-internacional","17":"tag-international","18":"tag-international-news","19":"tag-internationalnews","20":"tag-latest-news","21":"tag-latestnews","22":"tag-news","23":"tag-noticias","24":"tag-noticias-destacadas","25":"tag-noticiasdestacadas","26":"tag-titulares","27":"tag-ultimas-noticias","28":"tag-ultimasnoticias","29":"tag-world","30":"tag-world-news","31":"tag-worldnews"},"share_on_mastodon":{"url":"","error":""},"_links":{"self":[{"href":"https:\/\/www.europesays.com\/es\/wp-json\/wp\/v2\/posts\/83112","targetHints":{"allow":["GET"]}}],"collection":[{"href":"https:\/\/www.europesays.com\/es\/wp-json\/wp\/v2\/posts"}],"about":[{"href":"https:\/\/www.europesays.com\/es\/wp-json\/wp\/v2\/types\/post"}],"author":[{"embeddable":true,"href":"https:\/\/www.europesays.com\/es\/wp-json\/wp\/v2\/users\/2"}],"replies":[{"embeddable":true,"href":"https:\/\/www.europesays.com\/es\/wp-json\/wp\/v2\/comments?post=83112"}],"version-history":[{"count":0,"href":"https:\/\/www.europesays.com\/es\/wp-json\/wp\/v2\/posts\/83112\/revisions"}],"wp:featuredmedia":[{"embeddable":true,"href":"https:\/\/www.europesays.com\/es\/wp-json\/wp\/v2\/media\/83113"}],"wp:attachment":[{"href":"https:\/\/www.europesays.com\/es\/wp-json\/wp\/v2\/media?parent=83112"}],"wp:term":[{"taxonomy":"category","embeddable":true,"href":"https:\/\/www.europesays.com\/es\/wp-json\/wp\/v2\/categories?post=83112"},{"taxonomy":"post_tag","embeddable":true,"href":"https:\/\/www.europesays.com\/es\/wp-json\/wp\/v2\/tags?post=83112"}],"curies":[{"name":"wp","href":"https:\/\/api.w.org\/{rel}","templated":true}]}}