{"id":83130,"date":"2025-08-31T01:30:06","date_gmt":"2025-08-31T01:30:06","guid":{"rendered":"https:\/\/www.europesays.com\/es\/83130\/"},"modified":"2025-08-31T01:30:06","modified_gmt":"2025-08-31T01:30:06","slug":"bruce-willis-ingresado-en-una-residencia-tras-el-empeoramiento-de-su-salud","status":"publish","type":"post","link":"https:\/\/www.europesays.com\/es\/83130\/","title":{"rendered":"Bruce Willis, ingresado en una residencia tras el empeoramiento de su salud"},"content":{"rendered":"<p data-journey-content=\"true\" data-node-id=\"2\" class=\"css-i9p093 emevuu60\"><strong data-node-id=\"2.0\">La salud de Bruce Willis est\u00e1 empeorando.<\/strong> Fue en 2022 cuando el actor de Hollywood fue diagn\u00f3stico de<strong data-node-id=\"2.2\"> demencia frontotemporal.<\/strong> Un trastorno neurocognitivo mayor, cuyos s\u00edntomas son muy parecidas a otras demencias m\u00e1s conocidas como el Alzh\u00e9imer o la demencia senil. Raz\u00f3n por la que<strong data-node-id=\"2.4\"> Bruce Willis ha tenido que dejar la residencia familiar e ingresar en un centro especializado en tratar a personas en su situaci\u00f3n.<\/strong>  Ha sido su mujer,Emma Heming Willis, junto con el consentimiento de sus hijas mayores, las que han tomado la decisi\u00f3n de <strong data-node-id=\"2.6\">internar a Bruce Willis en un centro especializado en cuidados <\/strong>para personas que padecen este tipo de trastornos mentales. <\/p>\n<p data-journey-content=\"true\" data-node-id=\"3\" class=\"css-i9p093 emevuu60\">Durante los tres a\u00f1os que Bruce Willis lleva batallando con esta enfermedad, <strong data-node-id=\"3.1\">Emma se convirti\u00f3 en su cuidadora principal,<\/strong> dando visibilidad al rol de cuidadora y a la necesidad de hablar de este tipo de enfermedades. Rumer, Scout y Tallulah, nacidas de su matrimonio con Demi Moore tampoco han dejado desamparado a su padre en estos momentos. <strong data-node-id=\"3.3\">Convirti\u00e9ndose todas en una pi\u00f1a, incluida su exmujer. <\/strong><\/p>\n<p data-journey-content=\"true\" data-node-id=\"4\" class=\"css-i9p093 emevuu60\">Emma Heming Willis ha explicado en una entrevista en &#8216;ABC&#8217; que han tenido que tomar la decisi\u00f3n de ingresarle en una cl\u00ednica, debido a<strong data-node-id=\"4.1\">l avance de la demencia frontotemporal (FTD) que padece el artista<\/strong> y que, seg\u00fan la familia, <strong data-node-id=\"4.3\">exige cuidados continuos las 24 horas. <\/strong>Algo que ya se escapa de sus manos y que impide el desarrollo de una convivencia normal con las dos hijas peque\u00f1as fruto de su matrimonio y <strong data-node-id=\"4.5\">es algo que Bruce Willis jam\u00e1s hubiera querido que pasase con sus reto\u00f1as.<\/strong><\/p>\n<p data-journey-content=\"true\" data-node-id=\"6\" class=\"css-i9p093 emevuu60\">La esposa del actor se abri\u00f3 como pocas veces en una entrevista, donde explic\u00f3 <strong data-node-id=\"6.1\">el \u00abcamino inesperado\u00bb<\/strong> y donde cont\u00f3 que, la decisi\u00f3n m\u00e1s dolorosa que le ha tocado afrontar<strong data-node-id=\"6.3\"> al trasladar a su esposo a la segunda residencia<\/strong>. Un centro especializado en este tipo de cuidados, pero muy cerca de su domicilio, lo que le permite ir a cenar y comer con \u00e9l. <\/p>\n<p data-journey-content=\"true\" data-node-id=\"7\" class=\"css-i9p093 emevuu60\"><strong data-node-id=\"7.0\">\u00abTiene muy buena salud en general&#8230; pero su cerebro le est\u00e1 fallando<\/strong>\u00ab, explic\u00f3 muy emocionada durante la entrevista. Todos permanecen muy pendientes de \u00e9l y lo visitan con frecuencia, aunque sin duda, la que peor lo est\u00e1 llevando en su mujer. <\/p>\n<p data-journey-content=\"true\" data-node-id=\"8\" class=\"css-i9p093 emevuu60\">Bruce Willis se muestra muy cari\u00f1oso con ellas durante estas visitas. \u00bb Cuando estamos con \u00e9l, su rostro se ilumina. <strong data-node-id=\"8.1\">Nos toma de la mano, le besamos, le abrazamos&#8230;<\/strong>\u00ab, se\u00f1ala la activista. Aunque el estado f\u00edsico de Bruce se mantiene razonablemente bien, la enfermedad progresa. <strong data-node-id=\"8.3\">\u00abEl idioma se est\u00e1 yendo\u00bb<\/strong>, dijo, describiendo c\u00f3mo la comunicaci\u00f3n cotidiana se ha transformado por completo y que ahora son los gestos con los que \u00e9l les responde lo que las reconforta durante sus visitas.<\/p>\n<p><img src=\"https:\/\/www.europesays.com\/es\/wp-content\/uploads\/2025\/08\/1756603806_805_4104b2dc-9d92-4a2f-a41f-327dc6377620_1734436473.jpg\" alt=\"Headshot of Valentina Vera\" title=\"Headshot of Valentina Vera\" width=\"100%\" height=\"100%\" decoding=\"async\" loading=\"lazy\" class=\"css-o0wq4v ev8dhu53\"\/><\/p>\n<p>Valentina Vera es una periodista experta en cr\u00f3nica rosa, realidad, &#8216;reality&#8217;, moda y belleza. Siempre al d\u00eda de las \u00faltimas novedades de los famosos nacionales e internacionales y de las casas reales europeas. Su trabajo como redactora le permite ser testigo de las bodas de los personajes m\u00e1s relevantes del panorama social; de alfombras rojas; de funerales de Estado o de acontecimientos hist\u00f3ricos: como la proclamaci\u00f3n de Felipe VI como Rey o la coronaci\u00f3n de Carlos III de Inglaterra.<br \/>\nLicenciada en Periodismo por la Universidad Complutense de Madrid. Comenz\u00f3 su andadura en el mundo del coraz\u00f3n en el a\u00f1o 2013 en la revista \u00a1Hola! Y desde 2014 forma parte del grupo Hearst, donde ha ido adquiriendo experiencia tanto en la edici\u00f3n impresa como en el formato web de la revista Diez Minutos.<br \/>\nEl medio digital le apasiona por la inmediatez en la que sus lectores pueden ser testigos de lo que sucede en la vida de los famosos desde cualquier parte del mundo. Instagram, Twitter y TikTok se han convertido en una herramienta m\u00e1s de informaci\u00f3n a la hora de crear, gestionar y organizar el contenido, ya que le permiten conocer la \u00faltima hora de lo que sucede en la vida de los famosos.<br \/>\nEn constante formaci\u00f3n de estrategias y t\u00e9cnicas de optimizaci\u00f3n digital para su trabajo como redactora, en la actualidad tambi\u00e9n se encuentra estudiando Diet\u00e9tica. Llevar un estilo de vida saludable es algo que le apasiona y cree que la nutrici\u00f3n es una parte fundamental.<\/p>\n","protected":false},"excerpt":{"rendered":"La salud de Bruce Willis est\u00e1 empeorando. Fue en 2022 cuando el actor de Hollywood fue diagn\u00f3stico de&hellip;\n","protected":false},"author":2,"featured_media":83131,"comment_status":"","ping_status":"","sticky":false,"template":"","format":"standard","meta":{"footnotes":""},"categories":[174],"tags":[255,253,146,147,25,24,256,23],"class_list":{"0":"post-83130","1":"post","2":"type-post","3":"status-publish","4":"format-standard","5":"has-post-thumbnail","7":"category-famosos","8":"tag-celebrities","9":"tag-discover","10":"tag-entertainment","11":"tag-entretenimiento","12":"tag-es","13":"tag-espana","14":"tag-famosos","15":"tag-spain"},"share_on_mastodon":{"url":"","error":""},"_links":{"self":[{"href":"https:\/\/www.europesays.com\/es\/wp-json\/wp\/v2\/posts\/83130","targetHints":{"allow":["GET"]}}],"collection":[{"href":"https:\/\/www.europesays.com\/es\/wp-json\/wp\/v2\/posts"}],"about":[{"href":"https:\/\/www.europesays.com\/es\/wp-json\/wp\/v2\/types\/post"}],"author":[{"embeddable":true,"href":"https:\/\/www.europesays.com\/es\/wp-json\/wp\/v2\/users\/2"}],"replies":[{"embeddable":true,"href":"https:\/\/www.europesays.com\/es\/wp-json\/wp\/v2\/comments?post=83130"}],"version-history":[{"count":0,"href":"https:\/\/www.europesays.com\/es\/wp-json\/wp\/v2\/posts\/83130\/revisions"}],"wp:featuredmedia":[{"embeddable":true,"href":"https:\/\/www.europesays.com\/es\/wp-json\/wp\/v2\/media\/83131"}],"wp:attachment":[{"href":"https:\/\/www.europesays.com\/es\/wp-json\/wp\/v2\/media?parent=83130"}],"wp:term":[{"taxonomy":"category","embeddable":true,"href":"https:\/\/www.europesays.com\/es\/wp-json\/wp\/v2\/categories?post=83130"},{"taxonomy":"post_tag","embeddable":true,"href":"https:\/\/www.europesays.com\/es\/wp-json\/wp\/v2\/tags?post=83130"}],"curies":[{"name":"wp","href":"https:\/\/api.w.org\/{rel}","templated":true}]}}