{"id":83211,"date":"2025-08-31T02:26:14","date_gmt":"2025-08-31T02:26:14","guid":{"rendered":"https:\/\/www.europesays.com\/es\/83211\/"},"modified":"2025-08-31T02:26:14","modified_gmt":"2025-08-31T02:26:14","slug":"dupont-vende-su-negocio-de-nomex-con-fabrica-y-300-trabajadores-en-asturias","status":"publish","type":"post","link":"https:\/\/www.europesays.com\/es\/83211\/","title":{"rendered":"DuPont vende su negocio de Nomex, con f\u00e1brica y 300 trabajadores en Asturias"},"content":{"rendered":"<p class=\"ft-text ft-helper-closenews\">La multinacional qu\u00edmica estadounidense <a class=\"ft-link ft-link--decoration\" href=\"https:\/\/www.lne.es\/economia\/2025\/05\/13\/angela-santianes-presidenta-dupont-espana-117357854.html\" rel=\"nofollow noopener\" target=\"_blank\">DuPont <\/a>ha vendido a su competidora Arclin, del mismo pa\u00eds, su <strong>negocio de fibras sint\u00e9ticas de aramida, que incluye una f\u00e1brica y un centro de servicios al cliente de la marca Nomex ubicados en el valle de Tam\u00f3n (Carre\u00f1o), con unos 300 empleados.<\/strong> Con todo, pese al cambio de propietarios, la plantilla de Nomex se mantendr\u00e1 en las actuales instalaciones asturianas, seg\u00fan confirm\u00f3 un portavoz de DuPont.<\/p>\n<p class=\"ft-text\">La direcci\u00f3n de DuPont comunic\u00f3 ayer internamente la venta de su divisi\u00f3n de aramidas por 1.800 millones de d\u00f3lares (unos<strong> 1.530 millones de euros al cambio actual<\/strong>). La operaci\u00f3n, que tambi\u00e9n incluye la venta de su marca Kevlar, obedece a un proceso de reestructuraci\u00f3n de la multinacional, a su vez enmarcado en las dificultades que atraviesa el sector qu\u00edmico en el mercado europeo por el aumento de los costes energ\u00e9ticos y la debilidad de la demanda.<\/p>\n<p>Fibra resistente al fuego<\/p>\n<p class=\"ft-text\">Nomex, marca desarrollada por DuPont en la d\u00e9cada de los 60 del pasado siglo, es una fibra resistente al fuego y a las altas temperaturas que se utiliza principalmente <strong>en telas de protecci\u00f3n, prendas de vestir y aislamientos para industrias como la aeroespacial y la automotriz. <\/strong>La marca cuenta con dos f\u00e1bricas: una en Richmond (Virginia) y otra en Tam\u00f3n, en el complejo empresarial de DuPont.<\/p>\n<p class=\"ft-text\">En estas \u00faltimas instalaciones tambi\u00e9n se encuentra el centro europeo de servicio al cliente de Nomex, as\u00ed como personal de apoyo a otros negocios de la divisi\u00f3n de aramidas, que ahora pasar\u00e1n a manos de Arclin, pero sin moverse de Asturias.<\/p>\n<p class=\"ft-text\">En total, Arclin asumir\u00e1 aproximadamente la mitad de los 640 trabajadores con que contaba DuPont en la regi\u00f3n, confirmaron desde esta \u00faltima compa\u00f1\u00eda. n<\/p>\n<p data-close=\"closedContent\" class=\"subscribeHideForDisplay\">Suscr\u00edbete para seguir leyendo<\/p>\n","protected":false},"excerpt":{"rendered":"La multinacional qu\u00edmica estadounidense DuPont ha vendido a su competidora Arclin, del mismo pa\u00eds, su negocio de fibras&hellip;\n","protected":false},"author":2,"featured_media":83212,"comment_status":"","ping_status":"","sticky":false,"template":"","format":"standard","meta":{"footnotes":""},"categories":[80],"tags":[1770,82,31259,95,94,31261,25,24,14461,5056,31260,1429,23,5649],"class_list":{"0":"post-83211","1":"post","2":"type-post","3":"status-publish","4":"format-standard","5":"has-post-thumbnail","7":"category-economia","8":"tag-asturias","9":"tag-business","10":"tag-dupont","11":"tag-economia","12":"tag-economy","13":"tag-el-valle","14":"tag-es","15":"tag-espana","16":"tag-fabrica","17":"tag-negocio","18":"tag-nomex","19":"tag-plantilla","20":"tag-spain","21":"tag-vende"},"share_on_mastodon":{"url":"","error":""},"_links":{"self":[{"href":"https:\/\/www.europesays.com\/es\/wp-json\/wp\/v2\/posts\/83211","targetHints":{"allow":["GET"]}}],"collection":[{"href":"https:\/\/www.europesays.com\/es\/wp-json\/wp\/v2\/posts"}],"about":[{"href":"https:\/\/www.europesays.com\/es\/wp-json\/wp\/v2\/types\/post"}],"author":[{"embeddable":true,"href":"https:\/\/www.europesays.com\/es\/wp-json\/wp\/v2\/users\/2"}],"replies":[{"embeddable":true,"href":"https:\/\/www.europesays.com\/es\/wp-json\/wp\/v2\/comments?post=83211"}],"version-history":[{"count":0,"href":"https:\/\/www.europesays.com\/es\/wp-json\/wp\/v2\/posts\/83211\/revisions"}],"wp:featuredmedia":[{"embeddable":true,"href":"https:\/\/www.europesays.com\/es\/wp-json\/wp\/v2\/media\/83212"}],"wp:attachment":[{"href":"https:\/\/www.europesays.com\/es\/wp-json\/wp\/v2\/media?parent=83211"}],"wp:term":[{"taxonomy":"category","embeddable":true,"href":"https:\/\/www.europesays.com\/es\/wp-json\/wp\/v2\/categories?post=83211"},{"taxonomy":"post_tag","embeddable":true,"href":"https:\/\/www.europesays.com\/es\/wp-json\/wp\/v2\/tags?post=83211"}],"curies":[{"name":"wp","href":"https:\/\/api.w.org\/{rel}","templated":true}]}}