{"id":83215,"date":"2025-08-31T02:28:10","date_gmt":"2025-08-31T02:28:10","guid":{"rendered":"https:\/\/www.europesays.com\/es\/83215\/"},"modified":"2025-08-31T02:28:10","modified_gmt":"2025-08-31T02:28:10","slug":"si-algun-aliado-no-cumple-con-el-5-habra-graves-consecuencias","status":"publish","type":"post","link":"https:\/\/www.europesays.com\/es\/83215\/","title":{"rendered":"&#8216;Si alg\u00fan aliado no cumple con el 5%, habr\u00e1 graves consecuencias&#8217;"},"content":{"rendered":"<p>El Gobierno de Estados Unidos ha aplaudido que Espa\u00f1a y otros aliados de la OTAN hayan aumentado el gasto en defensa pero ha advertido de que el list\u00f3n del 2 por ciento del PIB ya no basta a estas alturas y de que <b>no alcanzar el 5 por ciento tendr\u00e1 \u00abgraves consecuencias\u00bb.<\/b><\/p>\n<p>\u00abEn la cumbre de la OTAN de junio, todos los Estados miembros, incluida Espa\u00f1a, firmaron la declaraci\u00f3n en la que <b>se comprometen a invertir el 5 por ciento del PIB en defensa en el a\u00f1o 2035&#8243;<\/b>, ha recordado un portavoz del Departamento de Estado norteamericano en declaraciones a Europa Press.<\/p>\n<p>D\u00edas despu\u00e9s de que la OTAN situase por primera vez a Espa\u00f1a por encima del umbral de inversi\u00f3n del 2 por ciento, desde Washington <b>han se\u00f1alado que este aumento del gasto se debe a \u00ablos esfuerzos del presidente (Donald) Trump\u00bb,<\/b> principal impulsor del nuevo marco.<\/p>\n<p>El Gobierno norteamericano cree que ahora \u00abhay que hacer m\u00e1s\u00bb y ha aprovechado la \u00faltima revisi\u00f3n estad\u00edsticas para recordar unas palabras del embajador de Estados Unidos ante la OTAN, Matt Whitaker: <b>\u00abSi Espa\u00f1a o cualquier otro aliado se niega a cumplir sus compromisos, habr\u00e1 graves consecuencias\u00bb.<\/b><\/p>\n<p>El propio Trump se\u00f1al\u00f3 directamente a Espa\u00f1a al t\u00e9rmino de la cumbre, <b>sugiriendo que podr\u00eda tener que \u00abpagar el doble\u00bb<\/b> en caso de no acatar el consenso suscrito por los aliados, en una potencial amenaza comercial que luego no ha llegado a materializarse.<\/p>\n<p>En esta l\u00ednea, el portavoz del Departamento de Estado ha subrayado que llegar al 5 por ciento es \u00abun paso clave para incrementar la letalidad y <b>garantizar que Europa puede protegerse por s\u00ed sola frente a las amenazas del siglo XXI\u00bb.<\/b><\/p>\n","protected":false},"excerpt":{"rendered":"El Gobierno de Estados Unidos ha aplaudido que Espa\u00f1a y otros aliados de la OTAN hayan aumentado el&hellip;\n","protected":false},"author":2,"featured_media":83216,"comment_status":"","ping_status":"","sticky":false,"template":"","format":"standard","meta":{"footnotes":""},"categories":[8],"tags":[17,18,115,25,24,13,14,11,19,20,9,10,15,16,1613,23,12,21,22],"class_list":{"0":"post-83215","1":"post","2":"type-post","3":"status-publish","4":"format-standard","5":"has-post-thumbnail","7":"category-espana","8":"tag-breaking-news","9":"tag-breakingnews","10":"tag-eeuu","11":"tag-es","12":"tag-espana","13":"tag-featured-news","14":"tag-featurednews","15":"tag-headlines","16":"tag-latest-news","17":"tag-latestnews","18":"tag-news","19":"tag-noticias","20":"tag-noticias-destacadas","21":"tag-noticiasdestacadas","22":"tag-otan","23":"tag-spain","24":"tag-titulares","25":"tag-ultimas-noticias","26":"tag-ultimasnoticias"},"share_on_mastodon":{"url":"","error":""},"_links":{"self":[{"href":"https:\/\/www.europesays.com\/es\/wp-json\/wp\/v2\/posts\/83215","targetHints":{"allow":["GET"]}}],"collection":[{"href":"https:\/\/www.europesays.com\/es\/wp-json\/wp\/v2\/posts"}],"about":[{"href":"https:\/\/www.europesays.com\/es\/wp-json\/wp\/v2\/types\/post"}],"author":[{"embeddable":true,"href":"https:\/\/www.europesays.com\/es\/wp-json\/wp\/v2\/users\/2"}],"replies":[{"embeddable":true,"href":"https:\/\/www.europesays.com\/es\/wp-json\/wp\/v2\/comments?post=83215"}],"version-history":[{"count":0,"href":"https:\/\/www.europesays.com\/es\/wp-json\/wp\/v2\/posts\/83215\/revisions"}],"wp:featuredmedia":[{"embeddable":true,"href":"https:\/\/www.europesays.com\/es\/wp-json\/wp\/v2\/media\/83216"}],"wp:attachment":[{"href":"https:\/\/www.europesays.com\/es\/wp-json\/wp\/v2\/media?parent=83215"}],"wp:term":[{"taxonomy":"category","embeddable":true,"href":"https:\/\/www.europesays.com\/es\/wp-json\/wp\/v2\/categories?post=83215"},{"taxonomy":"post_tag","embeddable":true,"href":"https:\/\/www.europesays.com\/es\/wp-json\/wp\/v2\/tags?post=83215"}],"curies":[{"name":"wp","href":"https:\/\/api.w.org\/{rel}","templated":true}]}}