{"id":83310,"date":"2025-08-31T03:43:17","date_gmt":"2025-08-31T03:43:17","guid":{"rendered":"https:\/\/www.europesays.com\/es\/83310\/"},"modified":"2025-08-31T03:43:17","modified_gmt":"2025-08-31T03:43:17","slug":"un-hombre-le-robo-la-gorra-a-un-nino-en-el-us-open-y-el-gesto-del-tenista-cambio-la-historia","status":"publish","type":"post","link":"https:\/\/www.europesays.com\/es\/83310\/","title":{"rendered":"Un hombre le rob\u00f3 la gorra a un ni\u00f1o en el US Open y el gesto del tenista cambi\u00f3 la historia"},"content":{"rendered":"<p class=\"mb-4 text-lg md:leading-8 break-words\">Despu\u00e9s de m\u00e1s de cuatro horas y media de juego, el polaco <strong>Kamil Majchrzak <\/strong>consigui\u00f3 una de las victorias m\u00e1s importantes de su carrera: derrot\u00f3 al ruso <strong>Karen Khachanov<\/strong>, actual n\u00famero 9 del mundo, remontando el partido por <strong>2-6, 6-7 (4), 6-4, 7-5 y 7-6 (5)<\/strong>, y avanz\u00f3 a la tercera ronda del <strong>US Open<\/strong>. Sin embargo, lo que parec\u00eda una celebraci\u00f3n habitual termin\u00f3 en un episodio que gener\u00f3 indignaci\u00f3n y, m\u00e1s tarde, una resoluci\u00f3n que se volvi\u00f3 una de las postales m\u00e1s comentadas del certamen.<\/p>\n<p class=\"mb-4 text-lg md:leading-8 break-words\">Como es costumbre entre los ganadores, el tenista polaco se acerc\u00f3 al borde de la cancha para firmar aut\u00f3grafos y saludar a los aficionados. En ese contexto,<strong> se quit\u00f3 la gorra y se la entreg\u00f3 a un ni\u00f1o<\/strong> ubicado en la primera fila. Pero cuando el chico extend\u00eda sus manos para recibir el obsequio, un hombre adulto, ubicado a su lado, se adelant\u00f3 y se apropi\u00f3 del regalo. La secuencia fue captada por las c\u00e1maras del estadio y r\u00e1pidamente se viraliz\u00f3 en redes sociales, donde no tardaron en multiplicarse los mensajes de repudio hacia el espectador.<\/p>\n<p class=\"mb-4 text-lg md:leading-8 break-words\">Majchrzak, de 29 a\u00f1os, no advirti\u00f3 la situaci\u00f3n en el momento. Sin embargo, horas m\u00e1s tarde, al tomar conocimiento del episodio que circul\u00f3 en redes sociales, public\u00f3 un mensaje en su cuenta de Instagram: \u201c<strong>Despu\u00e9s de mi partido, no me di cuenta de que la gorra no le hab\u00eda llegado al ni\u00f1o<\/strong>. Por suerte, tengo suficientes y estoy preparado para esas cosas. <strong>\u00bfPueden ayudarme a encontrarlo? Si t\u00fa o tus padres ven esto, comun\u00edquense conmigo<\/strong>\u201d, escribi\u00f3 el n\u00famero 76 del ranking mundial.<\/p>\n<p class=\"mb-4 text-lg md:leading-8 break-words\">El pedido obtuvo una r\u00e1pida respuesta. En pocas horas, y con la colaboraci\u00f3n de los organizadores del torneo, lograron identificar al ni\u00f1o y restituirle el objeto. \u201c<strong>Estoy impresionado con el poder de internet. Lo encontramos. Ya est\u00e1 todo arreglado<\/strong>\u201d, comunic\u00f3 Majchrzak en una segunda historia a las pocas horas, acompa\u00f1ada por la misma imagen del peque\u00f1o en el momento que le arrebatan la gorra.<\/p>\n<p><img alt=\"El posteo del tenista Kamil Majchrzak para contactarse con el chico al que le arrebataron la gorra\" loading=\"lazy\" width=\"689\" height=\"1080\" decoding=\"async\" data-nimg=\"1\" class=\"rounded-lg\" style=\"color:transparent\" src=\"https:\/\/www.europesays.com\/es\/wp-content\/uploads\/2025\/08\/f864bd1a235f177e4fab141b61c33a2d.jpeg\"\/><\/p>\n<p>El posteo del tenista Kamil Majchrzak para contactarse con el chico al que le arrebataron la gorra<\/p>\n<p class=\"mb-4 text-lg md:leading-8 break-words\">El gesto del tenista se convirti\u00f3 en uno de los momentos m\u00e1s humanos del US Open 2025. Mientras la organizaci\u00f3n del torneo no emiti\u00f3 declaraciones sobre el comportamiento del espectador que se apropi\u00f3 del regalo, el caso reaviv\u00f3 el debate en torno a la seguridad en las tribunas y la necesidad de preservar el esp\u00edritu deportivo tambi\u00e9n fuera de la cancha.<\/p>\n<p><a data-ylk=\"ct:story;elm:img;itc:0;\" class=\"stretched-box\" href=\"https:\/\/trib.al\/yG4LVEm\" rel=\"noopener noreferrer nofollow\" target=\"_blank\"><img alt=\"S\u00edguenos en nuestro canal de WhatsApp\" loading=\"lazy\" width=\"728\" height=\"90\" decoding=\"async\" data-nimg=\"1\" class=\"rounded-lg\" style=\"color:transparent\" src=\"https:\/\/www.europesays.com\/es\/wp-content\/uploads\/2025\/08\/1756428142_323_3d6447f0-3275-11f0-8ffa-1f5d930b0349.jpeg\"\/><\/a><\/p>\n<p>S\u00edguenos en nuestro canal de WhatsApp<\/p>\n<p class=\"mb-4 text-lg md:leading-8 break-words\"><strong>TAMBI\u00c9N TE PUEDE INTERESAR | EN VIDEO<\/strong><\/p>\n<p class=\"mb-4 text-lg md:leading-8 break-words\"><strong>Daniil Medvedev recibe una cuantiosa multa por su altercado en el US Open<\/strong><\/p>\n","protected":false},"excerpt":{"rendered":"Despu\u00e9s de m\u00e1s de cuatro horas y media de juego, el polaco Kamil Majchrzak consigui\u00f3 una de las&hellip;\n","protected":false},"author":2,"featured_media":83311,"comment_status":"","ping_status":"","sticky":false,"template":"","format":"standard","meta":{"footnotes":""},"categories":[274],"tags":[168,31276,31277,25,24,31275,31278,23,167,327,6811,326],"class_list":{"0":"post-83310","1":"post","2":"type-post","3":"status-publish","4":"format-standard","5":"has-post-thumbnail","7":"category-tenis","8":"tag-deportes","9":"tag-el-espectador","10":"tag-el-momento","11":"tag-es","12":"tag-espana","13":"tag-kamil-majchrzak","14":"tag-la-gorra","15":"tag-spain","16":"tag-sports","17":"tag-tenis","18":"tag-tenista","19":"tag-tennis"},"share_on_mastodon":{"url":"","error":""},"_links":{"self":[{"href":"https:\/\/www.europesays.com\/es\/wp-json\/wp\/v2\/posts\/83310","targetHints":{"allow":["GET"]}}],"collection":[{"href":"https:\/\/www.europesays.com\/es\/wp-json\/wp\/v2\/posts"}],"about":[{"href":"https:\/\/www.europesays.com\/es\/wp-json\/wp\/v2\/types\/post"}],"author":[{"embeddable":true,"href":"https:\/\/www.europesays.com\/es\/wp-json\/wp\/v2\/users\/2"}],"replies":[{"embeddable":true,"href":"https:\/\/www.europesays.com\/es\/wp-json\/wp\/v2\/comments?post=83310"}],"version-history":[{"count":0,"href":"https:\/\/www.europesays.com\/es\/wp-json\/wp\/v2\/posts\/83310\/revisions"}],"wp:featuredmedia":[{"embeddable":true,"href":"https:\/\/www.europesays.com\/es\/wp-json\/wp\/v2\/media\/83311"}],"wp:attachment":[{"href":"https:\/\/www.europesays.com\/es\/wp-json\/wp\/v2\/media?parent=83310"}],"wp:term":[{"taxonomy":"category","embeddable":true,"href":"https:\/\/www.europesays.com\/es\/wp-json\/wp\/v2\/categories?post=83310"},{"taxonomy":"post_tag","embeddable":true,"href":"https:\/\/www.europesays.com\/es\/wp-json\/wp\/v2\/tags?post=83310"}],"curies":[{"name":"wp","href":"https:\/\/api.w.org\/{rel}","templated":true}]}}