{"id":83312,"date":"2025-08-31T03:44:06","date_gmt":"2025-08-31T03:44:06","guid":{"rendered":"https:\/\/www.europesays.com\/es\/83312\/"},"modified":"2025-08-31T03:44:06","modified_gmt":"2025-08-31T03:44:06","slug":"etapa-9-de-la-vuelta-a-espana-2025-alfaro-valdezcaray-1955-km-ciclismo","status":"publish","type":"post","link":"https:\/\/www.europesays.com\/es\/83312\/","title":{"rendered":"Etapa 9 de la Vuelta a Espa\u00f1a 2025, Alfaro &#8211; Valdezcaray \/ 195,5 Km &#8211; Ciclismo"},"content":{"rendered":"<ol>\n<li><a href=\"https:\/\/news.google.com\/rss\/articles\/CBMiakFVX3lxTE81QWhmWW5jMmtXeUpQU2cyUlZFVVRQc0s1aWxmNVZzeDN0MThDX3FHTFl5ZVVmclRiSnUyZFZucm9nNGNiMGgzd1NCZE1ZWHA2WlllMmIxUVZ3QkNrWEtGX3picFRmVWx1bkE?oc=5\" target=\"_blank\" rel=\"nofollow noopener\">Etapa 9 de la Vuelta a Espa\u00f1a 2025, Alfaro &#8211; Valdezcaray \/ 195,5 Km<\/a>&nbsp;&nbsp;Ciclismo<\/li>\n<li><a href=\"https:\/\/news.google.com\/rss\/articles\/CBMisAFBVV95cUxORktXenBMSnJLa2Y3b3QyQWZValhjNDBtNWRwQXJ6S21lcFJuZFgzQWFyYWVLMnIyR09xWTMyT2JteDdIZVlIekpIQWk4U1FudHdXWEdJX3BMeERpSUtTRUNsR3cwZTJHUzFEYTlFUFVKNW9jZUJYM0VMRzJTeTJfTWIwMTZhZUcxUk81RnpsWWdnVXNMOVl1UVZpYzRsNTcwTHVPb3FoaDJSZkpWMnFNNtIBsAFBVV95cUxNR2ZLUlVTd2JDUElEMDg4c2FaR1BfeGFGS0NXSEJDU3M2S21xb3d3d3VQakhxM1RaX05lQW95Y1lfU1RXM29CcEQteW4ydGcwMjZVaGRuVXp6aHZLS2pLRmlzT2taWkJVamdDOC1YaDdPRXFzMmRLSk9lX1hSdFhXVUZER0JObnctTkpCV1dNSWIyM19yWkFMZUkxSzFjX05OVXQxc3hOd2FRUW5xMUw3WA?oc=5\" target=\"_blank\" rel=\"nofollow noopener\">Perfil, recorrido, hora y d\u00f3nde ver la Etapa 8 de la Vuelta a Espa\u00f1a entre Monz\u00f3n y Zaragoza<\/a>&nbsp;&nbsp;RTVE.es<\/li>\n<li><a href=\"https:\/\/news.google.com\/rss\/articles\/CBMi3gFBVV95cUxPd242SnFwWkNKVkVZLWdDWWNqdWsxZ1FsakNDMTBjOWxWOUs4WXl3MjYyeENMVDR4QVc1V2xGY2F2SUdCTlhGV1VjYUoxVjVRcDFwalpnMmZ6YUk3RDdNNjhEZHhFWTg1YzNtdVByazFubklPWnUxdnFGRjVkM184MmJuaVdPN1Bzek5YTW5kME91bFBTVTJHTjZzcnhIQmVZdFZYc3g4Q1doOEVBY1ppcHQtYnNmTWZpbnRvNTN2ZHZzZXQyNG1odWJaWEEwRm1MVS13NVF0bTFrbmUzLVHSAeMBQVVfeXFMTkxoS19lRV9LMndLSEQ3dHN2UW43RnRqeEU2M2RJcmw2YzY3Q0JHcEk4RmdYX1ZsWTV1eE5kWHVBOVkxbWlJODhVZmFzb3h3NnhmT0J6YzlIVnphU2hyM0dwTHJ2ay1Xb09zMlRucG13QnNnMTFzYTRYY1NxVXpmbmh6TUo3c2dkbzMwaGxEWW12YkMxSEJEVXBXQ1pwRWJUbDlyUHRsTHo3MmVsM2ktLU5ZbnhTaWZaQ296WVU3NnhrUWlMZHFrdXZ6NF9ERzNtNFNDOGU2MXYzNnMwbEZmcGRfR3c?oc=5\" target=\"_blank\" rel=\"nofollow noopener\">La Vuelta Espa\u00f1a 2025: horario, recorrido, perfil y d\u00f3nde ver por TV y online la etapa 9<\/a>&nbsp;&nbsp;El Confidencial<\/li>\n<li><a href=\"https:\/\/news.google.com\/rss\/articles\/CBMixAFBVV95cUxQSHNiSndvN1hoaEZENVZkZWFJRGlZZ1Rqb3BfeGhHQTJFT2lSR09lNE9EVWFGc3BXaFJWdXJ1a2VkbE5SdDRSYWRacGdBcG53UjFqRHFqc1BiczA0NWowTXBwWENnbUdxbzVETF92YUZ3OUVyZXJkSlZLMFBZWktCZzN1YzROU2YxaVJfWDdMT0Z2bEQ5Z0Y1SVAwUjNEd3F2UjNZVXhxRGRrLWl1bUVzZ1ZKcEdNcFQtb2lTNkZTVm9Ccnk20gHYAUFVX3lxTE43M2RMSFBTdWVidjBkWWtzTGZHYXYxWTNQX241NGFxVTlQM0RTb0RTZ3NzaHRWbWZMZnlpTXBzNjJ6dGJLbzZtUVVuWXNTVUlBVzlKTGJERjNKMXFscDhQTlBPUEFHQnVpQW1McGhHZ1AtN09ybkEwNVdZTDJtbS1EQWozU2FBcWFTLVR3bXZJNEhWcE1FS0lxMUo1THpKcTFBaERtTFhVWTRLVWVBMl8waTdPVDVDX2dSSEprNWNPTF9rci1hNzZjeWVBdVBPM0R4LWRrekNsdA?oc=5\" target=\"_blank\" rel=\"nofollow noopener\">Fr\u00edo, lluvia y nieve: as\u00ed fue la etapa m\u00e1s dura en Valdezcaray en el estreno de Indurain en La Vuelta<\/a>&nbsp;&nbsp;Diario AS<\/li>\n<li><a href=\"https:\/\/news.google.com\/rss\/articles\/CBMipAFBVV95cUxOX3ZMRmxkUVBXRjlaSno2U2xNc012MjZvQWp2dWJld2ZPYmFuclZXbkR1UHJsVWtpcVgxbjhHdXZXTUZ5TVlyVGI4aHBZY3pIQjlZOFVpVGZaRGxQMVo4aXRXUzh0TzJEd3pWRDNHUG5KRmtGZWtFRW1mY0dEUFBfX0ZPZG1OdFc0dXhyQ3R5TmdNQ1ZqTF82ZlRlbmZtVldWeHMzWg?oc=5\" target=\"_blank\" rel=\"nofollow noopener\">\u00bfA qu\u00e9 hora pasa la Vuelta por mi pueblo?<\/a>&nbsp;&nbsp;La Rioja<\/li>\n<\/ol>\n","protected":false},"excerpt":{"rendered":"Etapa 9 de la Vuelta a Espa\u00f1a 2025, Alfaro &#8211; Valdezcaray \/ 195,5 Km&nbsp;&nbsp;Ciclismo Perfil, recorrido, hora y&hellip;\n","protected":false},"author":2,"featured_media":83313,"comment_status":"","ping_status":"","sticky":false,"template":"","format":"standard","meta":{"footnotes":""},"categories":[273],"tags":[20176,313,14734,312,168,1376,1053,2197,25,24,15583,22957,314,293,5215,1783,18371,1078,773,23,167,26297,1357],"class_list":{"0":"post-83312","1":"post","2":"type-post","3":"status-publish","4":"format-standard","5":"has-post-thumbnail","7":"category-ciclismo","8":"tag-alfaro","9":"tag-ciclismo","10":"tag-concluye","11":"tag-cycling","12":"tag-deportes","13":"tag-disputa","14":"tag-domingo","15":"tag-edicion","16":"tag-es","17":"tag-espana","18":"tag-esqui","19":"tag-estacion","20":"tag-etapa","21":"tag-jornada","22":"tag-kilometros","23":"tag-la","24":"tag-novena","25":"tag-primera","26":"tag-semana","27":"tag-spain","28":"tag-sports","29":"tag-valdezcaray","30":"tag-vuelta"},"share_on_mastodon":{"url":"","error":""},"_links":{"self":[{"href":"https:\/\/www.europesays.com\/es\/wp-json\/wp\/v2\/posts\/83312","targetHints":{"allow":["GET"]}}],"collection":[{"href":"https:\/\/www.europesays.com\/es\/wp-json\/wp\/v2\/posts"}],"about":[{"href":"https:\/\/www.europesays.com\/es\/wp-json\/wp\/v2\/types\/post"}],"author":[{"embeddable":true,"href":"https:\/\/www.europesays.com\/es\/wp-json\/wp\/v2\/users\/2"}],"replies":[{"embeddable":true,"href":"https:\/\/www.europesays.com\/es\/wp-json\/wp\/v2\/comments?post=83312"}],"version-history":[{"count":0,"href":"https:\/\/www.europesays.com\/es\/wp-json\/wp\/v2\/posts\/83312\/revisions"}],"wp:featuredmedia":[{"embeddable":true,"href":"https:\/\/www.europesays.com\/es\/wp-json\/wp\/v2\/media\/83313"}],"wp:attachment":[{"href":"https:\/\/www.europesays.com\/es\/wp-json\/wp\/v2\/media?parent=83312"}],"wp:term":[{"taxonomy":"category","embeddable":true,"href":"https:\/\/www.europesays.com\/es\/wp-json\/wp\/v2\/categories?post=83312"},{"taxonomy":"post_tag","embeddable":true,"href":"https:\/\/www.europesays.com\/es\/wp-json\/wp\/v2\/tags?post=83312"}],"curies":[{"name":"wp","href":"https:\/\/api.w.org\/{rel}","templated":true}]}}