{"id":83342,"date":"2025-08-31T04:08:11","date_gmt":"2025-08-31T04:08:11","guid":{"rendered":"https:\/\/www.europesays.com\/es\/83342\/"},"modified":"2025-08-31T04:08:11","modified_gmt":"2025-08-31T04:08:11","slug":"no-tuve-una-buena-despedida-de-la-f1-busque-en-la-musica-un-rincon-donde-esconderme","status":"publish","type":"post","link":"https:\/\/www.europesays.com\/es\/83342\/","title":{"rendered":"No tuve una buena despedida de la F1; busqu\u00e9 en la m\u00fasica un rinc\u00f3n donde esconderme"},"content":{"rendered":"<p class=\"ft-text\">Jaime Alguersuari Escudero (Barcelona, 35 a\u00f1os) se entretiene con sus pulseras y anillos, cuando conversa con EL PERI\u00d3DICO. Los toquetea y hace girar ligeramente con las manos, a la vez que varios corazones plateados rodean su cuello. \u201cSiempre lo llevo puesto. El amor es la soluci\u00f3n a todo\u201d, explica refiri\u00e9ndose al colgante plateado que luce bajo su recortada barba. Y con la mirada de un ni\u00f1o, \u2014arropado por una camiseta de &#8216;El libro de la selva&#8217;\u2014 pero con la madurez de un adulto, recuerda sus vivencias como expiloto de la F\u00f3rmula 1.<\/p>\n<p class=\"ft-text\">Una etapa de \u201caprendizaje radical\u201d, en la que lleg\u00f3 a ser el piloto m\u00e1s joven en debutar en el Gran Circo: 19 a\u00f1os, cuatro meses y tres d\u00edas. M\u00e1s de una d\u00e9cada despu\u00e9s de alejarse del ruido de los motores, la escuder\u00eda Toro Rosso y la academia de j\u00f3venes pilotos de Red Bull, tras coquetear con la F\u00f3rmula E y volver a competir en karts por el camino, ahora vibra con otras \u201cfrecuencias\u201d. Las de la m\u00fasica. Unas que tambi\u00e9n le hacen subir de revoluciones, pero ya no al mando de un monoplaza de carreras.<\/p>\n<p class=\"ft-text\"><strong>De peque\u00f1o, \u00bfera de los que cantaba en el coche? <\/strong><\/p>\n<p class=\"ft-text\">S\u00ed, s\u00ed, s\u00ed. Y en esa \u00e9poca, vi una pel\u00edcula que marc\u00f3 mi vida. Se llama &#8216;Fantas\u00eda&#8217;. Es de Walt Disney y la recomiendo a ni\u00f1os y adultos. Son animaciones que recogen las mejores obras cl\u00e1sicas de la historia: Mozart, Bach, Beethoven\u2026 Eso para un ni\u00f1o peque\u00f1o era como una cascada de sensaciones y sentimientos. Me la pon\u00eda repetitivamente.<\/p>\n<p class=\"ft-text\"><strong>\u00bfCu\u00e1ntas veces la ha visto?<\/strong><\/p>\n<p class=\"ft-text\">M\u00e1s de 30. Cada verano, mi padre me la pon\u00eda. Me embobaba. Todos los personajes de Walt Disney ten\u00edan una actividad. Una acci\u00f3n. Cada una de ellas se relacionaba con una historia t\u00e9cnica de la m\u00fasica. Era impresionante.<\/p>\n<blockquote class=\"ft-mol-quote\" data-aida-quote=\"\"><p>\u00abCada mes, tengo entre cinco y 10 sue\u00f1os por la noche. A\u00fan pienso que estoy all\u00ed: conduciendo y compitiendo\u00bb<\/p>\n<p class=\"ft-mol-quote__author--name\">Jaime Alguersuari<\/p>\n<p class=\"ft-mol-quote__author--status\">\u2014 Disc-jockey y expiloto de F\u00f3rmula 1 <\/p>\n<\/blockquote>\n<p class=\"ft-text\"><strong>\u00bfSe identificaba con alg\u00fan personaje en concreto?<\/strong><\/p>\n<p class=\"ft-text\">Supongo que s\u00ed [risas]. Siempre tienes a tu favorito. Mickey Mouse era inquietante. Hac\u00eda la funci\u00f3n de \u2018El aprendiz de mago\u2019, pero despu\u00e9s la pifiaba. Eran \u00e9pocas m\u00e1gicas que ya no se viven. Sin pantallas, ni tantos videojuegos.<\/p>\n<p class=\"ft-text\"><strong>\u00bfQu\u00e9 papel jug\u00f3 la m\u00fasica en su adolescencia?<\/strong><\/p>\n<p class=\"ft-text\">Aquella fue la mejor etapa de mi vida. Toda mi juventud la pas\u00e9 en Ibiza. Veraneaba all\u00ed. Mi relaci\u00f3n con la isla estaba muy vinculada con mis amigos. Practic\u00e1bamos deporte al aire libre: motocross, karting\u2026 Compr\u00e1bamos discos, nos ense\u00f1\u00e1bamos la m\u00fasica y debat\u00edamos sobre qui\u00e9n ten\u00eda la canci\u00f3n m\u00e1s chula. Ten\u00edamos un garaje donde guard\u00e1bamos de todo. Hab\u00eda una cabina de DJ, una mesa de mezclas y giradiscos [dibuja las formas con las manos].<\/p>\n<p class=\"ft-text\"><strong>Con 16 a\u00f1os hizo su primera sesi\u00f3n como disc-jokey. En Ibiza, precisamente.<\/strong><\/p>\n<p class=\"ft-text\">Fue gracias a un amigo. \u00c9l era mayor de edad. Me dejaron poner una canci\u00f3n y fue all\u00ed la primera vez que sent\u00ed la importancia del DJ. Fue un punto de inflexi\u00f3n para entender que me gustaba mucho la m\u00fasica y, sobre todo, entenderme m\u00e1s a m\u00ed mismo.<\/p>\n<p class=\"ft-text\"><strong>\u00bfLo consigui\u00f3?<\/strong><\/p>\n<p class=\"ft-text\">Comprend\u00ed que la m\u00fasica tiene un impacto en el ser humano incre\u00edble. Es una religi\u00f3n. Nos une. Y que era m\u00e1s grande que mi propio ego y mi voluntad de ser piloto de coches.<\/p>\n<p><img decoding=\"async\" src=\"https:\/\/www.europesays.com\/es\/wp-content\/uploads\/2025\/08\/6d3be0e6-18f8-4f17-bf7e-87787a79e0d4_alta-libre-aspect-ratio_default_0.jpg\" width=\"1200\" height=\"800\" alt=\"L'HOSPITALET DE LLOBREGAT 20\/08\/2025 Deportes Entrevista a Jaime Alguersuari. FOTO DE RICARD CUGAT\" class=\"ft-helper-img-rd\" loading=\"lazy\" hasdataaida=\"true\"\/><\/p>\n<p class=\"ft-helper-fontColor-quaternary ft-helper-fontSize-body-S ft-helper-spacer-t-xxs\">Jaime Alguersuari posa para &#8216;El Peri\u00f3dico&#8217; en la sede del diario  \/ RICARD CUGAT \/ EPC<\/p>\n<p class=\"ft-text\"><strong>\u00bfLe hubiera gustado que su padre le regalara un piano, en vez de un kart, a los siete a\u00f1os? <\/strong><\/p>\n<p class=\"ft-text\">Mi padre quer\u00eda un hijo piloto. Supongo que a todos los padres les hace ilusi\u00f3n que su hijo se dedique a lo que a ellos les atra\u00eda. A m\u00ed tambi\u00e9n me hac\u00eda ilusi\u00f3n eso. Me encantan los coches y me gustaron mucho durante mi etapa como profesional. Pero no puedes combatir contra algo que entra en tu vida, te gusta y es superior a ti. Hacer m\u00fasica es arte.<\/p>\n<p class=\"ft-text\"><strong>Uno de sus nombres art\u00edsticos es DJ Squire. En espa\u00f1ol, &#8216;squire&#8217; significa escudo. \u00bfSe ha puesto escudos en la vida? <\/strong><\/p>\n<p class=\"ft-text\">Muchos. Ahora ya no. Cuando eres un personaje p\u00fablico, la opini\u00f3n social te afecta y es muy importante que tengas tu escudo. Que no se viole tu privacidad. Sobre todo por tu confianza. De repente, llegas a la F1 y la gente asume una opini\u00f3n de ti que puede ser totalmente falsa. Entonces, te das cuenta de qu\u00e9 va la vida y has de mantener una mentalidad dura, resistente y fuerte. Cuando me retir\u00e9, yo estaba muy dolido con lo que me hab\u00eda pasado en la F\u00f3rmula 1.<\/p>\n<p class=\"ft-text\"><strong>\u00bfEs m\u00e1s necesario protegerse en el mundo de la m\u00fasica o en el de la F1? <\/strong><\/p>\n<p class=\"ft-text\">En todos los de la vida. He aprendido mucho de los errores que comet\u00ed y lo que me pas\u00f3 en la F1. Aterric\u00e9 muy temprano y me pasaron muchas cosas demasiado pronto. Pero no me arrepiento de nada. Fue un aprendizaje radical e interesante.<\/p>\n<p class=\"ft-text\"><strong>Sin la m\u00fasica, \u00bfqu\u00e9 ser\u00eda diferente para usted?<\/strong><\/p>\n<p class=\"ft-text\">No tendr\u00eda sentido la vida. Cuando hablamos de m\u00fasica, nos referimos a frecuencias. Ahora mismo, hay varias: mi voz, el sonido ambiente,&#8230; Cuando las juntas, creas un sentimiento que va m\u00e1s all\u00e1 de todo. El cerebro genera ese placer de escucharla. No es algo comparable a conducir un coche r\u00e1pido.<\/p>\n<blockquote class=\"ft-mol-quote\" data-aida-quote=\"\"><p>\u00abVerstappen es el mejor piloto de la historia. Han creado a un animal, pero no s\u00e9 si es feliz\u00bb<\/p>\n<p class=\"ft-mol-quote__author--name\">Jaime Alguersuari<\/p>\n<p class=\"ft-mol-quote__author--status\">\u2014 Expiloto de F\u00f3rmula y disc-jockey<\/p>\n<\/blockquote>\n<p class=\"ft-text\"><strong>\u00bfC\u00f3mo se llevan los egos en esta industria?<\/strong><\/p>\n<p class=\"ft-text\">Es el principal rival de todos los artistas y del ser humano. Pensar que somos superiores a alguien es una tonter\u00eda. Formamos parte del sistema, pero has de hacerlo sin que te intoxique. Es un equilibrio. Cada cual debe entender que no existe el mundo perfecto. Despu\u00e9s de llegar a la academia de Red Bull, no entend\u00eda por qu\u00e9 no pod\u00eda continuar con un coche competitivo. Pero la vida no es lo que a veces uno se espera.<\/p>\n<p class=\"ft-text\"><strong>\u00bfEst\u00e1 en paz con el mundo del automovilismo? <\/strong><\/p>\n<p class=\"ft-text\">Mucho. Tengo claro que el trabajo que hice fue pluscuamperfecto. Probablemente, habr\u00eda podido mejorar mi actitud fuera del coche. Manejar las frustraciones. Fernando Alonso, dos veces campe\u00f3n del mundo, lleva a\u00f1os sin ganar. Su mentalidad es la de la aceptarlo, pero yo no admit\u00eda que mi posici\u00f3n era estar el 14 o el 15. Cuando \u00e9ramos s\u00e9ptimo u octavo, se sent\u00eda como una victoria. Pero esa no era nuestra posici\u00f3n real.<\/p>\n<p class=\"ft-text\"><strong>\u00bfFueron injustos con su despido?<\/strong><\/p>\n<p class=\"ft-text\">Me cost\u00f3 a\u00f1os entender esa decisi\u00f3n. Pero debes actuar de manera madura y entender que la vida contin\u00faa. Tampoco es justo que Carlos Sainz, con cuatro carreras ganadas en Ferrari, no est\u00e9 entre los 15 primeros del Mundial. La vida es ondulante como dec\u00eda Josep Pla. La diferencia la hace la cabeza. Por eso me gusta tanto el golf.<\/p>\n<p class=\"ft-text\"><strong>\u00bfQu\u00e9 le atrae de ese deporte?<\/strong><\/p>\n<p class=\"ft-text\">Es el mejor a nivel mental. Te pone en tu sitio. Juegas contra el peor enemigo: tu ego.<\/p>\n<p class=\"ft-text\"><strong>\u00bfCambiar\u00eda algo de aquella \u00e9poca?<\/strong><\/p>\n<p class=\"ft-text\">No disfrut\u00e9 mi estancia en la F\u00f3rmula 1 y me hubiera gustado vivirla m\u00e1s. Ten\u00eda siempre una angustia interna. Con mi edad actual, lo hubiese gestionado diferente.<\/p>\n<p><img decoding=\"async\" src=\"https:\/\/www.europesays.com\/es\/wp-content\/uploads\/2025\/08\/f330c494-f187-4634-a9ae-79aa7cfb03ed_alta-libre-aspect-ratio_default_0.jpg\" width=\"1200\" height=\"739\" alt=\"VALENCIA 25 6 10FORMULA 1EL PILOTO DE TORO ROSSO JAIME ALGUERSUARI EN EL CIRCUITO URBANO DE VALENCIA DURANTE LA SEGUNDA SESION DE ENTRENAMIENTOS LIBRES DEL GRAN PREMIO DE EUROPA DE F1 FOTO MIGUEL LORENZO\" class=\"ft-helper-img-rd\" loading=\"lazy\" hasdataaida=\"true\"\/><\/p>\n<p class=\"ft-helper-fontColor-quaternary ft-helper-fontSize-body-S ft-helper-spacer-t-xxs\">Jaime Alguersuari pilotando el STR5 en el Gran Premio de Europa 2010  \/ MIGUEL LORENZO<\/p>\n<p class=\"ft-text\"><strong>\u00bfEl qu\u00e9?<\/strong><\/p>\n<p class=\"ft-text\">Declaraciones, prensa\u2026 Ten\u00eda una buena imagen fuera del equipo y la gente ve\u00eda los resultados. Pero no sent\u00eda una estimaci\u00f3n de ciertos personajes de Red Bull Racing hacia m\u00ed. Tampoco hacia mi excompa\u00f1ero, Seb\u00e1stien Buemi. Tengo la conciencia muy tranquila. S\u00e9 que di el 120% con aquel coche. Si ganas a tu compa\u00f1ero de equipo y lo pones en lugares que no le corresponden\u2026 No te puedes marchar, te has de quedar. Sobre todo, cuando estaba en mi mejor momento t\u00e9cnico y profesional.<\/p>\n<p class=\"ft-text\"><strong>A d\u00eda de hoy, \u00bfse le viene a la cabeza alg\u00fan momento relacionado con la F1?<\/strong><\/p>\n<p class=\"ft-text\">Cada semana [piensa]. Cada mes, tengo entre cinco y 10 sue\u00f1os por la noche. Muy extra\u00f1os. A\u00fan pienso que estoy all\u00ed: conduciendo y compitiendo. Veo una carrera de F\u00f3rmula 1 y me pasa. Me dediqu\u00e9 en cuerpo y alma a ese deporte desde los nueve a\u00f1os. No tuve una buena despedida de la F1 y busqu\u00e9 en Squire un rinc\u00f3n donde esconderme. A nivel psicol\u00f3gico, no estaba bien. Necesit\u00e9 ayuda.<\/p>\n<p class=\"ft-text\"><strong>\u00bfHa superado c\u00f3mo se march\u00f3 de Toro Rosso?<\/strong><\/p>\n<p class=\"ft-text\">Est\u00e1 aceptado, pero ese trauma siempre estar\u00e1. Lo que pas\u00f3 en la F\u00f3rmula 1 y ese despido permanecer\u00e1 en mi vida. En mi coraz\u00f3n. Me sabe mal encontrarme a gente por la calle, que se pare y me diga: \u201cQu\u00e9 pena lo que te hicieron\u201d. No quiero que lo vean as\u00ed, porque fue muy bien. Podr\u00eda haber ido mejor, pero no quiero culpar o se\u00f1alar a nadie. Busco ver las cosas de forma positiva y optimista. Es cierto que, a partir de ah\u00ed, perd\u00ed la magia, el amor y las ganas por el automovilismo. No quer\u00eda saber nada de eso.<\/p>\n<p class=\"ft-text\"><strong>\u00bfEn qu\u00e9 es mejor el Jaime Alguersuari de hoy que el de ayer? <\/strong><\/p>\n<p class=\"ft-text\">Intento estar m\u00e1s en paz que ayer. Para m\u00ed, eso es mejorarme. Todo el mundo tenemos nuestros issues [problemas], pero saberlos identificar y entenderlos est\u00e1 bien para continuar hacia delante.<\/p>\n<blockquote class=\"ft-mol-quote\" data-aida-quote=\"\"><p>\u00abLo que pas\u00f3 en la F\u00f3rmula 1 y ese despido permanecer\u00e1 en mi vida\u00bb<\/p>\n<p class=\"ft-mol-quote__author--name\">Jaime Alguersuari<\/p>\n<p class=\"ft-mol-quote__author--status\">\u2014 Expiloto de F\u00f3rmula 1 y disc-j\u00f3ckey<\/p>\n<\/blockquote>\n<p class=\"ft-text\"><strong>\u00bfDe qu\u00e9 manera llega a ese estado?<\/strong><\/p>\n<p class=\"ft-text\">Me considero una persona muy tranquila. Cuando estoy con mis amigos, los de verdad, me hacen sentir bien. Estoy en paz. Chill [relajado].<\/p>\n<p class=\"ft-text\"><strong>\u00bfTiene miedo de que alg\u00fan d\u00eda su pasi\u00f3n por la m\u00fasica se diluya?<\/strong><\/p>\n<p class=\"ft-text\">Nunca se disipar\u00e1 por varios motivos. La m\u00fasica no es una competici\u00f3n y es muy subjetiva. En cambio, el automovilismo es m\u00e1s matem\u00e1tico. Perd\u00ed el amor por \u00e9l. Por la F\u00f3rmula 1 o el sistema de la F\u00f3rmula 1. Es verdad que la m\u00fasica tambi\u00e9n lo tiene. Todo. Pero es terap\u00e9utica y cuando est\u00e1s triste o contento, siempre puedes acudir a ella.<\/p>\n<p class=\"ft-text\"><strong>\u00bfQu\u00e9 es para usted el amor?<\/strong><\/p>\n<p class=\"ft-text\">Sentir que est\u00e1s conectado a algo. A las cosas. A la vida. Aquello que te haga feliz. Por eso, todo lo que pas\u00f3, me habr\u00eda gustado que fuera de otro modo. Pero la historia es maravillosa. Incre\u00edble. Por ejemplo, Max Verstappen es el mejor piloto de la historia. Han creado a un animal, pero no s\u00e9 si es feliz.<\/p>\n<p class=\"ft-text\"><strong>\u00bfPor qu\u00e9?<\/strong><\/p>\n<p class=\"ft-text\">Cuando te lo encuentras, es una persona que solo piensa y respira F\u00f3rmula 1. Es decir, no hay nada m\u00e1s en su vida que bajar del coche, irse al hotel, estudiar la telemetr\u00eda y ponerse en un simulador para saber c\u00f3mo puede ir una mil\u00e9sima m\u00e1s r\u00e1pido. Igual no necesita nada m\u00e1s, pero yo no quiero ser eso.<\/p>\n<p class=\"ft-text\"><strong>\u00bfLa competici\u00f3n lleva a esa obsesi\u00f3n?<\/strong><\/p>\n<p class=\"ft-text\">Hay muchas personas que hemos estado all\u00ed dentro y hemos vivido eso. Cuando t\u00fa corres, odias a tu compa\u00f1ero de equipo. Vives con ese odio constante. Le has de ganar. Ahora ya estoy en un sector muy diferente al de la F\u00f3rmula 1, pero vives toda la vida con esa sensaci\u00f3n. Tambi\u00e9n porque nosotros fuimos educados en Red Bull.<\/p>\n<p><img decoding=\"async\" src=\"https:\/\/www.europesays.com\/es\/wp-content\/uploads\/2025\/08\/d47a5d19-b9e9-48c1-aa23-fc4f8e789df0_alta-libre-aspect-ratio_default_0.jpg\" width=\"1200\" height=\"800\" alt=\"L'HOSPITALET DE LLOBREGAT 20\/08\/2025 Deportes Entrevista a Jaime Alguersuari. FOTO DE RICARD CUGAT\" class=\"ft-helper-img-rd\" loading=\"lazy\" hasdataaida=\"true\"\/><\/p>\n<p class=\"ft-helper-fontColor-quaternary ft-helper-fontSize-body-S ft-helper-spacer-t-xxs\">Jaime Alguersuari posa para &#8216;El Peri\u00f3dico&#8217; en la sede del diario.  \/ RICARD CUGAT \/ EPC<\/p>\n<p class=\"ft-text\"><strong>Hace dos a\u00f1os, cre\u00f3 con Lo\u00efc Le Joliff [fundador del Brunch Electronik festival] el proyecto musical, <\/strong><strong>Pole Position<\/strong><strong>. \u00bfSe le hizo extra\u00f1o entender que un compa\u00f1ero no es un enemigo? <\/strong><\/p>\n<p class=\"ft-text\">S\u00ed. Un compa\u00f1ero ha de ser una ayuda. Siempre. Cuando te juntas con alguien es porque quieres crear algo que contribuya m\u00e1s de lo que t\u00fa haces. Lo\u00efc tiene unas virtudes que yo no tengo y yo tengo unas que \u00e9l no tiene. Nos repartimos las tareas en funci\u00f3n de eso. Trabajar con \u00e9l, me recuerda a mi \u00e9poca en Red Bull. Es muy exigente.<\/p>\n<p class=\"ft-text\"><strong>En la F\u00f3rmula 1, \u00bfse pon\u00eda m\u00fasica antes de empezar una carrera? <\/strong><\/p>\n<p class=\"ft-text\">Escuchaba a Mob Moby: un productor de m\u00fasica electr\u00f3nica de los 90. Hizo dos \u00e1lbumes que me encantaron: The B Sides y Go. Todav\u00eda los oigo.<\/p>\n<p class=\"ft-text\"><strong>Ahora, cuando va en el coche conduciendo, \u00bfqu\u00e9 escucha?<\/strong><\/p>\n<p class=\"ft-text\">De todo. Primero, depende del camino. Si estoy en un pueblo perdido, si llueve o si hace sol. Son situaciones diferentes, con sentimientos distintos. La clave es pensar que siempre hay una canci\u00f3n para cada momento.<\/p>\n<p class=\"ft-text\"><strong>Si tuviera que poner una banda sonora a su vida actual, \u00bfcu\u00e1l ser\u00eda? <\/strong><\/p>\n<p class=\"ft-text\">&#8216;Fantas\u00eda&#8217;.<\/p>\n","protected":false},"excerpt":{"rendered":"Jaime Alguersuari Escudero (Barcelona, 35 a\u00f1os) se entretiene con sus pulseras y anillos, cuando conversa con EL PERI\u00d3DICO.&hellip;\n","protected":false},"author":2,"featured_media":83343,"comment_status":"","ping_status":"","sticky":false,"template":"","format":"standard","meta":{"footnotes":""},"categories":[270],"tags":[31280,2136,168,204,25,24,306,271,272,17213,185,23,167,31281],"class_list":{"0":"post-83342","1":"post","2":"type-post","3":"status-publish","4":"format-standard","5":"has-post-thumbnail","7":"category-formula-1","8":"tag-alguersuari","9":"tag-buena","10":"tag-deportes","11":"tag-despedida","12":"tag-es","13":"tag-espana","14":"tag-f1","15":"tag-formula-1","16":"tag-formula1","17":"tag-jaime","18":"tag-musica","19":"tag-spain","20":"tag-sports","21":"tag-tuve"},"share_on_mastodon":{"url":"","error":""},"_links":{"self":[{"href":"https:\/\/www.europesays.com\/es\/wp-json\/wp\/v2\/posts\/83342","targetHints":{"allow":["GET"]}}],"collection":[{"href":"https:\/\/www.europesays.com\/es\/wp-json\/wp\/v2\/posts"}],"about":[{"href":"https:\/\/www.europesays.com\/es\/wp-json\/wp\/v2\/types\/post"}],"author":[{"embeddable":true,"href":"https:\/\/www.europesays.com\/es\/wp-json\/wp\/v2\/users\/2"}],"replies":[{"embeddable":true,"href":"https:\/\/www.europesays.com\/es\/wp-json\/wp\/v2\/comments?post=83342"}],"version-history":[{"count":0,"href":"https:\/\/www.europesays.com\/es\/wp-json\/wp\/v2\/posts\/83342\/revisions"}],"wp:featuredmedia":[{"embeddable":true,"href":"https:\/\/www.europesays.com\/es\/wp-json\/wp\/v2\/media\/83343"}],"wp:attachment":[{"href":"https:\/\/www.europesays.com\/es\/wp-json\/wp\/v2\/media?parent=83342"}],"wp:term":[{"taxonomy":"category","embeddable":true,"href":"https:\/\/www.europesays.com\/es\/wp-json\/wp\/v2\/categories?post=83342"},{"taxonomy":"post_tag","embeddable":true,"href":"https:\/\/www.europesays.com\/es\/wp-json\/wp\/v2\/tags?post=83342"}],"curies":[{"name":"wp","href":"https:\/\/api.w.org\/{rel}","templated":true}]}}