{"id":83366,"date":"2025-08-31T04:26:07","date_gmt":"2025-08-31T04:26:07","guid":{"rendered":"https:\/\/www.europesays.com\/es\/83366\/"},"modified":"2025-08-31T04:26:07","modified_gmt":"2025-08-31T04:26:07","slug":"roca-me-dijo-lo-del-purito-con-guasa-y-me-sento-peor","status":"publish","type":"post","link":"https:\/\/www.europesays.com\/es\/83366\/","title":{"rendered":"\u00abRoca me dijo lo del purito con guasa y me sent\u00f3 peor\u00bb"},"content":{"rendered":"<p style=\"\"><strong>-Usted acus\u00f3 a Roca Rey de vetarle en Santander. \u00bfQu\u00e9 pas\u00f3 exactamente?<\/strong><\/p>\n<p style=\"\">-En Santander me enter\u00e9 por la prensa de que Cayetano no iba y llamamos al empresario, que en ese momento no cog\u00eda el tel\u00e9fono, as\u00ed que llamamos a la alcaldesa, con  &#8230; la que tengo muy buena relaci\u00f3n porque es muy taurina y muy cari\u00f1osa con los toreros. Le dijimos que si ellos lo ten\u00edan a bien, quer\u00eda torear la sustituci\u00f3n de Cayetano, ya que la tarde m\u00eda anterior, que fue un mano a mano con Ortega, no hab\u00eda tenido suerte con los toros. La sorpresa fue que cuando se lo dijeron a Roca Rey, \u00e9l dijo que no. Eso no me gust\u00f3, pero as\u00ed fue la historia.<\/p>\n<p class=\"voc-p\" style=\"\"><strong>-Eso quiere decir que usted le concede a Roca Rey el poder para vetarle. \u00bfEs as\u00ed?<\/strong><\/p>\n<p class=\"voc-p\" style=\"\">-Es un torero que est\u00e1 en el cartel y el empresario tiene que contar con \u00e9l porque si no, no ser\u00eda lo correcto. No est\u00e1 bien que Roca Rey diga que no quer\u00eda torear conmigo en Santander. Eso es todo.<\/p>\n<p class=\"voc-title\">\u00abLa rivalidad tiene que ser noble, lo de Roca Rey no fue justo\u00bb<\/p>\n<p class=\"voc-p\" style=\"\"><strong>-\u00bfY por qu\u00e9 le habr\u00eda vetado?<\/strong><\/p>\n<p class=\"voc-p\" style=\"\">-Preg\u00fanteselo a \u00e9l, la verdad es que me sorprendi\u00f3, pero yo creo que no ten\u00eda sentido. S\u00ed que le dije tambi\u00e9n al empresario que torear\u00eda para alguna entidad ben\u00e9fica para que el pago no afectase a las arcas del empresario, que yo toreaba gratis para lo que ellos quisieran destinarlo. Al decir Roca Rey que no, el empresario, el pobre, no pudo hacer nada.<\/p>\n<p class=\"voc-p\" style=\"\"><strong>-Luego tuvieron sus m\u00e1s y sus menos en El Puerto. Usted se enfrent\u00f3 con \u00e9l en el callej\u00f3n.<\/strong><\/p>\n<p class=\"voc-p\" style=\"\">-S\u00ed, hubo un rifirrafe. Le hizo un quite a un toro que hab\u00eda entrado cuatro veces al caballo y eso no es reglamentario. La rivalidad hay que hacerla de una forma noble, aquello no me pareci\u00f3 justo. Es verdad que en aquel momento a lo mejor estuve acalorado con \u00e9l, pero era el momento de la presi\u00f3n. Si \u00e9l lo vio de una forma acalorada, es mi forma de ser. Le dije que eso aqu\u00ed no se pod\u00eda hacer, le dije &#8216;aqu\u00ed&#8217; porque \u00e9l me dijo como que no te metas con mi pa\u00eds. Al rev\u00e9s, yo a Per\u00fa le tengo un gran cari\u00f1o y en Am\u00e9rica es de los pa\u00edses con m\u00e1s salud taurina. Tampoco sab\u00eda si en el reglamento de all\u00ed se pod\u00eda hacer un quite en el cuarto puyazo y \u00e9l lo tom\u00f3 a mal. La rivalidad debe estar en el ruedo y de una forma noble. La rivalidad la tengo con todos los toreros y no quiero que ninguno est\u00e9 mejor que yo, esa es mi forma de ser y todos mis compa\u00f1eros lo han hecho de una forma noble. Pero se solventa r\u00e1pido. Son momentos que pasan en el toreo y despu\u00e9s se olvidan.<\/p>\n<p class=\"voc-title\">\u00abEn su fuero interno, Roca Rey tiene una desavenencia conmigo; yo no la tengo con \u00e9l\u00bb<\/p>\n<p class=\"voc-p\" style=\"\"><strong>-\u00bfLe dijo Roca que se fumase un purito?<\/strong><\/p>\n<p class=\"voc-p\" style=\"\">-Lo del purito ya lo dijo con guasa y me sent\u00f3 peor. Eso quiere decir que en su fuero interno existe una desavenencia conmigo. Yo no la tengo con \u00e9l. Pero no quise alargar m\u00e1s la discusi\u00f3n. <\/p>\n<p class=\"voc-p\" style=\"\"><strong>-\u00bfPor qu\u00e9 se ha distanciado de la pol\u00edtica y de su apoyo a Vox?<\/strong><\/p>\n<p class=\"voc-p\" style=\"\">-Yo todo aquel partido pol\u00edtico que ayude un poco a respetar y a fomentar el mundo del toro, encantado. Hubo un tiempo que sufrimos mucho, todav\u00eda lo sufrimos en Catalu\u00f1a, pero con los a\u00f1os se volver\u00e1 a la normalidad. Vi una dejadez por todos los pol\u00edticos, una indiferencia, aquello me parec\u00eda injusto siendo el toreo la cultura m\u00e1s distintiva que tiene Espa\u00f1a. Y me hizo se\u00f1alarme. <\/p>\n<p class=\"voc-p\" style=\"\"><strong>-\u00bfPero volver\u00eda si hiciera falta?<\/strong><\/p>\n<p class=\"voc-p\" style=\"\">-Yo siempre ser\u00e9 como Juncal, se me ve la cojera desde lejos. Me pasa en lo personal y en lo profesional, en todo. Pero ahora el toreo no es un gran problema. Tenemos la mala suerte de que el PSOE, que antiguamente no ten\u00eda ning\u00fan complejo, hoy s\u00ed lo tiene y no van a los toros o lo tratan de una forma peyorativa.<\/p>\n<p class=\"voc-p\" style=\"\"><strong>-\u00bfQu\u00e9 ha pasado con la corrida de El Parralejo en Almer\u00eda? Le reprochan que pidi\u00f3 cambiar la ganader\u00eda a pesar de que no iba a reaparecer all\u00ed.<\/strong><\/p>\n<p class=\"voc-p\" style=\"\">-La verdad es que no estaba para reaparecer, ten\u00eda muchas dudas y hay pocos toros en el campo, estamos los toreros muy preocupados, pero yo no he escuchado ninguna pol\u00e9mica. Iban tres toros y tres y as\u00ed se lidiaron, no he prestado atenci\u00f3n. Pero hay que entender que cuando uno reaparece tiene muchas dudas.<\/p>\n","protected":false},"excerpt":{"rendered":"-Usted acus\u00f3 a Roca Rey de vetarle en Santander. \u00bfQu\u00e9 pas\u00f3 exactamente? -En Santander me enter\u00e9 por la&hellip;\n","protected":false},"author":2,"featured_media":83367,"comment_status":"","ping_status":"","sticky":false,"template":"","format":"standard","meta":{"footnotes":""},"categories":[277],"tags":[373,31291,168,31290,25,24,31288,31289,31287,31286,5330,10587,1048,23,167,374],"class_list":{"0":"post-83366","1":"post","2":"type-post","3":"status-publish","4":"format-standard","5":"has-post-thumbnail","7":"category-toreo","8":"tag-bullfighting","9":"tag-conmigo","10":"tag-deportes","11":"tag-desavenencia","12":"tag-es","13":"tag-espana","14":"tag-fuero","15":"tag-interno","16":"tag-justoen","17":"tag-noble","18":"tag-rey","19":"tag-rivalidad","20":"tag-roca","21":"tag-spain","22":"tag-sports","23":"tag-toreo"},"share_on_mastodon":{"url":"","error":""},"_links":{"self":[{"href":"https:\/\/www.europesays.com\/es\/wp-json\/wp\/v2\/posts\/83366","targetHints":{"allow":["GET"]}}],"collection":[{"href":"https:\/\/www.europesays.com\/es\/wp-json\/wp\/v2\/posts"}],"about":[{"href":"https:\/\/www.europesays.com\/es\/wp-json\/wp\/v2\/types\/post"}],"author":[{"embeddable":true,"href":"https:\/\/www.europesays.com\/es\/wp-json\/wp\/v2\/users\/2"}],"replies":[{"embeddable":true,"href":"https:\/\/www.europesays.com\/es\/wp-json\/wp\/v2\/comments?post=83366"}],"version-history":[{"count":0,"href":"https:\/\/www.europesays.com\/es\/wp-json\/wp\/v2\/posts\/83366\/revisions"}],"wp:featuredmedia":[{"embeddable":true,"href":"https:\/\/www.europesays.com\/es\/wp-json\/wp\/v2\/media\/83367"}],"wp:attachment":[{"href":"https:\/\/www.europesays.com\/es\/wp-json\/wp\/v2\/media?parent=83366"}],"wp:term":[{"taxonomy":"category","embeddable":true,"href":"https:\/\/www.europesays.com\/es\/wp-json\/wp\/v2\/categories?post=83366"},{"taxonomy":"post_tag","embeddable":true,"href":"https:\/\/www.europesays.com\/es\/wp-json\/wp\/v2\/tags?post=83366"}],"curies":[{"name":"wp","href":"https:\/\/api.w.org\/{rel}","templated":true}]}}