{"id":83412,"date":"2025-08-31T05:07:07","date_gmt":"2025-08-31T05:07:07","guid":{"rendered":"https:\/\/www.europesays.com\/es\/83412\/"},"modified":"2025-08-31T05:07:07","modified_gmt":"2025-08-31T05:07:07","slug":"la-multinacional-burgalesa-correa-eleva-un-37-los-pedidos-y-consolida-su-alta-rentabilidad","status":"publish","type":"post","link":"https:\/\/www.europesays.com\/es\/83412\/","title":{"rendered":"La multinacional burgalesa Correa eleva un 37% los pedidos y consolida su alta rentabilidad"},"content":{"rendered":"<p>Tras un 2024 hist\u00f3rico para el Grupo Correa, en el que se alcanzaron cifras r\u00e9cord de facturaci\u00f3n, la compa\u00f1\u00eda ha iniciado 2025 consolidando su solidez financiera y operativa. En el primer semestre, ha logrado mantener unos resultados \u00abrobustos y sostenidos\u00bb, en l\u00ednea con el ejercicio anterior, mostrando capacidad de estabilidad y adaptaci\u00f3n en un contexto global marcado por la incertidumbre.<\/p>\n<p>En el primer semestre de 2025, el Grupo Correa ha alcanzado una cifra de negocios consolidada de 57,7 millones de euros, lo que supone mantener unos ingresos muy pr\u00f3ximos a los obtenidos en el mismo periodo de 2024. Estos resultados ponen de manifiesto la \u00abfortaleza de la compa\u00f1\u00eda en un entorno econ\u00f3mico desafiante, caracterizado por una elevada incertidumbre, pero tambi\u00e9n con una situaci\u00f3n de m\u00e1xima utilizaci\u00f3n de la capacidad productiva\u00bb, lo que anticipa un mayor potencial de crecimiento con la entrada en funcionamiento de las nuevas inversiones productivas que empezar\u00e1n a ver la luz a finales del ejercicio 2025.<\/p>\n<p>En t\u00e9rminos de rentabilidad, el EBITDA consolidado ha alcanzado los 8,4 millones de euros, lo que supone un 14,6 % sobre los ingresos ordinarios, un ratio que se mantiene con respecto al del ejercicio anterior, demostrando la estabilidad de la compa\u00f1\u00eda en m\u00e1rgenes operativos. En esta misma l\u00ednea el Beneficio Antes de Impuestos (BAI) se ha situado en 7,9 millones de euros, manteniendo una rentabilidad del 13,7 %.<\/p>\n<p>En conjunto, estos resultados \u00abponen de relieve la solidez del modelo de negocio de Grupo Correa\u00bb, que contin\u00faa consolidando el crecimiento de los \u00faltimos a\u00f1os y mantiene \u00abuna rentabilidad robusta, incluso en escenarios de m\u00e1xima exigencia\u00bb.<\/p>\n<p>Uno de los indicadores m\u00e1s positivos del semestre ha sido la captaci\u00f3n de pedidos acumulada, que ha alcanzado los 59,7 millones de euros a 30 de junio de 2025, un 37% m\u00e1s que los 43,5 millones registrados en el mismo periodo del a\u00f1o anterior. Como resultado, la cartera de pedidos se elev\u00f3 a 80,7 millones de euros, un incremento del 3% respecto al cierre de 2024, garantizando actividad sostenida para los pr\u00f3ximos meses.<\/p>\n<p>A pesar de un primer semestre de 2025 marcado por la elevada incertidumbre global, derivada de tensiones geopol\u00edticas, conflictos regionales y cambios en las cadenas de suministro internacionales, Grupo Correa afronta la segunda mitad del a\u00f1o con confianza y solidez. La compa\u00f1\u00eda mantiene la capacidad de respuesta gracias a su cartera de pedidos en crecimiento, liquidez s\u00f3lida y plan de inversiones estrat\u00e9gicas.<\/p>\n","protected":false},"excerpt":{"rendered":"Tras un 2024 hist\u00f3rico para el Grupo Correa, en el que se alcanzaron cifras r\u00e9cord de facturaci\u00f3n, la&hellip;\n","protected":false},"author":2,"featured_media":83413,"comment_status":"","ping_status":"","sticky":false,"template":"","format":"standard","meta":{"footnotes":""},"categories":[80],"tags":[82,95,94,25,24,766,4320,31098,31306,5591,23],"class_list":{"0":"post-83412","1":"post","2":"type-post","3":"status-publish","4":"format-standard","5":"has-post-thumbnail","7":"category-economia","8":"tag-business","9":"tag-economia","10":"tag-economy","11":"tag-es","12":"tag-espana","13":"tag-impuestos","14":"tag-inversiones","15":"tag-multinacionales","16":"tag-nicolas-correa","17":"tag-rentabilidad","18":"tag-spain"},"share_on_mastodon":{"url":"","error":""},"_links":{"self":[{"href":"https:\/\/www.europesays.com\/es\/wp-json\/wp\/v2\/posts\/83412","targetHints":{"allow":["GET"]}}],"collection":[{"href":"https:\/\/www.europesays.com\/es\/wp-json\/wp\/v2\/posts"}],"about":[{"href":"https:\/\/www.europesays.com\/es\/wp-json\/wp\/v2\/types\/post"}],"author":[{"embeddable":true,"href":"https:\/\/www.europesays.com\/es\/wp-json\/wp\/v2\/users\/2"}],"replies":[{"embeddable":true,"href":"https:\/\/www.europesays.com\/es\/wp-json\/wp\/v2\/comments?post=83412"}],"version-history":[{"count":0,"href":"https:\/\/www.europesays.com\/es\/wp-json\/wp\/v2\/posts\/83412\/revisions"}],"wp:featuredmedia":[{"embeddable":true,"href":"https:\/\/www.europesays.com\/es\/wp-json\/wp\/v2\/media\/83413"}],"wp:attachment":[{"href":"https:\/\/www.europesays.com\/es\/wp-json\/wp\/v2\/media?parent=83412"}],"wp:term":[{"taxonomy":"category","embeddable":true,"href":"https:\/\/www.europesays.com\/es\/wp-json\/wp\/v2\/categories?post=83412"},{"taxonomy":"post_tag","embeddable":true,"href":"https:\/\/www.europesays.com\/es\/wp-json\/wp\/v2\/tags?post=83412"}],"curies":[{"name":"wp","href":"https:\/\/api.w.org\/{rel}","templated":true}]}}