{"id":83627,"date":"2025-08-31T07:57:18","date_gmt":"2025-08-31T07:57:18","guid":{"rendered":"https:\/\/www.europesays.com\/es\/83627\/"},"modified":"2025-08-31T07:57:18","modified_gmt":"2025-08-31T07:57:18","slug":"tesoros-naturales-tenidos-de-negro","status":"publish","type":"post","link":"https:\/\/www.europesays.com\/es\/83627\/","title":{"rendered":"Tesoros naturales te\u00f1idos de negro"},"content":{"rendered":"<p style=\"\"><strong>Cenizas, humo, escombros, y tambi\u00e9n mucha tristeza.<\/strong> Los voraces incendios que ha sufrido Castilla y Le\u00f3n este mes de agosto se llevan consigo miles de hect\u00e1reas de masa forestal, recuerdos y vivencias para la poblaci\u00f3n, pero tambi\u00e9n han te\u00f1ido de negro parte de algunos  &#8230; <strong>espacios naturales protegidos de la Comunidad<\/strong> que son aut\u00e9nticas joyas medioambientales y s\u00edmbolos importantes para la identidad del territorio. All\u00ed donde los da\u00f1os han sido mayores es un mazazo para el \u00e1nimo de la poblaci\u00f3n, m\u00e1s all\u00e1 del importante perjuicio que supone para un turismo rural y verde que durante el verano tiene tambi\u00e9n uno de sus puntos \u00e1lgidos.<\/p>\n<p class=\"voc-p\" style=\"\">Un ejemplo claro son <strong>Las M\u00e9dulas<\/strong>, cuyo coraz\u00f3n se ha salvado de las llamas, pero no el entorno, que ha pasado del verde al negro. Declaradas Patrimonio de la Humanidad por la Unesco en 1997, son una &#8216;postal&#8217; de los enclaves m\u00e1s emblem\u00e1ticos del Bierzo, pero tambi\u00e9n un lugar de incalculable valor hist\u00f3rico. Alguna \u2013no todas\u2013 de las pasarelas de madera para acceder a los miradores ardieron y, por el momento, las visitas guiadas permanecen suspendidas en una zona en la que suelen abundar los turistas que quieren conocer lo que fue la que se considera la mayor mina de oro a cielo abierto del Imperio romano. Los canales que esconden y su color, entre el rojizo y el ocre, son parte de la singularidad de este paisaje que fue moldeado por la manera en la que siglos atr\u00e1s se explotaba el lugar en busca del preciado metal.<\/p>\n<p><img decoding=\"async\" loading=\"lazy\" src=\"https:\/\/www.europesays.com\/es\/wp-content\/uploads\/2025\/08\/incendio-palencia_20250830202510-U27721486324pOQ-624x385@diario_abc.jpg\" class=\"voc-img\" width=\"624\" height=\"385\" alt=\"Incendio en el parque Natural Monta\u00f1a Palentina\" data-voc-vtm-id=\"in-text-traffic\"\/><\/p>\n<p>Incendio en el parque Natural Monta\u00f1a Palentina<\/p>\n<p>ICAL<\/p>\n<p class=\"voc-p\" style=\"\">El incendio desatado en Yeres el pasado 9 de agosto hizo saltar todas las alarmas. Unas llamas alentadas por una potente ola de calor que se aproximaban haci\u00e9ndose temer a los lugare\u00f1os lo peor. Finalmente, un incontrolable fuego lleg\u00f3 a este espacio que est\u00e1 declarado tambi\u00e9n como monumento natural. \u00abEs un para\u00edso que ya no est\u00e1\u00bb, lamentaban los vecinos de Yeres, poco despu\u00e9s sobre un entorno que forma parte tambi\u00e9n de la Red Natura 2000 de protecci\u00f3n y es zona especial de conservaci\u00f3n de aves. <\/p>\n<p class=\"voc-p\" style=\"\">Ardieron tambi\u00e9n muchos de los casta\u00f1os de la zona, el \u00e1rbol emblem\u00e1tico del lugar y que en este paraje pertenecen a particulares que se encargan de recolectar cada a\u00f1o su fruto. Tambi\u00e9n result\u00f3 da\u00f1ada el \u00e1rea arqueol\u00f3gica. Por su importante valor sentimental, pero tambi\u00e9n ecol\u00f3gico y cultural ya se ha anunciado un plan estrat\u00e9gico para intentar recuperar cuanto antes este entorno en el que colaborar\u00e1n tambi\u00e9n la propia Unesco y el CSIC. <\/p>\n<p>\nPicos de Europa\n<\/p>\n<p class=\"voc-p\" style=\"\">En la que es la provincia m\u00e1s castigada por el fuego en este est\u00edo, las llamas tambi\u00e9n han da\u00f1ado a los aleda\u00f1os y una parte de la vertiente leonesa del<strong> Parque Nacional Picos de Europa<\/strong>. Fue el incendio declarado en Barniedo de la Reina el que puso en jaque al valle de Valde\u00f3n, que junto al de Sajambre representan la zona m\u00e1s forestal de este paraje plagado de hayedos y robledales. Si bien, el porcentaje de afectaci\u00f3n en el interior del espacio protegido no ha sido elevado al menos en la parte leonesa, tal y como informaron desde la Junta, tambi\u00e9n desde el lado asturiano han tenido que emplearse a fondo para alejar el peligro.<\/p>\n<p class=\"voc-p\" style=\"\">Lo mismo ha ocurrido en la <strong>Reserva de la Bioesfera de Los Ancares<\/strong> leoneses, tambi\u00e9n zona de protecci\u00f3n de aves, hogar de grandes mam\u00edferos como rebecos, ciervos y cabras montesas, que se han visto afectados en los aleda\u00f1os, principalmente, en el Valle de Fornela por el fuego procedente de Anllares del Sil, que comenz\u00f3 el d\u00eda 8 de agosto y ya se encuentra controlado. El trabajo de los medios de extinci\u00f3n y los propios vecinos impidi\u00f3 hace d\u00edas que las llamas cruzaran el valle. <\/p>\n<p class=\"voc-p\" style=\"\"> De negro se ha te\u00f1ido tambi\u00e9n un espacio emblem\u00e1tico del entorno leon\u00e9s como es el <strong>monumento natural del Lago de La Ba\u00f1a<\/strong>, devorado por las llamas que saltaron desde el fuego originado en Porto (Zamora), mientras que la tristeza inunda localidades como Pe\u00f1alba de Santiago que han visto cubrirse de cenizas parte del <strong>Valle del Silencio<\/strong>, otro s\u00edmbolo medioambiental del Bierzo. <\/p>\n<p class=\"voc-p\" style=\"\">Y en el <strong>Parque Natural del Lago de Sanabria y sierras Segundera y de Porto<\/strong>, pese a que se ha conseguido salvar la &#8216;joya de la corona&#8217;, como es el propio lago de Sanabria, tambi\u00e9n hay \u00abdesolaci\u00f3n\u00bb entre la poblaci\u00f3n al ver arder su monte y espacios cuyos alrededores han quedado arrasados como la Laguna de los Peces, seg\u00fan detalla el alcalde de Galende, municipio enclavado en el parque natural, Miguel \u00c1ngel Martos. \u00abDentro de la gravedad, que es mucha, el lago se ha salvado\u00bb, relata. Estos d\u00edas ya vuelve a estar permitido el ba\u00f1o, pero con restricciones. Est\u00e1n autorizados los chapuzones como m\u00e1ximo a 30 metros de la orilla y nada de embarcaciones para que puedan continuar trabajando los medios a\u00e9reos que batallan contra las llamas del fuego originado en Porto el pasado 14 de agosto y que es uno de los que a\u00fan se encuentra en nivel 1. <\/p>\n<p class=\"voc-p\" style=\"\">Seg\u00fan explica el regidor, en este espacio plagado de lagos glaciares \u00abtoda la alta monta\u00f1a\u00bb est\u00e1 muy da\u00f1ada, incluido el espectacular Ca\u00f1\u00f3n del Tera y sus profundos barrancos, donde entraron hace d\u00edas las llamas.<strong> \u00abEl da\u00f1o ambiental es muy alto\u00bb<\/strong>, lamenta el primer edil en un lugar en el que saben que parte de su riqueza est\u00e1 precisamente en un entorno natural que conf\u00edan en que alg\u00fan d\u00eda pueda volver a ser el mismo. <\/p>\n<p class=\"voc-p\" style=\"\">Hasta tres frentes amenazaron durante estos negros d\u00edas al <strong>Parque Natural de la Monta\u00f1a Palentina<\/strong>, al norte de la provincia. Sus imponentes crestas eran cercadas por las llamas, primero desde Resoba, en un fuego que oblig\u00f3 a desalojar algunos municipios. <\/p>\n<p class=\"voc-p\" style=\"\">Hasta la provincia palentina saltaban tambi\u00e9n incendios leoneses. El declarado en Canalejas afect\u00f3 a la zona de Guardo; despu\u00e9s, el de Barniedo de la Reina lleg\u00f3 y oblig\u00f3 a desalojar Carda\u00f1o de Abajo hasta en dos ocasiones. Todos ellos se han llevado por delante robledales, hayedos y m\u00e1s masa arbolada, pero preocupa sobre todo que este espacio es el hogar de especies como el oso pardo, en peligro de extinci\u00f3n. De la misma forma que lo es el <strong>Parque regional de la Monta\u00f1a de Ria\u00f1o y Mampodre<\/strong>, tambi\u00e9n damnificado en la ola de incendios de este duro mes de agosto que quedar\u00e1 grabado en nuestra memoria. <\/p>\n<p class=\"voc-p\" style=\"\">Seg\u00fan detall\u00f3 el pasado viernes el presidente de la Junta, Alfonso Fern\u00e1ndez Ma\u00f1ueco en su comparecencia en las Cortes, del total de hect\u00e1reas ardidas \u2013en torno a 141.000 hasta el pasado d\u00eda 26\u2013, el 31% es forestal. Entornos como la <strong>salmantina Sierra de B\u00e9jar o el abulense Valle del Ti\u00e9tar<\/strong> tampoco han escapado a los da\u00f1os.<\/p>\n","protected":false},"excerpt":{"rendered":"Cenizas, humo, escombros, y tambi\u00e9n mucha tristeza. Los voraces incendios que ha sufrido Castilla y Le\u00f3n este mes&hellip;\n","protected":false},"author":2,"featured_media":83628,"comment_status":"","ping_status":"","sticky":false,"template":"","format":"standard","meta":{"footnotes":""},"categories":[8],"tags":[17,18,25,24,13,14,11,19,20,8343,15661,9,10,15,16,23,31356,12,21,22],"class_list":{"0":"post-83627","1":"post","2":"type-post","3":"status-publish","4":"format-standard","5":"has-post-thumbnail","7":"category-espana","8":"tag-breaking-news","9":"tag-breakingnews","10":"tag-es","11":"tag-espana","12":"tag-featured-news","13":"tag-featurednews","14":"tag-headlines","15":"tag-latest-news","16":"tag-latestnews","17":"tag-naturales","18":"tag-negro","19":"tag-news","20":"tag-noticias","21":"tag-noticias-destacadas","22":"tag-noticiasdestacadas","23":"tag-spain","24":"tag-tesoros","25":"tag-titulares","26":"tag-ultimas-noticias","27":"tag-ultimasnoticias"},"share_on_mastodon":{"url":"","error":""},"_links":{"self":[{"href":"https:\/\/www.europesays.com\/es\/wp-json\/wp\/v2\/posts\/83627","targetHints":{"allow":["GET"]}}],"collection":[{"href":"https:\/\/www.europesays.com\/es\/wp-json\/wp\/v2\/posts"}],"about":[{"href":"https:\/\/www.europesays.com\/es\/wp-json\/wp\/v2\/types\/post"}],"author":[{"embeddable":true,"href":"https:\/\/www.europesays.com\/es\/wp-json\/wp\/v2\/users\/2"}],"replies":[{"embeddable":true,"href":"https:\/\/www.europesays.com\/es\/wp-json\/wp\/v2\/comments?post=83627"}],"version-history":[{"count":0,"href":"https:\/\/www.europesays.com\/es\/wp-json\/wp\/v2\/posts\/83627\/revisions"}],"wp:featuredmedia":[{"embeddable":true,"href":"https:\/\/www.europesays.com\/es\/wp-json\/wp\/v2\/media\/83628"}],"wp:attachment":[{"href":"https:\/\/www.europesays.com\/es\/wp-json\/wp\/v2\/media?parent=83627"}],"wp:term":[{"taxonomy":"category","embeddable":true,"href":"https:\/\/www.europesays.com\/es\/wp-json\/wp\/v2\/categories?post=83627"},{"taxonomy":"post_tag","embeddable":true,"href":"https:\/\/www.europesays.com\/es\/wp-json\/wp\/v2\/tags?post=83627"}],"curies":[{"name":"wp","href":"https:\/\/api.w.org\/{rel}","templated":true}]}}