{"id":83657,"date":"2025-08-31T08:22:19","date_gmt":"2025-08-31T08:22:19","guid":{"rendered":"https:\/\/www.europesays.com\/es\/83657\/"},"modified":"2025-08-31T08:22:19","modified_gmt":"2025-08-31T08:22:19","slug":"la-feria-de-teatro-de-castilla-y-leon-baja-el-telon-tras-el-aplauso-de-30-000-espectadores","status":"publish","type":"post","link":"https:\/\/www.europesays.com\/es\/83657\/","title":{"rendered":"La Feria de Teatro de Castilla y Le\u00f3n baja el tel\u00f3n tras el aplauso de 30.000 espectadores"},"content":{"rendered":"<p>30\/08\/2025<br \/>\n<br \/><strong><br \/>\nActualizado 31\/08\/2025 a las 09:35h.<br \/>\n<\/strong><\/p>\n<p class=\"voc-p\" style=\"\">La Feria de Teatro de Castilla y Le\u00f3n baj\u00f3 el tel\u00f3n ayer llev\u00e1ndose consigo el aplauso de los alrededor de 30.000 espectadores que presenciaron alguno de los espect\u00e1culos de una programaci\u00f3n ecl\u00e9ctica que incluy\u00f3 todo tipo de teatro -de texto, t\u00edteres, documental&#8230;-, circo y danza. De hecho, fue una compa\u00f1\u00eda vallisoletana de danza, <a href=\"https:\/\/www.abc.es\/espana\/castilla-leon\/vallisoletanas-arvine-danza-sales-teatro-pasa-dentro-20250817205245-nt.html\" data-voc-vtm-id=\"in-text-traffic\" title=\"Arvine, la encargada de abrir el certamen con su nuevo montaje, Arraigo\" rel=\"nofollow noopener\" target=\"_blank\">Arvine, la encargada de abrir el certamen con su nuevo montaje, Arraigo<\/a>, coproduccido por el Teatro Calder\u00f3n de su ciudad, en el que propone un viaje por el folclore nacional. Lo hizo el pasado martes 26 de agosto en el Teatro Nuevo Fernando Arrabal, que celebra este a\u00f1o su 125 aniversario y es uno de los epicentros del veterano certamen.<\/p>\n<p class=\"voc-p\" style=\"\">Tras cinco d\u00edas de fren\u00e9tica actividad en la ciudad amurallada gracias a los m\u00e1s de cuarenta espect\u00e1culos y medio centenar de funciones que componen la programaci\u00f3n, la cita cerr\u00f3 su XXVIII edici\u00f3n con el 97 por ciento de las entradas vendidas, lo que pone de manifiesto su \u00ab\u00e9xito\u00bb, destac\u00f3 en un comunicado Junta y organizaci\u00f3n.<\/p>\n<p class=\"voc-p\" style=\"\">Seg\u00fan detallan, la feria tuvo un visible incremento del p\u00fablico familiar, lo que refuerza su papel como un festival esc\u00e9nico que atrae a p\u00fablicos de todas las edades. Prueba de ello son los 2.000 asistentes a las actividades de animaci\u00f3n infantil Divierteatro, \u00abuna de las se\u00f1as de identidad de la Feria\u00bb y como proyecto clave para ir formando nuevos p\u00fablicos.<\/p>\n<p class=\"voc-p\" style=\"\">La feria recibi\u00f3 a catorce compa\u00f1\u00edas de Castilla y Le\u00f3n, cuatro de ellas debutantes en Ciudad Rodrigo, y ocho de los espect\u00e1culos de la Comunidad han tenido su estreno absoluto en la programaci\u00f3n mirobrigense, como fue el caso del espect\u00e1culo inaugural. El cartel incluy\u00f3 tambi\u00e9n trabajos de formaciones de 13 comunidades aut\u00f3nomas, adem\u00e1s de cuatro portuguesas.<\/p>\n<p class=\"voc-p\" style=\"\">La repercusi\u00f3n de la cita en la hosteler\u00eda fue de nuevo evidente, con el cien por cien de las plazas hoteleras cubiertas pr\u00e1cticamente: \u00abSe confirma tambi\u00e9n como un revulsivo para la actividad econ\u00f3mica en la recta final del mes de agosto\u00bb, apuntan.<\/p>\n<p class=\"voc-p\" style=\"\">En su vertiente como mercado esc\u00e9nico, en la edici\u00f3n que concluye se ha reforzado la presencia de compradores, con 136 entidades de programaci\u00f3n, adem\u00e1s de 32 distribuidoras y productoras que compaginan la compra con la venta, y que han podido conocer la oferta de 71 entidades de venta (compa\u00f1\u00edas y productores). El perfil de las casi 300 entidades profesionales inscritas refleja la fidelidad de los asistentes, ya que el 63 % repite a\u00f1o tras a\u00f1o.<\/p>\n<p>Reportar un error<\/p>\n","protected":false},"excerpt":{"rendered":"30\/08\/2025 Actualizado 31\/08\/2025 a las 09:35h. La Feria de Teatro de Castilla y Le\u00f3n baj\u00f3 el tel\u00f3n ayer&hellip;\n","protected":false},"author":2,"featured_media":83658,"comment_status":"","ping_status":"","sticky":false,"template":"","format":"standard","meta":{"footnotes":""},"categories":[91],"tags":[24631,31364,6814,4107,146,147,25,24,4725,599,4108,23,1651,8331,575],"class_list":{"0":"post-83657","1":"post","2":"type-post","3":"status-publish","4":"format-standard","5":"has-post-thumbnail","7":"category-entretenimiento","8":"tag-24631","9":"tag-aplauso","10":"tag-baja","11":"tag-castilla","12":"tag-entertainment","13":"tag-entretenimiento","14":"tag-es","15":"tag-espana","16":"tag-espectadores","17":"tag-feria","18":"tag-leon","19":"tag-spain","20":"tag-teatro","21":"tag-telon","22":"tag-tras"},"share_on_mastodon":{"url":"","error":""},"_links":{"self":[{"href":"https:\/\/www.europesays.com\/es\/wp-json\/wp\/v2\/posts\/83657","targetHints":{"allow":["GET"]}}],"collection":[{"href":"https:\/\/www.europesays.com\/es\/wp-json\/wp\/v2\/posts"}],"about":[{"href":"https:\/\/www.europesays.com\/es\/wp-json\/wp\/v2\/types\/post"}],"author":[{"embeddable":true,"href":"https:\/\/www.europesays.com\/es\/wp-json\/wp\/v2\/users\/2"}],"replies":[{"embeddable":true,"href":"https:\/\/www.europesays.com\/es\/wp-json\/wp\/v2\/comments?post=83657"}],"version-history":[{"count":0,"href":"https:\/\/www.europesays.com\/es\/wp-json\/wp\/v2\/posts\/83657\/revisions"}],"wp:featuredmedia":[{"embeddable":true,"href":"https:\/\/www.europesays.com\/es\/wp-json\/wp\/v2\/media\/83658"}],"wp:attachment":[{"href":"https:\/\/www.europesays.com\/es\/wp-json\/wp\/v2\/media?parent=83657"}],"wp:term":[{"taxonomy":"category","embeddable":true,"href":"https:\/\/www.europesays.com\/es\/wp-json\/wp\/v2\/categories?post=83657"},{"taxonomy":"post_tag","embeddable":true,"href":"https:\/\/www.europesays.com\/es\/wp-json\/wp\/v2\/tags?post=83657"}],"curies":[{"name":"wp","href":"https:\/\/api.w.org\/{rel}","templated":true}]}}