{"id":83712,"date":"2025-08-31T09:00:21","date_gmt":"2025-08-31T09:00:21","guid":{"rendered":"https:\/\/www.europesays.com\/es\/83712\/"},"modified":"2025-08-31T09:00:21","modified_gmt":"2025-08-31T09:00:21","slug":"un-virus-recorre-la-vuelta-ciclista-a-espana-2025-burgos-burpellet-bh-esta-en-cuadro-y-se-han-producido-casi-una-decena-de-abandonos-por-enfermedad","status":"publish","type":"post","link":"https:\/\/www.europesays.com\/es\/83712\/","title":{"rendered":"Un virus recorre La Vuelta ciclista a Espa\u00f1a 2025: Burgos Burpellet BH est\u00e1 en cuadro y se han producido casi una decena de abandonos por enfermedad"},"content":{"rendered":"<p>La primera alarma salt\u00f3 cuando <b data-testid=\"body-text-bold\">Valentin Paret-Peintre<\/b>, compa\u00f1ero de Mikel Landa en Soudal Quick-Step, se baj\u00f3 en la cuarta etapa de La Vuelta 2025 por \u00abenfermedad\u00bb. Ese mismo d\u00eda, <b data-testid=\"body-text-bold\">Carlos Garc\u00eda Pierna<\/b> (Burgos Burpellet BH) se retiraba por un virus.<\/p>\n<p>A las 48 horas, un compa\u00f1ero de Paret-Peintre, <b data-testid=\"body-text-bold\">Pepijn Reinderink<\/b>, tambi\u00e9n se iba a casa, tambi\u00e9n enfermo. Despu\u00e9s, <b data-testid=\"body-text-bold\">Simon Carr<\/b> (Cofidis), al que acompa\u00f1\u00f3 este s\u00e1bado camino de Zaragoza su compa\u00f1ero <b data-testid=\"body-text-bold\">Oliver Knight.<\/b><\/p>\n<p><b data-testid=\"body-text-bold\">Luca Vergallito<\/b> (Alpecin-Deceuninck) se iba a casa sin llegar a Cerler, mientras en Burgos se suced\u00edan las retiradas:<b data-testid=\"body-text-bold\"> Daniel Cavia<\/b> -este viernes-, <b data-testid=\"body-text-bold\">Eric Fag\u00fandez<\/b> -el s\u00e1bado- y un <b data-testid=\"body-text-bold\">Mario Aparicio <\/b>al que fuentes consultadas por Eurosport Espa\u00f1a sit\u00faan \u00ab<b data-testid=\"body-text-bold\">en las \u00faltimas<\/b>\u00bb y amenazan con dejar a uno de los invitados a la carrera con cuatro integrantes para las dos \u00faltimas semanas.<\/p>\n<p>En duda est\u00e1 tambi\u00e9n el origen real de otros dos abandonos: Koen Bouwman (Jayco AlUla) y Arjen Livyns (Lotto), que se fue tambi\u00e9n de la prueba con molestias estomacales y fiebre.<\/p>\n<p>\u00bfPERO POR QU\u00c9 EL CICLISMO ES TAN SENSIBLE A VIRUS Y ENFERMEDADES RESPIRATORIAS?<\/p>\n<p>La realidad es que esta situaci\u00f3n se lleva viviendo en el ciclismo mucho antes de la pandemia del covid y responde a <b data-testid=\"body-text-bold\">dos factores principales, que en realidad son uno<\/b>: el hecho de que los corredores <b data-testid=\"body-text-bold\">compiten siempre unos cerca de otros.<\/b>.. y la c<b data-testid=\"body-text-bold\">onvivencia estrecha<\/b>, en espacios cerrados y compartiendo habitaci\u00f3n, de los compa\u00f1eros de equipo.<\/p>\n<p>Hasta hace pocos a\u00f1os, era lo normal que <b data-testid=\"body-text-bold\">varios conjuntos se juntasen en el mismo comedor<\/b> para la cena o el desayuno, o que los<b data-testid=\"body-text-bold\"> corredores fuesen en habitaci\u00f3n doble<\/b>. En los \u00faltimos a\u00f1os, los equipos m\u00e1s pudientes han procurado tener salones independentes para comer -o bien hacerlo en sus propios camiones cocina-, aislar a los corredores en habitaciones individuales ante cualquier m\u00ednima sospecha o, de modo m\u00e1s extremo y con mejores medios, hacer que siempre duerman solos.<\/p>\n<p>*Sigue La Vuelta ciclista a Espa\u00f1a 2025 en Eurosport y HBO Max, &#8216;La Casa del Ciclismo&#8217;. <a class=\"text-action-onLight-05 hover:text-action-onLight-05-hover active:text-action-onLight-05-pressed hover:underline active:underline\" data-analytics-id=\"textlink\" target=\"_blank\" rel=\"noopener nofollow\" data-testid=\"atom-textlink\" href=\"https:\/\/www.hbomax.com\/es\/es\/sports?utm_medium=referral&amp;utm_source=eurosport.es&amp;utm_content=home-page-content-dynamicBanner-subscribe&amp;utm_campaign=ES-EU-E1-EU-C7-EU-BAU-DR-W-AllSports-Undefined-250101-NA\">Suscr\u00edbete aqu\u00ed<\/a><\/p>\n","protected":false},"excerpt":{"rendered":"La primera alarma salt\u00f3 cuando Valentin Paret-Peintre, compa\u00f1ero de Mikel Landa en Soudal Quick-Step, se baj\u00f3 en la&hellip;\n","protected":false},"author":2,"featured_media":83713,"comment_status":"","ping_status":"","sticky":false,"template":"","format":"standard","meta":{"footnotes":""},"categories":[273],"tags":[313,312,168,25,24,23,167,5411],"class_list":{"0":"post-83712","1":"post","2":"type-post","3":"status-publish","4":"format-standard","5":"has-post-thumbnail","7":"category-ciclismo","8":"tag-ciclismo","9":"tag-cycling","10":"tag-deportes","11":"tag-es","12":"tag-espana","13":"tag-spain","14":"tag-sports","15":"tag-vuelta-a-espana"},"share_on_mastodon":{"url":"","error":""},"_links":{"self":[{"href":"https:\/\/www.europesays.com\/es\/wp-json\/wp\/v2\/posts\/83712","targetHints":{"allow":["GET"]}}],"collection":[{"href":"https:\/\/www.europesays.com\/es\/wp-json\/wp\/v2\/posts"}],"about":[{"href":"https:\/\/www.europesays.com\/es\/wp-json\/wp\/v2\/types\/post"}],"author":[{"embeddable":true,"href":"https:\/\/www.europesays.com\/es\/wp-json\/wp\/v2\/users\/2"}],"replies":[{"embeddable":true,"href":"https:\/\/www.europesays.com\/es\/wp-json\/wp\/v2\/comments?post=83712"}],"version-history":[{"count":0,"href":"https:\/\/www.europesays.com\/es\/wp-json\/wp\/v2\/posts\/83712\/revisions"}],"wp:featuredmedia":[{"embeddable":true,"href":"https:\/\/www.europesays.com\/es\/wp-json\/wp\/v2\/media\/83713"}],"wp:attachment":[{"href":"https:\/\/www.europesays.com\/es\/wp-json\/wp\/v2\/media?parent=83712"}],"wp:term":[{"taxonomy":"category","embeddable":true,"href":"https:\/\/www.europesays.com\/es\/wp-json\/wp\/v2\/categories?post=83712"},{"taxonomy":"post_tag","embeddable":true,"href":"https:\/\/www.europesays.com\/es\/wp-json\/wp\/v2\/tags?post=83712"}],"curies":[{"name":"wp","href":"https:\/\/api.w.org\/{rel}","templated":true}]}}