{"id":83743,"date":"2025-08-31T09:23:18","date_gmt":"2025-08-31T09:23:18","guid":{"rendered":"https:\/\/www.europesays.com\/es\/83743\/"},"modified":"2025-08-31T09:23:18","modified_gmt":"2025-08-31T09:23:18","slug":"guardes-y-porrino-inician-una-nueva-andadura-en-la-maxima-categoria-la-voz-de-galicia","status":"publish","type":"post","link":"https:\/\/www.europesays.com\/es\/83743\/","title":{"rendered":"Guard\u00e9s y Porri\u00f1o inician una nueva andadura en la m\u00e1xima categor\u00eda &#8211; La Voz de Galicia"},"content":{"rendered":"<ol>\n<li><a href=\"https:\/\/news.google.com\/rss\/articles\/CBMizwFBVV95cUxObFlQYjJCS1F0ZlJIeFM0anFFOERCa29qU3F4MWplQU8zSWpxb3RvTHlKVFlQcTdoR202QlhOajRmNndpc3VqM20yczF5enZlSktHV1VJT1ZNMGJXMmhuQzV6MzZScjRlcFAzcl9WN1dveGZVYUx0UVBLaVNFQzhPVU42OEVycWY2cTR4X2RoRlBKNVpwckU4MEswc2Q1aThrTGU2anl3SWJsNTRYUGxpdTJrUjNUT3J6LXMyS084RFMyVlpWMjFiUjIyUnJKR0XSAesBQVVfeXFMTTlXUnJVWlJKZ0w2Q3N2Z29wZlhUQ0M4MWk5eE1xYXNJMTRYeHRRMHBjdlRnQWpLaEdUZlNCcHJCWW11N0xGd2ZwSW1hY2FzcDd5NTlwRG5TT3JzLUZCQ3NqMXVwczJubGFMdWw2aWNQU1hJeFdpUDFtVjFWT29Hd0pKci10c0NydVNtbEJNTEdxMGJKcjRmVzVvbElGNWxaaHJZUlpuYmx2OXVKX1Q0V1haNEV1TFZkZ2VGOHEwWkZDWUNaNzQzdURRWEwyX0d4OWljMTEzLUJRam1RYmQxRWRyYTZVajl6TGJUdw?oc=5\" target=\"_blank\" rel=\"nofollow noopener\">Guard\u00e9s y Porri\u00f1o inician una nueva andadura en la m\u00e1xima categor\u00eda<\/a>&nbsp;&nbsp;La Voz de Galicia<\/li>\n<li><a href=\"https:\/\/news.google.com\/rss\/articles\/CBMimwFBVV95cUxPSjBKQnN0d3ZYXzlhQl9mX2lydVBKbGxqcXRMc1lEdm1nWHBHM2NWNGJlVnVCaXZfdFNEUE00WFlaMHR5eWJQVjREd1lnQlZMU3oxMklwMl81ZnlOeWxMTWliVmdQQzAxRkhIbWktamRLNW9tX0tSNnY2dkpyOHNFMnFCc1NDeVBLUnBOVGItcWxYZFJzSlZBVWNHd9IBoAFBVV95cUxOLU91SDlJNFdGQnFOcThUSExMVm9ZN3FhVGpVQTNpLU1sXzUwQkZVdi1JeUNLQ3pUMWhjcUdHSmVtREVGMGx1Ujg5Vnd5MlkxM2hQTXJ0RWtGaDI4YWNiMmtad1Q1MmdPMkhYQ0FuQmZfdW5nWmpwVlhVdm1IUDBBQTlzSUVfMGpDNC1jelJPV0FGM2JDUmM0WDVYU2gwMzFW?oc=5\" target=\"_blank\" rel=\"nofollow noopener\">El Mecalia reacciona a tiempo en Lanzarote<\/a>&nbsp;&nbsp;Faro de Vigo<\/li>\n<li><a href=\"https:\/\/news.google.com\/rss\/articles\/CBMi3gFBVV95cUxOYnhFWlZSRDRqYkFQN205SEpLenBxU1dKTU9FRmtXTnpzZ3ZtY2pqY2xKTVN2dEpPZ3RBUGhNRnJuUEpBS2RQd2tLSXhnbTAyUGl4SWJmNjF3VDZyaEpja3NwN0RPQlNPUG9UZmZRM1dac2RDSUVlN1kxcVdjMFczNTFiVko2TUwza3Mwdlc4WVBvMFBsMXNxWVRrWUNleHVpUTlqamh0cFFkX0F5eEJRSXlJeVBlRDN3T2RBZXJNWU1iMFJVN19Ta1htYlJSc1BSQ2t5ejRXOVV1NVQ0eUE?oc=5\" target=\"_blank\" rel=\"nofollow noopener\">El Zonzamas Plus Car Lanzarote se qued\u00f3 sin premio ante el Atl\u00e9tico Gu<\/a>&nbsp;&nbsp;LanzaroteDeportiva<\/li>\n<li><a href=\"https:\/\/news.google.com\/rss\/articles\/CBMiqwFBVV95cUxOc3pFd3pFblUxSWpfX1hlbVpnTDdTZWI3ZGVnSW5HSUVtYUtyOVdoN2t3WnlycDFDZzlIekFXSVpSSlNvLXZMRzVxcHpwcGZLdi11RVp4aFE5emtjZE5wdWN0a3dxTWtseDRKYy14V3BndjVSd1g3aHgteVJ5Z2lzX2NiQUxMMmxPOVVITEFNY0tNVzM4U0VyTWYwZzNOSFRnbzNiRWh2NWNuXzg?oc=5\" target=\"_blank\" rel=\"nofollow noopener\">El Guard\u00e9s se estrena con un trabajado triunfo en Lanzarote<\/a>&nbsp;&nbsp;atlantico.net<\/li>\n<li><a href=\"https:\/\/news.google.com\/rss\/articles\/CBMisAFBVV95cUxQMDJBeGdIZlh6UXB4TnBVMXg3all4OUlqcGpoejJXdndLVExNVFpvbk03UFA5SEVqdzF0R25wcm1CUlQzRmpCMmUyY2RNbkdDRzdLMmgydTdoOUVjdkFWSjVmdGVCZWFmN2pORmlLejVQV1FGZUFRMFZFMHdHaFc1TUJQbkVJV1p0Q2owTVZQNm0xYi0tOHBaTlNjMzZ1ZW1Oc1dtSlNsOFBQVG5NQ0FvRQ?oc=5\" target=\"_blank\" rel=\"nofollow noopener\">El CICAR Lanzarote Ciudad de Arrecife se estrena ante Aula Valladolid<\/a>&nbsp;&nbsp;diariodelanzarote.com<\/li>\n<\/ol>\n","protected":false},"excerpt":{"rendered":"Guard\u00e9s y Porri\u00f1o inician una nueva andadura en la m\u00e1xima categor\u00eda&nbsp;&nbsp;La Voz de Galicia El Mecalia reacciona a&hellip;\n","protected":false},"author":2,"featured_media":83744,"comment_status":"","ping_status":"","sticky":false,"template":"","format":"standard","meta":{"footnotes":""},"categories":[278],"tags":[10547,18301,376,168,25,24,375,23,167],"class_list":{"0":"post-83743","1":"post","2":"type-post","3":"status-publish","4":"format-standard","5":"has-post-thumbnail","7":"category-balonmano","8":"tag-atletico-guardes","9":"tag-balonman-porrino","10":"tag-balonmano","11":"tag-deportes","12":"tag-es","13":"tag-espana","14":"tag-handball","15":"tag-spain","16":"tag-sports"},"share_on_mastodon":{"url":"","error":""},"_links":{"self":[{"href":"https:\/\/www.europesays.com\/es\/wp-json\/wp\/v2\/posts\/83743","targetHints":{"allow":["GET"]}}],"collection":[{"href":"https:\/\/www.europesays.com\/es\/wp-json\/wp\/v2\/posts"}],"about":[{"href":"https:\/\/www.europesays.com\/es\/wp-json\/wp\/v2\/types\/post"}],"author":[{"embeddable":true,"href":"https:\/\/www.europesays.com\/es\/wp-json\/wp\/v2\/users\/2"}],"replies":[{"embeddable":true,"href":"https:\/\/www.europesays.com\/es\/wp-json\/wp\/v2\/comments?post=83743"}],"version-history":[{"count":0,"href":"https:\/\/www.europesays.com\/es\/wp-json\/wp\/v2\/posts\/83743\/revisions"}],"wp:featuredmedia":[{"embeddable":true,"href":"https:\/\/www.europesays.com\/es\/wp-json\/wp\/v2\/media\/83744"}],"wp:attachment":[{"href":"https:\/\/www.europesays.com\/es\/wp-json\/wp\/v2\/media?parent=83743"}],"wp:term":[{"taxonomy":"category","embeddable":true,"href":"https:\/\/www.europesays.com\/es\/wp-json\/wp\/v2\/categories?post=83743"},{"taxonomy":"post_tag","embeddable":true,"href":"https:\/\/www.europesays.com\/es\/wp-json\/wp\/v2\/tags?post=83743"}],"curies":[{"name":"wp","href":"https:\/\/api.w.org\/{rel}","templated":true}]}}