{"id":83745,"date":"2025-08-31T09:24:19","date_gmt":"2025-08-31T09:24:19","guid":{"rendered":"https:\/\/www.europesays.com\/es\/83745\/"},"modified":"2025-08-31T09:24:19","modified_gmt":"2025-08-31T09:24:19","slug":"pedro-luis-quiero-ser-estandarte-de-la-pureza","status":"publish","type":"post","link":"https:\/\/www.europesays.com\/es\/83745\/","title":{"rendered":"Pedro Luis: \u00abQuiero ser estandarte de la pureza\u00bb"},"content":{"rendered":"<p><strong>(P.) A d\u00eda de hoy Pedro Luis es un nombre que ya resuena en el escalaf\u00f3n de novilleros con picadores, pero para quienes a\u00fan no te conocen, \u00bfc\u00f3mo te presentar\u00edas y qu\u00e9 te llev\u00f3 a querer ser torero?<\/strong><\/p>\n<p>(R.) Pedro Luis quiere ser torero, busco siempre la verdad siendo un torero cl\u00e1sico. Desde peque\u00f1o siempre lo quise lo llevo en la sangre y hoy por hoy busco mis sue\u00f1os para poder lograrlos. Quiero ser el estandarte de la Pureza\u00a0<\/p>\n<p><strong>Hace tiempo que llegaste a Espa\u00f1a y te afincaste en la provincia de Toledo. Una carrera que se ha ido fraguando a fuego lento y que ha dejado ya momentos destacados, \u00bfc\u00f3mo has vivido esa evoluci\u00f3n en primera persona?<\/strong><\/p>\n<p>Han sido etapas muy bonitas, donde he podido expresarme como torero en muchas ocasiones. Al final con el paso de tiempo vas cogiendo oficio, crece la entrega y la ilusi\u00f3n y hoy por hoy me encuentro en buen momento como Pedro y como Pedro Luis.<\/p>\n<p><strong>La de 2025 se antoja como una temporada clave, est\u00e1s pisando plazas importantes y las cosas parece que est\u00e1n rodando, \u00bfc\u00f3mo lo afrontas?<\/strong><\/p>\n<p>Est\u00e1 siendo muy importante la verdad, quiz\u00e1 tanta repercusi\u00f3n no la esperaba, pero si ten\u00eda claro que cada d\u00eda era un d\u00eda clave para poder seguir demostrando lo que quiero ser y a lo que he venido. Tengo un final de temporada muy ilusionante. Al aficionado le dir\u00eda que a\u00fan hay mucho Pedro Luis que ver.\u00a0<\/p>\n<p><strong>Estar en el Alfarero de Oro de Villaseca es una cita de m\u00e1xima exigencia y prestigio. \u00bfQu\u00e9 significa para ti volver a Villaseca?<\/strong><\/p>\n<p>Est\u00e1 claro que hay mucha exigencia y prestigio, pero sin duda es un d\u00eda marcado en el calendario como uno de los m\u00e1s importantes de la temporada, ya no hace falta\u00a0decir lo que es el Alfarero de Oro en nuestro escalaf\u00f3n. Villaseca lo conozco, y vuelvo con mucha ilusi\u00f3n y con ganas de hacer el pase\u00edllo en una plaza que me ha dado mucho.\u00a0<\/p>\n<p><strong>Para una fecha tan esperada seguramente se sue\u00f1an muchas cosas y se esperan a\u00fan m\u00e1s, \u00bfqu\u00e9 torero se va a encontrar el aficionado?<\/strong><\/p>\n<p>Va a ver a Pedro Luis, el Pedro Luis entregada, con disposici\u00f3n, con verdad y con pureza. Tengo muchas ganas de llegar al Alfarero.<\/p>\n","protected":false},"excerpt":{"rendered":"(P.) A d\u00eda de hoy Pedro Luis es un nombre que ya resuena en el escalaf\u00f3n de novilleros&hellip;\n","protected":false},"author":2,"featured_media":83746,"comment_status":"","ping_status":"","sticky":false,"template":"","format":"standard","meta":{"footnotes":""},"categories":[277],"tags":[15340,373,168,25,24,3728,2525,23,167,625,1952,374],"class_list":{"0":"post-83745","1":"post","2":"type-post","3":"status-publish","4":"format-standard","5":"has-post-thumbnail","7":"category-toreo","8":"tag-alfarero-de-plata","9":"tag-bullfighting","10":"tag-deportes","11":"tag-es","12":"tag-espana","13":"tag-las-ventas","14":"tag-plata","15":"tag-spain","16":"tag-sports","17":"tag-tauromaquia","18":"tag-toledo","19":"tag-toreo"},"share_on_mastodon":{"url":"","error":""},"_links":{"self":[{"href":"https:\/\/www.europesays.com\/es\/wp-json\/wp\/v2\/posts\/83745","targetHints":{"allow":["GET"]}}],"collection":[{"href":"https:\/\/www.europesays.com\/es\/wp-json\/wp\/v2\/posts"}],"about":[{"href":"https:\/\/www.europesays.com\/es\/wp-json\/wp\/v2\/types\/post"}],"author":[{"embeddable":true,"href":"https:\/\/www.europesays.com\/es\/wp-json\/wp\/v2\/users\/2"}],"replies":[{"embeddable":true,"href":"https:\/\/www.europesays.com\/es\/wp-json\/wp\/v2\/comments?post=83745"}],"version-history":[{"count":0,"href":"https:\/\/www.europesays.com\/es\/wp-json\/wp\/v2\/posts\/83745\/revisions"}],"wp:featuredmedia":[{"embeddable":true,"href":"https:\/\/www.europesays.com\/es\/wp-json\/wp\/v2\/media\/83746"}],"wp:attachment":[{"href":"https:\/\/www.europesays.com\/es\/wp-json\/wp\/v2\/media?parent=83745"}],"wp:term":[{"taxonomy":"category","embeddable":true,"href":"https:\/\/www.europesays.com\/es\/wp-json\/wp\/v2\/categories?post=83745"},{"taxonomy":"post_tag","embeddable":true,"href":"https:\/\/www.europesays.com\/es\/wp-json\/wp\/v2\/tags?post=83745"}],"curies":[{"name":"wp","href":"https:\/\/api.w.org\/{rel}","templated":true}]}}