{"id":83782,"date":"2025-08-31T09:51:08","date_gmt":"2025-08-31T09:51:08","guid":{"rendered":"https:\/\/www.europesays.com\/es\/83782\/"},"modified":"2025-08-31T09:51:08","modified_gmt":"2025-08-31T09:51:08","slug":"el-balonmano-soria-organiza-su-jornada-de-puertas-abiertas","status":"publish","type":"post","link":"https:\/\/www.europesays.com\/es\/83782\/","title":{"rendered":"El Balonmano Soria organiza su jornada de puertas abiertas"},"content":{"rendered":"<p class=\"prip\">El Club Balonmano Soria organiza su II Jornada de Puertas Abiertas el pr\u00f3ximo mi\u00e9rcoles 3 de septiembre en el Polideportivo San Andr\u00e9s. La actividad, gratuita y dirigida a ni\u00f1os de 5 a 14 a\u00f1os, contar\u00e1 con la presencia del entrenador y los jugadores del primer equipo para dirigir los entrenamientos.<\/p>\n<p class=\"prip\">El Club Balonmano Soria abre sus puertas a los m\u00e1s j\u00f3venes de la capital. La entidad deportiva organiza el pr\u00f3ximo <strong>mi\u00e9rcoles 3 de septiembre<\/strong> su II Jornada de Puertas Abiertas, una cita dise\u00f1ada para que ni\u00f1os y ni\u00f1as de entre 5 y 14 a\u00f1os puedan descubrir este deporte de la mano de los protagonistas del primer equipo.<\/p>\n<p>La cita tendr\u00e1 lugar en el <strong>Polideportivo San Andr\u00e9s<\/strong>, en un horario matutino de 12:00 a 13:30 horas. Esta iniciativa, que se celebra por segundo a\u00f1o consecutivo, busca fomentar la pr\u00e1ctica del balonmano entre la cantera soriana y fortalecer el v\u00ednculo entre el equipo profesional y su afici\u00f3n m\u00e1s joven.<\/p>\n<p>El objetivo es ofrecer una experiencia l\u00fadica y formativa, donde el aprendizaje de los fundamentos del balonmano se combine con la diversi\u00f3n y el contacto directo con los jugadores.<\/p>\n<p>Un entrenamiento dirigido por profesionales<\/p>\n<p>Uno de los grandes atractivos de la jornada es que estar\u00e1 <strong>dirigida y coordinada por el entrenador del primer equipo, Oriol Castellarnau<\/strong>, y contar\u00e1 con la participaci\u00f3n activa de toda la plantilla. Los propios jugadores ser\u00e1n los encargados de guiar a los peque\u00f1os a trav\u00e9s de diferentes juegos, ejercicios y din\u00e1micas adaptadas a sus edades.<\/p>\n<p>Desde el club se\u00f1alan que \u201ces una oportunidad para que los ni\u00f1os y ni\u00f1as conozcan de cerca a los jugadores, <strong>aprendan de ellos y se contagien de su pasi\u00f3n por el deporte<\/strong>\u201d.<\/p>\n<p>Fomentar el deporte base y sus valores<\/p>\n<p>Esta actividad, <strong>totalmente gratuita<\/strong>, se enmarca dentro del firme compromiso del Balonmano Soria con la promoci\u00f3n del deporte base en la provincia. M\u00e1s all\u00e1 de la t\u00e9cnica deportiva, la jornada pretende inculcar en los participantes valores fundamentales como el <strong>compa\u00f1erismo, el esfuerzo y el trabajo en equipo<\/strong>, pilares esenciales tanto en el balonmano como en la vida.<\/p>\n<p>Informaci\u00f3n pr\u00e1ctica de la jornada<\/p>\n<p>Todos los ni\u00f1os y ni\u00f1as interesados en vivir esta experiencia \u00fanica no necesitan inscripci\u00f3n previa, aunque se recomienda acudir con ropa y calzado deportivo c\u00f3modos. A continuaci\u00f3n, se detallan los datos clave del evento:<\/p>\n<ul>\n<li><strong>Fecha:<\/strong> Mi\u00e9rcoles, 3 de septiembre.<\/li>\n<p>&#13;<\/p>\n<li><strong>Horario:<\/strong> De 12:00 a 13:30 horas.<\/li>\n<p>&#13;<\/p>\n<li><strong>Lugar:<\/strong> Polideportivo San Andr\u00e9s.<\/li>\n<p>&#13;<\/p>\n<li><strong>Dirigido a:<\/strong> Ni\u00f1os y ni\u00f1as de 5 a 14 a\u00f1os.<\/li>\n<p>&#13;<\/p>\n<li><strong>Precio:<\/strong> Gratuito.<\/li>\n<p>&#13;\n<\/ul>\n","protected":false},"excerpt":{"rendered":"El Club Balonmano Soria organiza su II Jornada de Puertas Abiertas el pr\u00f3ximo mi\u00e9rcoles 3 de septiembre en&hellip;\n","protected":false},"author":2,"featured_media":83783,"comment_status":"","ping_status":"","sticky":false,"template":"","format":"standard","meta":{"footnotes":""},"categories":[278],"tags":[3127,376,168,19324,622,25,24,375,8287,293,3462,977,5748,246,23,167],"class_list":{"0":"post-83782","1":"post","2":"type-post","3":"status-publish","4":"format-standard","5":"has-post-thumbnail","7":"category-balonmano","8":"tag-abiertas","9":"tag-balonmano","10":"tag-deportes","11":"tag-entrenar","12":"tag-equipo","13":"tag-es","14":"tag-espana","15":"tag-handball","16":"tag-invita","17":"tag-jornada","18":"tag-pequenos","19":"tag-primer","20":"tag-puertas","21":"tag-soria","22":"tag-spain","23":"tag-sports"},"share_on_mastodon":{"url":"","error":""},"_links":{"self":[{"href":"https:\/\/www.europesays.com\/es\/wp-json\/wp\/v2\/posts\/83782","targetHints":{"allow":["GET"]}}],"collection":[{"href":"https:\/\/www.europesays.com\/es\/wp-json\/wp\/v2\/posts"}],"about":[{"href":"https:\/\/www.europesays.com\/es\/wp-json\/wp\/v2\/types\/post"}],"author":[{"embeddable":true,"href":"https:\/\/www.europesays.com\/es\/wp-json\/wp\/v2\/users\/2"}],"replies":[{"embeddable":true,"href":"https:\/\/www.europesays.com\/es\/wp-json\/wp\/v2\/comments?post=83782"}],"version-history":[{"count":0,"href":"https:\/\/www.europesays.com\/es\/wp-json\/wp\/v2\/posts\/83782\/revisions"}],"wp:featuredmedia":[{"embeddable":true,"href":"https:\/\/www.europesays.com\/es\/wp-json\/wp\/v2\/media\/83783"}],"wp:attachment":[{"href":"https:\/\/www.europesays.com\/es\/wp-json\/wp\/v2\/media?parent=83782"}],"wp:term":[{"taxonomy":"category","embeddable":true,"href":"https:\/\/www.europesays.com\/es\/wp-json\/wp\/v2\/categories?post=83782"},{"taxonomy":"post_tag","embeddable":true,"href":"https:\/\/www.europesays.com\/es\/wp-json\/wp\/v2\/tags?post=83782"}],"curies":[{"name":"wp","href":"https:\/\/api.w.org\/{rel}","templated":true}]}}