{"id":83813,"date":"2025-08-31T10:20:09","date_gmt":"2025-08-31T10:20:09","guid":{"rendered":"https:\/\/www.europesays.com\/es\/83813\/"},"modified":"2025-08-31T10:20:09","modified_gmt":"2025-08-31T10:20:09","slug":"la-guardia-civil-auxilia-a-los-626-pasajeros-de-los-dos-trenes-paralizados-por-el-incendio-en-un-vagon","status":"publish","type":"post","link":"https:\/\/www.europesays.com\/es\/83813\/","title":{"rendered":"La Guardia Civil auxilia a los 626 pasajeros de los dos trenes paralizados por el incendio en un vag\u00f3n"},"content":{"rendered":"<p class=\"voc-pretitle\">\nas\n<\/p>\n<p>Un segundo convoy tuvo que detenerse a escasos kil\u00f3metros del primero por el corte de suministro el\u00e9ctrico, y sus pasajeros tambi\u00e9n fueron ayudados  por la Benem\u00e9rita<\/p>\n<p><img fetchpriority=\"high\" class=\"voc-img\" src=\"https:\/\/www.europesays.com\/es\/wp-content\/uploads\/2025\/08\/tren1-Ruv223fufc19F2ornMwcXCM-1200x840@diario_abc.JPG\" loading=\"eager\" decoding=\"async\" alt=\"Pasajeros afectados custodiados por la Guardia Civil\" width=\"1200\" height=\"840\"\/><\/p>\n<p>Pasajeros afectados custodiados por la Guardia Civil    GUARDIA CIVIL  <\/p>\n<p class=\"voc-p\" style=\"\"><strong>La Guardia Civil de la Comandancia de Ciudad Real<\/strong> moviliz\u00f3 este s\u00e1bado por la tarde<strong> cuatro patrullas de seguridad ciudadana<\/strong> para <a href=\"https:\/\/www.abc.es\/espana\/castilla-la-mancha\/argamasilla-moviliza-distintos-medios-servicios-municipales-atender-20250830212023-nt.html\" target=\"_self\" data-voc-vtm-id=\"in-text-traffic\" title=\"auxiliar a los pasajeros de los trenes afectados por el incendio\" data-mrf-link=\"www.abc.es\" rel=\"nofollow noopener\">auxiliar a los pasajeros de los trenes afectados por el incendio<\/a> de un \u00faltimo vag\u00f3n de cola. Seg\u00fan informa la Guardia Civil en nota de prensa, \u00abl<strong>a tarde de ayer ser\u00e1 recordada por tiempo para todos los agentes<\/strong> actuantes de la Guardia Civil de Ciudad Real. Apenas hab\u00eda marcado el reloj las 14:00 horas cuando la Central Operativa Compleja (COC) recibi\u00f3 aviso del 112 comunicando que un tren de alta velocidad procedente de Andaluc\u00eda con destino Atocha, est\u00e1 parado en la v\u00eda f\u00e9rrea a la altura del p.k. 201 direcci\u00f3n Ciudad Real, concretamente en el t\u00e9rmino municipal de Argamasilla de Calatrava\u00ab.<\/p>\n<p class=\"voc-p\" style=\"\">\u00abLa parte trasera del \u00faltimo vag\u00f3n estaba echando fuego y bastante humo; se trataba de un conato de incendio en el coche de cola, por aver\u00eda, siendo extinguido a las 14:55 horas. La r\u00e1pida actuaci\u00f3n de las patrullas de seguridad ciudadana movilizadas hasta el lugar junto a todo el personal participante como fueron miembros de seguridad privada de Adif, bomberos de Puertollano, veh\u00edculos de Infocam, una ambulancia y Protecci\u00f3n Civil, dio como resultado el<strong> auxilio de 210 pasajeros de este primer tren<\/strong> donde apareci\u00f3 el incendio\u00ab.<\/p>\n<p class=\"voc-p\" style=\"\"><strong>Un var\u00f3n de 74 a\u00f1os de edad sufri\u00f3 una ca\u00edda al salir de la v\u00eda<\/strong> y fue atendido en el lugar por servicios m\u00e9dicos y evacuado al hospital de Puertollano. Posteriormente y afectado por el corte de suministro el\u00e9ctrico provocado por la citada aver\u00eda, <strong>qued\u00f3 detenido otro tren con 416 pasajeros<\/strong> sin personas de movilidad reducida siendo nuevamente auxiliados todos los pasajeros.<\/p>\n<p><img decoding=\"async\" loading=\"lazy\" src=\"https:\/\/www.europesays.com\/es\/wp-content\/uploads\/2025\/08\/tren2-U02026385426QbY-760x427@diario_abc.JPG\" class=\"voc-img\" width=\"760\" height=\"427\" alt=\"Los pasajeros afectados caminan paralelos a las v\u00edas\" data-voc-vtm-id=\"in-text-traffic\"\/><\/p>\n<p>Los pasajeros afectados caminan paralelos a las v\u00edas<\/p>\n<p>GUARDIA CIVIL<\/p>\n<p class=\"voc-p\" style=\"\">El Ayuntamiento de <strong>Argamasilla de Calatrava informado por el 112 moviliz\u00f3 todos los recursos humanos necesarios<\/strong> y proporcion\u00f3 agua y v\u00edveres a los viajeros de ambos trenes. Los viajeros de ambos trenes <strong>fueron evacuados a lugares cercanos para evitar la falta de aire acondicionado<\/strong> y puestos en lugares seguros. Una vez restablecido el suministro el\u00e9ctrico, <strong>el segundo tren, con 416 pasajeros, reanud\u00f3 la marcha a las 16:46 horas<\/strong> y  posteriormente se realiz\u00f3 un transbordo del primer tren averiado a un t<strong>ren de rescate<\/strong> de los pasajeros reanudando la marcha a las 17:48 horas.<\/p>\n<p>Reportar un error<\/p>\n","protected":false},"excerpt":{"rendered":"as Un segundo convoy tuvo que detenerse a escasos kil\u00f3metros del primero por el corte de suministro el\u00e9ctrico,&hellip;\n","protected":false},"author":2,"featured_media":83814,"comment_status":"","ping_status":"","sticky":false,"template":"","format":"standard","meta":{"footnotes":""},"categories":[8],"tags":[31387,3990,17,18,2804,1563,25,24,13,14,2803,11,48,19,20,9,10,15,16,31388,15864,23,12,3322,21,22,25314],"class_list":{"0":"post-83813","1":"post","2":"type-post","3":"status-publish","4":"format-standard","5":"has-post-thumbnail","7":"category-espana","8":"tag-31387","9":"tag-auxilia","10":"tag-breaking-news","11":"tag-breakingnews","12":"tag-civil","13":"tag-dos","14":"tag-es","15":"tag-espana","16":"tag-featured-news","17":"tag-featurednews","18":"tag-guardia","19":"tag-headlines","20":"tag-incendio","21":"tag-latest-news","22":"tag-latestnews","23":"tag-news","24":"tag-noticias","25":"tag-noticias-destacadas","26":"tag-noticiasdestacadas","27":"tag-paralizados","28":"tag-pasajeros","29":"tag-spain","30":"tag-titulares","31":"tag-trenes","32":"tag-ultimas-noticias","33":"tag-ultimasnoticias","34":"tag-vagon"},"share_on_mastodon":{"url":"","error":""},"_links":{"self":[{"href":"https:\/\/www.europesays.com\/es\/wp-json\/wp\/v2\/posts\/83813","targetHints":{"allow":["GET"]}}],"collection":[{"href":"https:\/\/www.europesays.com\/es\/wp-json\/wp\/v2\/posts"}],"about":[{"href":"https:\/\/www.europesays.com\/es\/wp-json\/wp\/v2\/types\/post"}],"author":[{"embeddable":true,"href":"https:\/\/www.europesays.com\/es\/wp-json\/wp\/v2\/users\/2"}],"replies":[{"embeddable":true,"href":"https:\/\/www.europesays.com\/es\/wp-json\/wp\/v2\/comments?post=83813"}],"version-history":[{"count":0,"href":"https:\/\/www.europesays.com\/es\/wp-json\/wp\/v2\/posts\/83813\/revisions"}],"wp:featuredmedia":[{"embeddable":true,"href":"https:\/\/www.europesays.com\/es\/wp-json\/wp\/v2\/media\/83814"}],"wp:attachment":[{"href":"https:\/\/www.europesays.com\/es\/wp-json\/wp\/v2\/media?parent=83813"}],"wp:term":[{"taxonomy":"category","embeddable":true,"href":"https:\/\/www.europesays.com\/es\/wp-json\/wp\/v2\/categories?post=83813"},{"taxonomy":"post_tag","embeddable":true,"href":"https:\/\/www.europesays.com\/es\/wp-json\/wp\/v2\/tags?post=83813"}],"curies":[{"name":"wp","href":"https:\/\/api.w.org\/{rel}","templated":true}]}}