{"id":83816,"date":"2025-08-31T10:22:10","date_gmt":"2025-08-31T10:22:10","guid":{"rendered":"https:\/\/www.europesays.com\/es\/83816\/"},"modified":"2025-08-31T10:22:10","modified_gmt":"2025-08-31T10:22:10","slug":"el-recoletas-se-lleva-el-iv-memorial-santiago-manguan","status":"publish","type":"post","link":"https:\/\/www.europesays.com\/es\/83816\/","title":{"rendered":"El Recoletas se lleva el IV Memorial Santiago Mangu\u00e1n"},"content":{"rendered":"<p>            Publicado por<\/p>\n<p>Diario de Valladolid | El Mundo<\/p>\n<p>        Valladolid<\/p>\n<p class=\"c-detail__info__more\">\n            Creado:<br \/>\n            <a class=\"c-detail__info__more__date\" href=\"https:\/\/www.diariodevalladolid.es\/hemeroteca\/250831\/\" rel=\"nofollow noopener\" target=\"_blank\"><br \/>\n                31.08.2025 | 00:29<br \/>\n            <\/a>\n        <\/p>\n<p class=\"c-detail__info__more\">\n            Actualizado:<br \/>\n            31.08.2025 | 00:29\n        <\/p>\n<p class=\"paragraph\">El Recoletas Atl\u00e9tico Valladolid ha disputado hoy otro doble compromiso en una pretemporada que va llegando a su final. Buena evoluci\u00f3n y sensaciones en Aranda del equipo pucelano, que mejora paso a paso en esta fase de preparaci\u00f3n y ya ha tornado en positivo su balance con cuatro triunfos y tres derrotas en los siete amistosos disputados.<\/p>\n<p>            <a href=\"#\" title=\"\"><\/p>\n<p>                    <img loading=\"lazy\" decoding=\"async\" data-index=\"\" width=\"140\" height=\"140\" alt=\"Foto oficial de la plantilla del Recoletas Atl\u00e9tico Valladolid para la temporada 2025-26 con los canteranos.\" data-full=\"[object Object]\" data-original=\"[object Object]\" src=\"https:\/\/imagenes.diariodevalladolid.es\/files\/related_image\/uploads\/2025\/08\/29\/68b1db93b0818.jpeg\" data-full-src=\"https:\/\/www.europesays.com\/es\/wp-content\/uploads\/2025\/08\/1756635730_521_68b1db93b0818.jpeg\"\/><\/p>\n<p>            <\/a><\/p>\n<p class=\"paragraph\">Al margen de los resultados y las probaturas cl\u00e1sicas de esta etapa, la buena imagen de hoy en este triangular de Castilla y Le\u00f3n de los gladiadores azules, dos partidos reducidos de 20 minutos por tiempo, indica que la puesta a punto marcha por buen camino. El Recoletas apurar\u00e1 su pretemporada a la que le resta s\u00f3lo una semana de entrenamientos y el X Torneo Diputaci\u00f3n &#8211; Alimentos de Valladolid ante REBI BM Cuenca, de cara al domingo 14 de septiembre (12:30), cuando disputar\u00e1n la primera jornada de liga contra Bada Huesca en Huerta del Rey.<\/p>\n<p>Victoria ajustada y mejor\u00eda ante el Viveros Herol Nava (17-18)<\/p>\n<p class=\"paragraph\">Los pupilos de David Pisonero cuajaron una s\u00f3lida actuaci\u00f3n ante el tambi\u00e9n renovado Viveros Herol BM Nava, que sin embargo, no se vio reflejada los primeros minutos, cuando los segovianos dominaron en el marcador hasta un 7-4. Pruebas t\u00edpicas de pretemporada en un partido jugado a ritmo alto con los segovianos sacando mejor tajada inicialmente de su acierto ofensivo y de las paradas de Patotski. Un parcial de 0-3 aprovechando el Recoletas las recuperaciones en defensa ante el juego de 7 contra 6 navero, permiti\u00f3 especialmente a Jorge Serrano anotar a porter\u00eda vac\u00eda e igualar el encuentro.<\/p>\n<p class=\"paragraph\">Despu\u00e9s los gladiadores azules ampliaron su dominio y parcial a 2-6, lo que les puso por delante, 9-10 min.16, jugando con velocidad y eficacia ofensiva. Intensos en defensa y con Juan Bar siendo un seguro bajo palos, se fueron 3 goles arriba a vestuarios dejando buenas sensaciones.<\/p>\n<p class=\"paragraph\">En la segunda mitad el Recoletas sigui\u00f3 con las rotaciones. El ritmo goleador baj\u00f3 y los pucelanos notaron algo el desgaste, en especial en la mitad de este segundo tiempo. Los buenos minutos de la porter\u00eda navera est\u00e1 vez del brasile\u00f1o Mateus Martins, permitieron a la escuadra de Senovilla ir rebajando la diferencia que hab\u00eda sido de 4 goles a favor de los de Pisonero (10-14 min.26).<\/p>\n<p class=\"paragraph\">El Recoletas no estaba fluido de cara a porter\u00eda incomodado por la defensa abierta del BM Nava, pero su esfuerzo atr\u00e1s le permiti\u00f3 seguir mandando en el marcador. El internacional juvenil y plata en el \u00faltimo Mundial, Nico Gir\u00e1ldez, dio el relevo en porter\u00eda al Bar con una parada decisiva y en la siguiente jugada ofensiva del Recoletas el gol del pivote Lucas Ribeiro en los 6 metros aseguraba la tercera victoria vallisoletana de la pretemporada.<\/p>\n<p>Recoletas 18; Nava 17<\/p>\n<ul>\n<li><b>Anotadores Recoletas At. Valladolid<\/b>:\u00a0Juan Bar (portero), Gustavo Oliveira (2), Martin Karapalevski (1), Alejandro Pisonero (-), Gedo (-), Miguel Camino (1), \u00c1lex D\u00edaz (1), Tao Gey-Emparan (2 1p), Jorge Serrano (4 1p), Rares Fodorean (1), Lucas Ribeiro (1), Jos\u00e9 De Toledo (2), Nico Gir\u00e1ldez (portero), Pablo Herrero (2), Stepo Jozinovic (-), Guilherme Carvalho (1).\u200b<\/li>\n<li>\u200b<b>Parciales<\/b>: 4-2; 7-5; 9-8; 9-12 -descanso- 10-13; 13-15; 14-17; 17-18 -final-<\/li>\n<li><b>Pabell\u00f3n<\/b>: Pabell\u00f3n Santiago Mangu\u00e1n (Aranda de Duero), unos 300 espectadores<\/li>\n<\/ul>\n<p>El Recoletas supera a los anfitriones del Tubos Aranda (19-20)<\/p>\n<p class=\"paragraph\">Los gladiadores azules refrendaron la buena l\u00ednea mostrada en el derbi de Castilla y Le\u00f3n anterior ante el Viveros Herol Nava y se sacaron la espina de la derrota cosechada ante el conjunto arandino en Torrelavega, ante un rival en ese momento m\u00e1s rodado que ha logrado tres subcampeonatos en los torneos que ha disputado.<\/p>\n<p class=\"paragraph\">Le cost\u00f3 de inicio al equipo pucelano al que las imprecisiones y la presi\u00f3n arandina le hicieron perder el control del partido. De esta manera las paradas del guardameta local Vasco Teixeira y su eficacia en ataque le dieron ventaja de 8-3 min.13. Pero el Recoletas se rehizo, limit\u00f3 sus p\u00e9rdidas y aument\u00f3 los contactos en defensa y eso le permiti\u00f3 recuperar balones y recortar su desventaja, 9-8 min.18, aunque Tubos Aranda lleg\u00f3 al descanso 2 arriba.<\/p>\n<p class=\"paragraph\">En la segunda mitad el equipo vallisoletano pudo pagar una doble inferioridad por las exclusiones y la defensa del cuadro de Javi M\u00e1rquez le hac\u00eda tener dificultades en la circulaci\u00f3n. Pero apoyado en los goles de Jozinovic, logr\u00f3 tambi\u00e9n aumentar el ritmo de juego con la aportaci\u00f3n de Tao Gey-Emparan, en transici\u00f3n y desde los 7 metros. Un parcial de 0-3 con un extra de intensidad atr\u00e1s y las paradas de Bar, que daba relevo a la buena actuaci\u00f3n de C\u00e9sar y Gir\u00e1ldez, hizo al Recoletas conseguir el empate.<\/p>\n<p class=\"paragraph\">Con los visitantes ya por delante, la defensa abierta de Tubos Aranda no pudo darles la victoria y el Recoletas se llev\u00f3 este choque de preparaci\u00f3n y el IV Memorial Santiago Mangu\u00e1n, que demuestra los resultados de su buen trabajo y que el acoplamiento de la plantilla se va convirtiendo en realidad.<\/p>\n<p>Recoletas 20; Tubos Aranda 19<\/p>\n<ul>\n<li><b>Anotadores Recoletas<\/b>: C\u00e9sar P\u00e9rez (portero), Gustavo Oliveira (1), Martin Karapalevski (-), Alejandro Pisonero (-), Gedo (-), Miguel Camino (1), \u00c1lex D\u00edaz (2), Tao Gey-Emparan (5 2p), Jorge Serrano (1), Rares Fodorean (1), Lucas Ribeiro (1), Jos\u00e9 De Toledo (2), Nico Gir\u00e1ldez (portero), Pablo Herrero (1), Stepo Jozinovic (4), Guilherme Carvalho (1), Juan Bar (portero).<\/li>\n<li><b>Parciales<\/b>: 3-3; 6-3; 9-5; 11-9 -descanso- 14-11; 15-15; 17-18; 19-20 -final-<\/li>\n<li><b>Pabell\u00f3n<\/b>: Pabell\u00f3n Santiago Mangu\u00e1n (Aranda de Duero), unos 500 espectadores.<\/li>\n<\/ul>\n","protected":false},"excerpt":{"rendered":"Publicado por Diario de Valladolid | El Mundo Valladolid Creado: 31.08.2025 | 00:29 Actualizado: 31.08.2025 | 00:29 El&hellip;\n","protected":false},"author":2,"featured_media":83817,"comment_status":"","ping_status":"","sticky":false,"template":"","format":"standard","meta":{"footnotes":""},"categories":[278],"tags":[376,3590,1942,168,25,24,375,3134,23,167,1607,17025],"class_list":{"0":"post-83816","1":"post","2":"type-post","3":"status-publish","4":"format-standard","5":"has-post-thumbnail","7":"category-balonmano","8":"tag-balonmano","9":"tag-castilla-y-leon","10":"tag-cuenca","11":"tag-deportes","12":"tag-es","13":"tag-espana","14":"tag-handball","15":"tag-recoletas-atletico-valladolid","16":"tag-spain","17":"tag-sports","18":"tag-valladolid","19":"tag-villa-de-aranda"},"share_on_mastodon":{"url":"","error":""},"_links":{"self":[{"href":"https:\/\/www.europesays.com\/es\/wp-json\/wp\/v2\/posts\/83816","targetHints":{"allow":["GET"]}}],"collection":[{"href":"https:\/\/www.europesays.com\/es\/wp-json\/wp\/v2\/posts"}],"about":[{"href":"https:\/\/www.europesays.com\/es\/wp-json\/wp\/v2\/types\/post"}],"author":[{"embeddable":true,"href":"https:\/\/www.europesays.com\/es\/wp-json\/wp\/v2\/users\/2"}],"replies":[{"embeddable":true,"href":"https:\/\/www.europesays.com\/es\/wp-json\/wp\/v2\/comments?post=83816"}],"version-history":[{"count":0,"href":"https:\/\/www.europesays.com\/es\/wp-json\/wp\/v2\/posts\/83816\/revisions"}],"wp:featuredmedia":[{"embeddable":true,"href":"https:\/\/www.europesays.com\/es\/wp-json\/wp\/v2\/media\/83817"}],"wp:attachment":[{"href":"https:\/\/www.europesays.com\/es\/wp-json\/wp\/v2\/media?parent=83816"}],"wp:term":[{"taxonomy":"category","embeddable":true,"href":"https:\/\/www.europesays.com\/es\/wp-json\/wp\/v2\/categories?post=83816"},{"taxonomy":"post_tag","embeddable":true,"href":"https:\/\/www.europesays.com\/es\/wp-json\/wp\/v2\/tags?post=83816"}],"curies":[{"name":"wp","href":"https:\/\/api.w.org\/{rel}","templated":true}]}}