{"id":83818,"date":"2025-08-31T10:23:10","date_gmt":"2025-08-31T10:23:10","guid":{"rendered":"https:\/\/www.europesays.com\/es\/83818\/"},"modified":"2025-08-31T10:23:10","modified_gmt":"2025-08-31T10:23:10","slug":"balears-cambio-de-tercio-amplia-las-entradas-para-jovenes-y-jubilados-tras-agotarse","status":"publish","type":"post","link":"https:\/\/www.europesays.com\/es\/83818\/","title":{"rendered":"Balears Cambio de Tercio ampl\u00eda las entradas para j\u00f3venes y jubilados tras agotarse"},"content":{"rendered":"<p style=\"text-align: justify;\">La empresa <strong>Balears Cambio de Tercio<\/strong> ha vuelto a demostrar su sensibilidad con los aficionados m\u00e1s veteranos y con las nuevas generaciones. Tras agotarse en apenas cuatro d\u00edas las primeras localidades con precio especial \u2014que representaban ya un 10 % del aforo total de la plaza de toros\u2014, la empresa ha decidido ampliar en 200 entradas m\u00e1s el cupo destinado a j\u00f3venes y jubilados.<\/p>\n<p style=\"text-align: justify;\">Con esta medida, la empresa eleva hasta el<strong> 15 % del aforo <\/strong>total el n\u00famero de localidades reservadas para este sector de la afici\u00f3n, reforzando as\u00ed su compromiso por acercar la tauromaquia tanto a quienes la vivieron en tiempos de esplendor como a quienes comienzan a descubrirla ahora.<\/p>\n<p><strong class=\"relacionadas-titulo-gral\">Noticias Relacionadas<\/strong><\/p>\n<p style=\"text-align: justify;\">Las entradas con precio especial solo podr\u00e1n adquirirse en las taquillas de la plaza y por orden de llegada, garantizando as\u00ed un acceso directo y transparente para todos los interesados.<\/p>\n<p>&#13;<br \/>\n&#13;<\/p>\n<p style=\"text-align: justify;\">La venta se abrir\u00e1 oficialmente el pr\u00f3ximo lunes, en lo que se espera sea nuevamente una gran acogida por parte\u00a0del\u00a0p\u00fablico.<\/p>\n<p style=\"text-align: justify;\">\u00a0<\/p>\n","protected":false},"excerpt":{"rendered":"La empresa Balears Cambio de Tercio ha vuelto a demostrar su sensibilidad con los aficionados m\u00e1s veteranos y&hellip;\n","protected":false},"author":2,"featured_media":83819,"comment_status":"","ping_status":"","sticky":false,"template":"","format":"standard","meta":{"footnotes":""},"categories":[277],"tags":[2456,373,168,25,24,23,167,374],"class_list":{"0":"post-83818","1":"post","2":"type-post","3":"status-publish","4":"format-standard","5":"has-post-thumbnail","7":"category-toreo","8":"tag-baleares","9":"tag-bullfighting","10":"tag-deportes","11":"tag-es","12":"tag-espana","13":"tag-spain","14":"tag-sports","15":"tag-toreo"},"share_on_mastodon":{"url":"","error":""},"_links":{"self":[{"href":"https:\/\/www.europesays.com\/es\/wp-json\/wp\/v2\/posts\/83818","targetHints":{"allow":["GET"]}}],"collection":[{"href":"https:\/\/www.europesays.com\/es\/wp-json\/wp\/v2\/posts"}],"about":[{"href":"https:\/\/www.europesays.com\/es\/wp-json\/wp\/v2\/types\/post"}],"author":[{"embeddable":true,"href":"https:\/\/www.europesays.com\/es\/wp-json\/wp\/v2\/users\/2"}],"replies":[{"embeddable":true,"href":"https:\/\/www.europesays.com\/es\/wp-json\/wp\/v2\/comments?post=83818"}],"version-history":[{"count":0,"href":"https:\/\/www.europesays.com\/es\/wp-json\/wp\/v2\/posts\/83818\/revisions"}],"wp:featuredmedia":[{"embeddable":true,"href":"https:\/\/www.europesays.com\/es\/wp-json\/wp\/v2\/media\/83819"}],"wp:attachment":[{"href":"https:\/\/www.europesays.com\/es\/wp-json\/wp\/v2\/media?parent=83818"}],"wp:term":[{"taxonomy":"category","embeddable":true,"href":"https:\/\/www.europesays.com\/es\/wp-json\/wp\/v2\/categories?post=83818"},{"taxonomy":"post_tag","embeddable":true,"href":"https:\/\/www.europesays.com\/es\/wp-json\/wp\/v2\/tags?post=83818"}],"curies":[{"name":"wp","href":"https:\/\/api.w.org\/{rel}","templated":true}]}}