{"id":83858,"date":"2025-08-31T10:51:44","date_gmt":"2025-08-31T10:51:44","guid":{"rendered":"https:\/\/www.europesays.com\/es\/83858\/"},"modified":"2025-08-31T10:51:44","modified_gmt":"2025-08-31T10:51:44","slug":"la-esperada-pelea-jack-della-maddalena-defendera-el-titulo-welter-ante-islam-makhachev-en-ufc-322","status":"publish","type":"post","link":"https:\/\/www.europesays.com\/es\/83858\/","title":{"rendered":"\u00a1La esperada pelea! Jack Della Maddalena defender\u00e1 el t\u00edtulo welter ante Islam Makhachev en UFC 322"},"content":{"rendered":"<p>\n                Publicado <b>29 agosto, 2025<\/b> por <b style=\"text-transform:capitalize;\">Daniela Galindo<\/b>            <\/p>\n<blockquote class=\"wp-block-quote is-layout-flow wp-block-quote-is-layout-flow\">\n<p class=\"has-medium-font-size\">UFC 322 tendr\u00e1 lugar el 15 de noviembre en el Madison Square Garden con dos peleas de campeonato en la cartelera principal.<\/p>\n<\/blockquote>\n<p><img fetchpriority=\"high\" decoding=\"async\" width=\"1024\" height=\"576\" src=\"https:\/\/www.europesays.com\/es\/wp-content\/uploads\/2025\/08\/ufc-322-201600-1024x576.jpg\" alt=\"Jack Della Maddalena defender\u00e1 el t\u00edtulo w\u00e9lter ante Islam Makhachev en UFC 322\" class=\"wp-image-1059294\"  \/>Se anuncia el evento estelar de UFC 322 | @ufc<\/p>\n<p>La <strong>UFC confirm\u00f3 la cartelera principal<\/strong> del evento numerado <strong>UFC 322<\/strong>, que se celebrar\u00e1 el pr\u00f3ximo <strong>15 de noviembre en el Madison Square Garden de Nueva York<\/strong>, con un combate estelar entre <strong><a href=\"https:\/\/www.clarosports.com\/ufc\/jack-della-maddalena-le-quita-el-cinturon-del-peso-welter-a-belal-muhammad-tras-un-sangriento-combate-en-ufc-315\/\" rel=\"nofollow noopener\" target=\"_blank\">Jack Della Maddalena<\/a><\/strong> e<a href=\"https:\/\/www.clarosports.com\/ufc\/islam-makhachev-advierte-a-la-ufc-no-voy-a-dejar-vacante-mi-titulo-de-peso-ligero\/\" rel=\"nofollow noopener\" target=\"_blank\"> <strong>Islam Makhachev<\/strong><\/a>. La noticia fue anunciada oficialmente por<strong> <a href=\"https:\/\/www.clarosports.com\/ufc\/dana-white-confirma-la-fecha-para-el-regreso-de-jon-jones-en-ufc\/\" rel=\"nofollow noopener\" target=\"_blank\">Dana White, en redes sociales<\/a><\/strong><\/p>\n<p>El australiano <strong>Della Maddalena (18-2 MMA, 8-0 UFC)<\/strong>, actual campe\u00f3n de peso welter, realizar\u00e1 su primera defensa del t\u00edtulo tras conquistar el cintur\u00f3n en mayo pasado al<strong><a href=\"https:\/\/www.clarosports.com\/ufc\/jack-della-maddalena-le-quita-el-cinturon-del-peso-welter-a-belal-muhammad-tras-un-sangriento-combate-en-ufc-315\/\" rel=\"nofollow noopener\" target=\"_blank\"> imponerse a Belal Muhammad por decisi\u00f3n un\u00e1nime en cinco asaltos.<\/a><\/strong> Con esta oportunidad, buscar\u00e1 consolidar un ascenso que comenz\u00f3 desde su participaci\u00f3n en el programa Dana White\u2019s Contender Series.<\/p>\n<p>Previo a obtener el campeonato, Della Maddalena acumul\u00f3 una racha de victorias en el oct\u00e1gono contra rivales como Pete Rodriguez, Ramazan Emeev, Danny Roberts, Randy Brown, Bassil Hafez, Kevin Holland y Gilbert Burns, lo que lo llev\u00f3 a la pelea por el t\u00edtulo.<\/p>\n<blockquote class=\"twitter-tweet\">\n<p lang=\"en\" dir=\"ltr\">Epic fights in The World&#8217;s Most Famous Arena \u203c\ufe0f<\/p>\n<p>Jack Della Maddalena vs <a href=\"https:\/\/twitter.com\/MAKHACHEVMMA?ref_src=twsrc%5Etfw\" rel=\"nofollow noopener\" target=\"_blank\">@MakhachevMMA<\/a> \ud83c\udfc6<a href=\"https:\/\/twitter.com\/BulletValentina?ref_src=twsrc%5Etfw\" rel=\"nofollow noopener\" target=\"_blank\">@BulletValentina<\/a> vs Zhang Weili \ud83c\udfc6<a href=\"https:\/\/twitter.com\/Leon_edwardsmma?ref_src=twsrc%5Etfw\" rel=\"nofollow noopener\" target=\"_blank\">@Leon_EdwardsMMA<\/a> vs <a href=\"https:\/\/twitter.com\/thenightmare170?ref_src=twsrc%5Etfw\" rel=\"nofollow noopener\" target=\"_blank\">@TheNightmare170<\/a><\/p>\n<p>Register <a href=\"https:\/\/twitter.com\/hashtag\/UFC322?src=hash&amp;ref_src=twsrc%5Etfw\" rel=\"nofollow noopener\" target=\"_blank\">#UFC322<\/a> interest \ud83d\udc49 <a href=\"https:\/\/t.co\/jVJGMCoHeE\" rel=\"nofollow\">https:\/\/t.co\/jVJGMCoHeE<\/a> <a href=\"https:\/\/t.co\/8hYszPJDmM\" rel=\"nofollow\">pic.twitter.com\/8hYszPJDmM<\/a><\/p>\n<p>\u2014 UFC (@ufc) <a href=\"https:\/\/twitter.com\/ufc\/status\/1961247513626976613?ref_src=twsrc%5Etfw\" rel=\"nofollow noopener\" target=\"_blank\">August 29, 2025<\/a><\/p><\/blockquote>\n<p>Por su parte, <strong>Makhachev (27-1 MMA, 16-1 UFC)<\/strong> decidi\u00f3 dejar vacante el cintur\u00f3n de peso ligero con el objetivo de conquistar una nueva divisi\u00f3n. El ruso defendi\u00f3 con \u00e9xito su campeonato en cuatro ocasiones, ante Renato Moicano, Alexander Volkanovski en dos combates, y Dustin Poirier. Su \u00faltima defensa ocurri\u00f3 en enero, antes de anunciar su cambio de categor\u00eda.<\/p>\n<p>Adem\u00e1s del combate estelar, <strong>UFC 322<\/strong> contar\u00e1 con un segundo duelo de campeonato. La monarca de peso mosca, <strong>Valentina Shevchenko<\/strong>, enfrentar\u00e1 a la campeona de peso paja, <strong>Zhang Weili<\/strong>, en una pelea por el t\u00edtulo de las 125 libras.<\/p>\n<p>La cartelera principal se completa con el enfrentamiento entre <strong>Leon Edwards y Carlos Prates<\/strong>, as\u00ed como la pelea de peso mosca entre <strong>Erin Blanchfield y Tracy Cortez<\/strong>. Con estas confirmaciones, UFC 322 se perfila como uno de los eventos m\u00e1s destacados del calendario de artes marciales mixtas en 2025.<\/p>\n<p>Te puede interesar:<\/p>\n<p>    <script async src=\"https:\/\/platform.twitter.com\/widgets.js\" charset=\"utf-8\"><\/script><\/p>\n","protected":false},"excerpt":{"rendered":"Publicado 29 agosto, 2025 por Daniela Galindo UFC 322 tendr\u00e1 lugar el 15 de noviembre en el Madison&hellip;\n","protected":false},"author":2,"featured_media":83859,"comment_status":"","ping_status":"","sticky":false,"template":"","format":"standard","meta":{"footnotes":""},"categories":[276],"tags":[168,25,24,23,167,343],"class_list":{"0":"post-83858","1":"post","2":"type-post","3":"status-publish","4":"format-standard","5":"has-post-thumbnail","7":"category-ufc","8":"tag-deportes","9":"tag-es","10":"tag-espana","11":"tag-spain","12":"tag-sports","13":"tag-ufc"},"share_on_mastodon":{"url":"","error":""},"_links":{"self":[{"href":"https:\/\/www.europesays.com\/es\/wp-json\/wp\/v2\/posts\/83858","targetHints":{"allow":["GET"]}}],"collection":[{"href":"https:\/\/www.europesays.com\/es\/wp-json\/wp\/v2\/posts"}],"about":[{"href":"https:\/\/www.europesays.com\/es\/wp-json\/wp\/v2\/types\/post"}],"author":[{"embeddable":true,"href":"https:\/\/www.europesays.com\/es\/wp-json\/wp\/v2\/users\/2"}],"replies":[{"embeddable":true,"href":"https:\/\/www.europesays.com\/es\/wp-json\/wp\/v2\/comments?post=83858"}],"version-history":[{"count":0,"href":"https:\/\/www.europesays.com\/es\/wp-json\/wp\/v2\/posts\/83858\/revisions"}],"wp:featuredmedia":[{"embeddable":true,"href":"https:\/\/www.europesays.com\/es\/wp-json\/wp\/v2\/media\/83859"}],"wp:attachment":[{"href":"https:\/\/www.europesays.com\/es\/wp-json\/wp\/v2\/media?parent=83858"}],"wp:term":[{"taxonomy":"category","embeddable":true,"href":"https:\/\/www.europesays.com\/es\/wp-json\/wp\/v2\/categories?post=83858"},{"taxonomy":"post_tag","embeddable":true,"href":"https:\/\/www.europesays.com\/es\/wp-json\/wp\/v2\/tags?post=83858"}],"curies":[{"name":"wp","href":"https:\/\/api.w.org\/{rel}","templated":true}]}}