{"id":83893,"date":"2025-08-31T11:22:08","date_gmt":"2025-08-31T11:22:08","guid":{"rendered":"https:\/\/www.europesays.com\/es\/83893\/"},"modified":"2025-08-31T11:22:08","modified_gmt":"2025-08-31T11:22:08","slug":"lo-intente-pero-aquello-es-muy-dificil-ellos-siguen-con-su-fiesta","status":"publish","type":"post","link":"https:\/\/www.europesays.com\/es\/83893\/","title":{"rendered":"Lo intent\u00e9, pero aquello es muy dif\u00edcil, ellos siguen con su fiesta"},"content":{"rendered":"<p>\u00abLo intent\u00e9, pero aquello es muy dif\u00edcil, ellos siguen con su fiesta, que yo la respeto mucho, pero es una plaza que no es f\u00e1cil, sale un toro muy grande y relativamente feo\u00bb, desvela el diestro en una de las preguntas de la <strong>entrevista en ABC<\/strong>.\u00a0<\/p>\n<p>\u00abPamplona -contin\u00faa- es una prueba de fuego ante un p\u00fablico en el que no tiene nada que ver la sombra con el sol. La sombra es un p\u00fablico muy respetable. El sol va a su fiesta. Lo \u00fanico que podemos hacer los toreros es aceptarlo y dentro de la temporada taurina es de las plazas m\u00e1s importantes\u00bb.<\/p>\n<p><strong>D\u00cdAS EN PAMPLONA<\/strong><\/p>\n<p>Tras su triunfo del d\u00eda 9 en los Sanfermines, <strong>Morante de la Puebla<\/strong> pas\u00f3 varios d\u00edas en Pamplona conociendo la ciudad y la fiesta. As\u00ed, el diestro acudi\u00f3 un d\u00eda despu\u00e9s de su triunfo al apartado de la plaza de toros y, luego, por la tarde, en la corrida, que vio desde el burladero. El matador Emilio de Justo, incluso le brind\u00f3 un toro.<\/p>\n<p>Al d\u00eda siguiente,\u00a0se dirigi\u00f3 hasta los corrales del gas para ver los toros que faltaban por lidiar, incluidos los Miuras del d\u00eda 14. Ataviado con una colorista camisa, de esas con personalidad, como el propio torero y <a href=\"https:\/\/www.diariodenavarra.es\/noticias\/san-fermin\/toros\/2025\/07\/14\/dos-angeles-guardia-morante-puebla-654206-3388.html\" title=\"Los dos \u00e1ngeles de la guarda que siempre acompa\u00f1an a Morante de la Puebla\" rel=\"nofollow noopener\" target=\"_blank\">acompa\u00f1ado, como siempre, por su representante y su cuadrilla<\/a>, el torero se mostr\u00f3 muy accesible y se fotografi\u00f3 con los aficionados que se pidieron e incluso con el vigilante de seguridad de las instalaciones. Despu\u00e9s, recorri\u00f3 las calles del Casco Antiguo por el recorrido del encierro.<\/p>\n<p>S\u00f3lo queda esperar al a\u00f1o que viene para poder disfrutar de su arte sobre la arena de Pamplona.<\/p>\n","protected":false},"excerpt":{"rendered":"\u00abLo intent\u00e9, pero aquello es muy dif\u00edcil, ellos siguen con su fiesta, que yo la respeto mucho, pero&hellip;\n","protected":false},"author":2,"featured_media":83894,"comment_status":"","ping_status":"","sticky":false,"template":"","format":"standard","meta":{"footnotes":""},"categories":[277],"tags":[373,168,25,24,780,1358,2228,57,23,167,19428,374],"class_list":{"0":"post-83893","1":"post","2":"type-post","3":"status-publish","4":"format-standard","5":"has-post-thumbnail","7":"category-toreo","8":"tag-bullfighting","9":"tag-deportes","10":"tag-es","11":"tag-espana","12":"tag-morante","13":"tag-pamplona","14":"tag-san","15":"tag-sobre","16":"tag-spain","17":"tag-sports","18":"tag-torear","19":"tag-toreo"},"share_on_mastodon":{"url":"","error":""},"_links":{"self":[{"href":"https:\/\/www.europesays.com\/es\/wp-json\/wp\/v2\/posts\/83893","targetHints":{"allow":["GET"]}}],"collection":[{"href":"https:\/\/www.europesays.com\/es\/wp-json\/wp\/v2\/posts"}],"about":[{"href":"https:\/\/www.europesays.com\/es\/wp-json\/wp\/v2\/types\/post"}],"author":[{"embeddable":true,"href":"https:\/\/www.europesays.com\/es\/wp-json\/wp\/v2\/users\/2"}],"replies":[{"embeddable":true,"href":"https:\/\/www.europesays.com\/es\/wp-json\/wp\/v2\/comments?post=83893"}],"version-history":[{"count":0,"href":"https:\/\/www.europesays.com\/es\/wp-json\/wp\/v2\/posts\/83893\/revisions"}],"wp:featuredmedia":[{"embeddable":true,"href":"https:\/\/www.europesays.com\/es\/wp-json\/wp\/v2\/media\/83894"}],"wp:attachment":[{"href":"https:\/\/www.europesays.com\/es\/wp-json\/wp\/v2\/media?parent=83893"}],"wp:term":[{"taxonomy":"category","embeddable":true,"href":"https:\/\/www.europesays.com\/es\/wp-json\/wp\/v2\/categories?post=83893"},{"taxonomy":"post_tag","embeddable":true,"href":"https:\/\/www.europesays.com\/es\/wp-json\/wp\/v2\/tags?post=83893"}],"curies":[{"name":"wp","href":"https:\/\/api.w.org\/{rel}","templated":true}]}}