{"id":83982,"date":"2025-08-31T12:27:04","date_gmt":"2025-08-31T12:27:04","guid":{"rendered":"https:\/\/www.europesays.com\/es\/83982\/"},"modified":"2025-08-31T12:27:04","modified_gmt":"2025-08-31T12:27:04","slug":"hable-con-saul-y-sarabia-y-me-contaron-maravillas-del-sevilla","status":"publish","type":"post","link":"https:\/\/www.europesays.com\/es\/83982\/","title":{"rendered":"\u00abHabl\u00e9 con Sa\u00fal y Sarabia y me contaron maravillas del Sevilla\u00bb"},"content":{"rendered":"<p><img decoding=\"async\" class=\"voc-author__img\" src=\"https:\/\/www.europesays.com\/es\/wp-content\/uploads\/2025\/08\/autor-4184-foto-8.jpeg\" alt=\"Candela V\u00e1zquez\"\/><\/p>\n<p>31\/08\/2025<br \/>\n<br \/><strong><br \/>\nActualizado a las 12:23h.<br \/>\n<\/strong><\/p>\n<p class=\"voc-p\" style=\"\">El <strong>Sevilla FC<\/strong> sigue trabajando en definir su planificaci\u00f3n y el \u00faltimo en incorporarse a la doctrina sevillista ha sido <strong>C\u00e9sar Azpilicueta<\/strong>. El veterano jugador navarro ha firmado por un a\u00f1o, con otro opcional, con el club hispalense y ha reconocido que le convenci\u00f3 el ver que hab\u00eda \u00abmuchas ganas de que est\u00e9 aqu\u00ed\u00bb. <\/p>\n<p class=\"voc-p\" style=\"\">El defensa sabe que la <strong>plantilla del Sevilla<\/strong> requiere de jugadores veteranos para equilibrar la juventud que impera, y est\u00e1 convencido de que podr\u00e1 ayudar \u00abdesde la experiencia\u00bb. \u00abAhora me toca dar lo m\u00e1ximo para ayudar. <strong>Este es un club hist\u00f3rico<\/strong> y creo que puedo ayudar no s\u00f3lo en lo deportivo, sino con los jugadores j\u00f3venes. Yo tambi\u00e9n empec\u00e9 siendo joven y la oportunidad llega cuando llega. Como veterano tienes que asumir responsabilidades para liberar de presi\u00f3n a los canteranos. <strong>Hablo, corrijo y ayudar\u00e9 en todo lo que pueda a esta transici\u00f3n<\/strong>. Es un desaf\u00edo para m\u00ed, aportar\u00e9 mi experiencia para ganar partidos, que de eso se trata\u00ab, ha explicado Azpilicueta en una entrevista concedida a los medios oficiales del club. <\/p>\n<p class=\"voc-p\" style=\"\">Una experiencia avalada por todo lo que ha vivido el jugador de 36 a\u00f1os a nivel nacional e internacional: \u00abEstoy orgulloso de lo que he conseguido, pero en el f\u00fatbol se vive del presente, d\u00eda a d\u00eda dando lo m\u00e1ximo, demostr\u00e1ndolo en cada entrenamiento, con tu comportamiento, dando ejemplo y yendo todos de la mano. Asumo ese posible liderazgo con naturalidad. Llegu\u00e9 al Chelsea como un jugador normal y acab\u00e9 siendo capit\u00e1n y ganando t\u00edtulos. Ojal\u00e1 que todos juntos podamos conseguir los objetivos\u00bb. <\/p>\n<p class=\"voc-title\">\u00abMe ha faltado din\u00e1mica de grupo este verano\u00bb<\/p>\n<p class=\"voc-p\" style=\"\">Azpilicueta ha recalado en el Sevilla tras quedar libre el pasado mes de junio (<strong>acab\u00f3 contrato con el Atl\u00e9tico de Madrid<\/strong>). El jugador ha explicado que este verano se ha dedicado a entrenar en solitario, mientras esperaba alguna oportunidad. \u00abHa sido un verano at\u00edpico, me he mantenido en forma esperando una oportunidad que ha llegado gracias al Sevilla. Lo he llevado bien porque con el Mundial de clubes termin\u00e9 muy tarde y necesitaba calma y tranquilidad. Me ha faltado din\u00e1mica de grupo, pero ahora tengo mucha energ\u00eda para aportar desde el primer momento\u00bb, ha asegurado.<\/p>\n<p class=\"voc-p\" style=\"\"><strong>Su polivalencia es la que lo convierte es una pieza valiosa<\/strong> para el Sevilla de Almeyda. El jugador puede ocupar tanto el centro de la defensa como el lateral y \u00e9l mismo ha explicado que est\u00e1 abierto a cualquier posici\u00f3n: \u00abYo debut\u00e9 de extremo derecho, encarando a los rivales, ahora ya he jugado en todas las posiciones de la defensa, me ha tocado adaptarme. He tenido siempre versatilidad y he estado siempre abierto a nuevas posiciones a las que adaptarme\u00bb.<\/p>\n<p class=\"voc-p\" style=\"\">Por \u00faltimo, Azpilicueta ha reconocido que habl\u00f3 con un par de excompa\u00f1eros, que conocen muy bien la casa, para que le ofrecieran <strong>referencias del Sevilla<\/strong>: \u00abHe hablado con <strong>Pablo Sarabia y con Sa\u00fal<\/strong>, todos hablan maravillas del club y de la ciudad. Tengo buenos recuerdos del estadio pero jugando con el Chelsea, en la Champions contra el Sevilla y contra el Oporto, una competici\u00f3n que acabamos ganando. Hay recuerdos intensos de haber venido como rival, espero que ahora como local descubramos ese ambiente, intensidad y alegr\u00eda de la gente. Tenemos que hacernos fuertes en casa para adquirir consistencia y confianza\u00ab.<\/p>\n<p>Reportar un error<\/p>\n","protected":false},"excerpt":{"rendered":"31\/08\/2025 Actualizado a las 12:23h. El Sevilla FC sigue trabajando en definir su planificaci\u00f3n y el \u00faltimo en&hellip;\n","protected":false},"author":2,"featured_media":83983,"comment_status":"","ping_status":"","sticky":false,"template":"","format":"standard","meta":{"footnotes":""},"categories":[268],"tags":[30646,31437,168,25,24,280,282,31435,15619,25910,31436,1171,281,23,167],"class_list":{"0":"post-83982","1":"post","2":"type-post","3":"status-publish","4":"format-standard","5":"has-post-thumbnail","7":"category-futbol","8":"tag-azpilicueta","9":"tag-contaron","10":"tag-deportes","11":"tag-es","12":"tag-espana","13":"tag-football","14":"tag-futbol","15":"tag-hable","16":"tag-maravillas","17":"tag-sarabia","18":"tag-saul","19":"tag-sevilla","20":"tag-soccer","21":"tag-spain","22":"tag-sports"},"share_on_mastodon":{"url":"","error":""},"_links":{"self":[{"href":"https:\/\/www.europesays.com\/es\/wp-json\/wp\/v2\/posts\/83982","targetHints":{"allow":["GET"]}}],"collection":[{"href":"https:\/\/www.europesays.com\/es\/wp-json\/wp\/v2\/posts"}],"about":[{"href":"https:\/\/www.europesays.com\/es\/wp-json\/wp\/v2\/types\/post"}],"author":[{"embeddable":true,"href":"https:\/\/www.europesays.com\/es\/wp-json\/wp\/v2\/users\/2"}],"replies":[{"embeddable":true,"href":"https:\/\/www.europesays.com\/es\/wp-json\/wp\/v2\/comments?post=83982"}],"version-history":[{"count":0,"href":"https:\/\/www.europesays.com\/es\/wp-json\/wp\/v2\/posts\/83982\/revisions"}],"wp:featuredmedia":[{"embeddable":true,"href":"https:\/\/www.europesays.com\/es\/wp-json\/wp\/v2\/media\/83983"}],"wp:attachment":[{"href":"https:\/\/www.europesays.com\/es\/wp-json\/wp\/v2\/media?parent=83982"}],"wp:term":[{"taxonomy":"category","embeddable":true,"href":"https:\/\/www.europesays.com\/es\/wp-json\/wp\/v2\/categories?post=83982"},{"taxonomy":"post_tag","embeddable":true,"href":"https:\/\/www.europesays.com\/es\/wp-json\/wp\/v2\/tags?post=83982"}],"curies":[{"name":"wp","href":"https:\/\/api.w.org\/{rel}","templated":true}]}}