{"id":83988,"date":"2025-08-31T12:33:07","date_gmt":"2025-08-31T12:33:07","guid":{"rendered":"https:\/\/www.europesays.com\/es\/83988\/"},"modified":"2025-08-31T12:33:07","modified_gmt":"2025-08-31T12:33:07","slug":"patri-perez-comparte-sus-nervios-por-la-entrada-de-su-hijo-rio-en-la-escuela-infantil","status":"publish","type":"post","link":"https:\/\/www.europesays.com\/es\/83988\/","title":{"rendered":"Patri P\u00e9rez comparte sus nervios por la entrada de su hijo R\u00edo en la escuela infantil"},"content":{"rendered":"<p class=\"c-paragraph\">Patri P\u00e9rez ha regresado a Renaciendo, en Mediaset Infinity, para compartir <b>c\u00f3mo se encuentra a la espera de su segundo beb\u00e9<\/b>. La exparticipante de La isla de las tentaciones se ha abierto con sus seguidores y ha mostrado <b>sus nervios por la etapa que inicia su hijo.\u00a0<\/b><\/p>\n<p class=\"c-paragraph\">\u00abTengo muchas ganas. <b>R\u00edo empieza la escuela infantil, <\/b>es su primer a\u00f1o\u00bb, ha comentado la creadora de contenido en el v\u00eddeo que ha compartido, en el que ha asegurado que <b>est\u00e1 \u00abmuy nerviosa de pensarlo\u00bb.\u00a0<\/b><\/p>\n<p class=\"c-paragraph\">\u00abCreo que <b>lo voy a pasar yo peor que \u00e9l\u00bb, <\/b>ha a\u00f1adido la exnovia de Lester. Patri ha desvelado que tiene \u00absentimientos encontrados\u00bb. \u00abPor un lado creo que <b>me va a venir muy bien para poder organizarme<\/b> en casa, hacer las tareas, estar m\u00e1s tranquila, m\u00e1s relajada\u00bb, ha explicado.\u00a0<\/p>\n<p class=\"c-paragraph\">Pero tambi\u00e9n cree que este cambio va a ser muy positivo para R\u00edo: \u00abCreo que <b>a \u00e9l le va a venir muy bien para poder despegarse un poco de m\u00ed, <\/b>relacionarse, hacer amigos, conocer ni\u00f1os\u00bb.<\/p>\n<p class=\"c-paragraph\">Patri P\u00e9rez ha reconocido frente a la c\u00e1mara que <b>est\u00e1 \u00abnost\u00e1lgica con este tema\u00bb,<\/b> que se suma a su segundo embarazo, que ya est\u00e1 muy avanzado, al que se enfrenta como madre soltera esta vez, aunque <b>Lester ha participado y la ha ayudado de cierta manera.<\/b><\/p>\n","protected":false},"excerpt":{"rendered":"Patri P\u00e9rez ha regresado a Renaciendo, en Mediaset Infinity, para compartir c\u00f3mo se encuentra a la espera de&hellip;\n","protected":false},"author":2,"featured_media":83989,"comment_status":"","ping_status":"","sticky":false,"template":"","format":"standard","meta":{"footnotes":""},"categories":[171],"tags":[1994,146,5089,147,25,24,3487,31438,738,23,214],"class_list":{"0":"post-83988","1":"post","2":"type-post","3":"status-publish","4":"format-standard","5":"has-post-thumbnail","7":"category-tv","8":"tag-comparte","9":"tag-entertainment","10":"tag-entrada","11":"tag-entretenimiento","12":"tag-es","13":"tag-espana","14":"tag-nervios","15":"tag-patri","16":"tag-perez","17":"tag-spain","18":"tag-tv"},"share_on_mastodon":{"url":"","error":""},"_links":{"self":[{"href":"https:\/\/www.europesays.com\/es\/wp-json\/wp\/v2\/posts\/83988","targetHints":{"allow":["GET"]}}],"collection":[{"href":"https:\/\/www.europesays.com\/es\/wp-json\/wp\/v2\/posts"}],"about":[{"href":"https:\/\/www.europesays.com\/es\/wp-json\/wp\/v2\/types\/post"}],"author":[{"embeddable":true,"href":"https:\/\/www.europesays.com\/es\/wp-json\/wp\/v2\/users\/2"}],"replies":[{"embeddable":true,"href":"https:\/\/www.europesays.com\/es\/wp-json\/wp\/v2\/comments?post=83988"}],"version-history":[{"count":0,"href":"https:\/\/www.europesays.com\/es\/wp-json\/wp\/v2\/posts\/83988\/revisions"}],"wp:featuredmedia":[{"embeddable":true,"href":"https:\/\/www.europesays.com\/es\/wp-json\/wp\/v2\/media\/83989"}],"wp:attachment":[{"href":"https:\/\/www.europesays.com\/es\/wp-json\/wp\/v2\/media?parent=83988"}],"wp:term":[{"taxonomy":"category","embeddable":true,"href":"https:\/\/www.europesays.com\/es\/wp-json\/wp\/v2\/categories?post=83988"},{"taxonomy":"post_tag","embeddable":true,"href":"https:\/\/www.europesays.com\/es\/wp-json\/wp\/v2\/tags?post=83988"}],"curies":[{"name":"wp","href":"https:\/\/api.w.org\/{rel}","templated":true}]}}