{"id":8421,"date":"2025-07-28T03:20:09","date_gmt":"2025-07-28T03:20:09","guid":{"rendered":"https:\/\/www.europesays.com\/es\/8421\/"},"modified":"2025-07-28T03:20:09","modified_gmt":"2025-07-28T03:20:09","slug":"gaby-suazo-huele-a-fichajazo","status":"publish","type":"post","link":"https:\/\/www.europesays.com\/es\/8421\/","title":{"rendered":"Gaby Suazo huele a &#8216;fichajazo&#8217;"},"content":{"rendered":"<p><img decoding=\"async\" class=\"voc-author__img\" src=\"https:\/\/www.europesays.com\/es\/wp-content\/uploads\/2025\/07\/autor-3498-foto-5.png\" alt=\"Fran Montes de Oca\"\/><\/p>\n<p class=\"voc-p\" style=\"\">Teniendo en cuenta que el de <strong>Alfon<\/strong> lo dej\u00f3 atado el anterior director deportivo, <strong>Antonio Cord\u00f3n<\/strong> s\u00f3lo ha tra\u00eddo un fichaje hasta la fecha al S\u00e1nchez-Pizju\u00e1n, pero vaya fichaje. <strong>Gabriel Suazo<\/strong> destaca sobremanera en este grupo desde el primer d\u00eda que se puso a las \u00f3rdenes de <strong>Mat\u00edas Almeyda<\/strong>. El chileno se ha adue\u00f1ado del lateral izquierdo, pero es mucho m\u00e1s que eso. Su alma de centrocampista, posici\u00f3n en la que comenz\u00f3 jugando, y su gran capacidad para dominar espacios lo convierten en un &#8216;todocampista&#8217; de primer nivel. Ya hab\u00eda demostrado sus grandes cualidades en la selecci\u00f3n chilena y en la Ligue 1, y ahora no ha hecho sino reconfirmar su buen nivel en su salto a la escuadra sevillista, donde se erige en intocable de Almeyda a las primeras de cambio.<\/p>\n<p class=\"voc-p\" style=\"\">Suazo <strong>aporta mucho en el juego y en los n\u00fameros de su equipo<\/strong>, con incidencia directa tambi\u00e9n en la producci\u00f3n goleadora. El internacional de 27 a\u00f1os ha firmado <strong>dos asistencias<\/strong> en sus dos primeros encuentros con el Sevilla FC. Su servicio a Rub\u00e9n Vargas en el descuento evit\u00f3 la derrota con el Sunderland (1-1) y este s\u00e1bado ciment\u00f3 la goleada de su equipo en el Veltins Arena (2-4) poni\u00e9ndole un extraordinario bal\u00f3n de primeras y sin dejarla caer para el cabezazo de Akor Adams que signific\u00f3 el primer tanto sevillista en el partido contra el Schalke 04 y primero tambi\u00e9n del nigeriano con la el\u00e1stica nervionense.<\/p>\n<p class=\"voc-p\" style=\"\">No cabe duda de que el Sevilla ha ganado un jugador de quilates para el equipo, am\u00e9n de su <strong>condici\u00f3n natural de l\u00edder carism\u00e1tico<\/strong>, algo de lo que viene adoleciendo el vestuario desde hace tiempo. Hay muchos que lo comparan ya con <strong>Marcos Acu\u00f1a<\/strong>. Formado en las categor\u00edas inferiores de Colo-Colo, conquist\u00f3 con el grande de Chile tres ligas, tres copas y otras tres supercopas. En su salto al f\u00fatbol europeo, se proclam\u00f3 con el Toulouse, pocos meses despu\u00e9s de su llegada en enero de 2023, campe\u00f3n de la Copa de Francia en esa campa\u00f1a.<\/p>\n<p class=\"voc-p\" style=\"\">Con el Toulouse ten\u00eda la opci\u00f3n de seguir hasta 2026 pero ambas partes trataron su salida de mutuo acuerdo. Cord\u00f3n estuvo en ese momento muy atento para hacerse con un<strong> jugador de primer\u00edsimo nivel a coste cero<\/strong> que, por f\u00fatbol y proyecci\u00f3n, promete ser uno de los principales pilares de la anhelada reconstrucci\u00f3n del Sevilla FC.<\/p>\n<p>Reportar un error<\/p>\n","protected":false},"excerpt":{"rendered":"Teniendo en cuenta que el de Alfon lo dej\u00f3 atado el anterior director deportivo, Antonio Cord\u00f3n s\u00f3lo ha&hellip;\n","protected":false},"author":2,"featured_media":8422,"comment_status":"","ping_status":"","sticky":false,"template":"","format":"standard","meta":{"footnotes":""},"categories":[268],"tags":[168,25,24,6452,280,282,6449,6451,281,23,167,6450],"class_list":{"0":"post-8421","1":"post","2":"type-post","3":"status-publish","4":"format-standard","5":"has-post-thumbnail","7":"category-futbol","8":"tag-deportes","9":"tag-es","10":"tag-espana","11":"tag-fichajazo","12":"tag-football","13":"tag-futbol","14":"tag-gaby","15":"tag-huele","16":"tag-soccer","17":"tag-spain","18":"tag-sports","19":"tag-suazo"},"share_on_mastodon":{"url":"","error":""},"_links":{"self":[{"href":"https:\/\/www.europesays.com\/es\/wp-json\/wp\/v2\/posts\/8421","targetHints":{"allow":["GET"]}}],"collection":[{"href":"https:\/\/www.europesays.com\/es\/wp-json\/wp\/v2\/posts"}],"about":[{"href":"https:\/\/www.europesays.com\/es\/wp-json\/wp\/v2\/types\/post"}],"author":[{"embeddable":true,"href":"https:\/\/www.europesays.com\/es\/wp-json\/wp\/v2\/users\/2"}],"replies":[{"embeddable":true,"href":"https:\/\/www.europesays.com\/es\/wp-json\/wp\/v2\/comments?post=8421"}],"version-history":[{"count":0,"href":"https:\/\/www.europesays.com\/es\/wp-json\/wp\/v2\/posts\/8421\/revisions"}],"wp:featuredmedia":[{"embeddable":true,"href":"https:\/\/www.europesays.com\/es\/wp-json\/wp\/v2\/media\/8422"}],"wp:attachment":[{"href":"https:\/\/www.europesays.com\/es\/wp-json\/wp\/v2\/media?parent=8421"}],"wp:term":[{"taxonomy":"category","embeddable":true,"href":"https:\/\/www.europesays.com\/es\/wp-json\/wp\/v2\/categories?post=8421"},{"taxonomy":"post_tag","embeddable":true,"href":"https:\/\/www.europesays.com\/es\/wp-json\/wp\/v2\/tags?post=8421"}],"curies":[{"name":"wp","href":"https:\/\/api.w.org\/{rel}","templated":true}]}}