{"id":84217,"date":"2025-08-31T15:22:07","date_gmt":"2025-08-31T15:22:07","guid":{"rendered":"https:\/\/www.europesays.com\/es\/84217\/"},"modified":"2025-08-31T15:22:07","modified_gmt":"2025-08-31T15:22:07","slug":"crecen-los-rumores-de-reconciliacion-tras-nueva-aparicion-en-concierto-en-mexico","status":"publish","type":"post","link":"https:\/\/www.europesays.com\/es\/84217\/","title":{"rendered":"crecen los rumores de reconciliaci\u00f3n tras nueva aparici\u00f3n en concierto en M\u00e9xico"},"content":{"rendered":"<p>La relaci\u00f3n entre Shakira y Antonio de la R\u00faa vuelve a estar en el centro de la atenci\u00f3n p\u00fablica. En esta ocasi\u00f3n, <b>un video que se registr\u00f3 el s\u00e1bado 30 de agosto es el principal motivo.\u00a0<\/b><\/p>\n<p>Mientras la artista interpretaba<b> &#8216;D\u00edas de Enero&#8217; <\/b>durante el concierto que ofreci\u00f3 en el <b>estadio GNP de Ciudad de M\u00e9xico,<\/b> el empresario argentino fue captado en las tribunas.<\/p>\n<p>La escena, registrada por una fan y compartida en redes sociales, mostr\u00f3 a De la R\u00faa sentado en su butaca, intentando pasar desapercibido.<\/p>\n<p>En el video, que r\u00e1pidamente se viraliz\u00f3, se observa al exm\u00e1nager de la colombiana mirando hacia un costado y l<b>lev\u00e1ndose la mano a la barbilla,<\/b> mientras el p\u00fablico coreaba la canci\u00f3n con sus tel\u00e9fonos en alto.<\/p>\n<p>Tras ese momento, varios usuarios destacaron el simbolismo de la situaci\u00f3n, recordando que <b>el tema fue compuesto por Shakira durante su relaci\u00f3n con el argentino.<\/b><\/p>\n<p class=\"c-cuerpo__media__txt\">Su v\u00ednculo dur\u00f3 varios a\u00f1os. Foto:Instagram: @shakira \/  Instagram Kings League Infojobs<\/p>\n<p>Reapariciones constantes\u00a0<\/p>\n<p>De acuerdo con &#8216;Ecuavisa&#8217;, no es la primera vez que Antonio de la R\u00faa acompa\u00f1a a la cantante en su gira internacional o en momentos m\u00e1s privados.\u00a0<\/p>\n<p>Semanas atr\u00e1s, ambos fueron vistos en un restaurante de Miami junto a Milan y Sasha, los hijos de la artista con Gerard Piqu\u00e9. De acuerdo con testigos, la reuni\u00f3n se dio sin presencia de c\u00e1maras ni atenci\u00f3n medi\u00e1tica.<\/p>\n<p>Adem\u00e1s, seg\u00fan se ha registrado en presentaciones previas en Estados Unidos y Canad\u00e1, <b>el empresario se ha movido con naturalidad entre el equipo t\u00e9cnico y los familiares cercanos <\/b>de Shakira, portando acreditaciones que lo identificaban como parte del staff.\u00a0<\/p>\n<p><b>En marzo pasado, la hija de De la R\u00faa, Zul\u00fa, particip\u00f3 en un concierto de Shakira en Buenos Aires.<\/b> Aquella noche tambi\u00e9n asistieron A\u00edto de la R\u00faa y la actriz Calu Rivero. En ese entonces, las im\u00e1genes fueron difundidas en redes sociales por Agustina de la R\u00faa.<\/p>\n<p>Ni Shakira ni Antonio de la R\u00faa han confirmado o desmentido un posible regreso de su relaci\u00f3n. Por ahora, <b>cada aparici\u00f3n contin\u00faa alimentando la especulaci\u00f3n entre seguidores y medios internacionales.<\/b><\/p>\n<p>Este contenido fue escrito con la asistencia de una inteligencia artificial, basado en informacio\u0301n de conocimiento pu\u0301blico divulgado a medios de comunicacio\u0301n. Adema\u0301s, conto\u0301 con la revisio\u0301n y edici\u00f3n de la periodista.<\/p>\n<p>MARIANA SIERRA ESCOBAR<\/p>\n<p>EQUIPO ALCANCE DIGITAL<\/p>\n<p>EL TIEMPO<\/p>\n<p>M\u00e1s noticias en El Tiempo<\/p>\n","protected":false},"excerpt":{"rendered":"La relaci\u00f3n entre Shakira y Antonio de la R\u00faa vuelve a estar en el centro de la atenci\u00f3n&hellip;\n","protected":false},"author":2,"featured_media":84218,"comment_status":"","ping_status":"","sticky":false,"template":"","format":"standard","meta":{"footnotes":""},"categories":[174],"tags":[24667,218,255,27959,2339,146,147,25,24,256,563,722,11491,12504,23],"class_list":{"0":"post-84217","1":"post","2":"type-post","3":"status-publish","4":"format-standard","5":"has-post-thumbnail","7":"category-famosos","8":"tag-antonio-de-la-rua","9":"tag-canciones","10":"tag-celebrities","11":"tag-ciudad-de-mexico","12":"tag-concierto","13":"tag-entertainment","14":"tag-entretenimiento","15":"tag-es","16":"tag-espana","17":"tag-famosos","18":"tag-hijos","19":"tag-parejas","20":"tag-rumores","21":"tag-shakira","22":"tag-spain"},"share_on_mastodon":{"url":"","error":""},"_links":{"self":[{"href":"https:\/\/www.europesays.com\/es\/wp-json\/wp\/v2\/posts\/84217","targetHints":{"allow":["GET"]}}],"collection":[{"href":"https:\/\/www.europesays.com\/es\/wp-json\/wp\/v2\/posts"}],"about":[{"href":"https:\/\/www.europesays.com\/es\/wp-json\/wp\/v2\/types\/post"}],"author":[{"embeddable":true,"href":"https:\/\/www.europesays.com\/es\/wp-json\/wp\/v2\/users\/2"}],"replies":[{"embeddable":true,"href":"https:\/\/www.europesays.com\/es\/wp-json\/wp\/v2\/comments?post=84217"}],"version-history":[{"count":0,"href":"https:\/\/www.europesays.com\/es\/wp-json\/wp\/v2\/posts\/84217\/revisions"}],"wp:featuredmedia":[{"embeddable":true,"href":"https:\/\/www.europesays.com\/es\/wp-json\/wp\/v2\/media\/84218"}],"wp:attachment":[{"href":"https:\/\/www.europesays.com\/es\/wp-json\/wp\/v2\/media?parent=84217"}],"wp:term":[{"taxonomy":"category","embeddable":true,"href":"https:\/\/www.europesays.com\/es\/wp-json\/wp\/v2\/categories?post=84217"},{"taxonomy":"post_tag","embeddable":true,"href":"https:\/\/www.europesays.com\/es\/wp-json\/wp\/v2\/tags?post=84217"}],"curies":[{"name":"wp","href":"https:\/\/api.w.org\/{rel}","templated":true}]}}