{"id":84225,"date":"2025-08-31T15:26:16","date_gmt":"2025-08-31T15:26:16","guid":{"rendered":"https:\/\/www.europesays.com\/es\/84225\/"},"modified":"2025-08-31T15:26:16","modified_gmt":"2025-08-31T15:26:16","slug":"los-lectores-de-el-debate-eligen-la-mejor-cancion-de-bruce-springsteen","status":"publish","type":"post","link":"https:\/\/www.europesays.com\/es\/84225\/","title":{"rendered":"Los lectores de El Debate eligen la mejor canci\u00f3n de Bruce Springsteen"},"content":{"rendered":"<p class=\"paragraph\">Esta misma semana, este peri\u00f3dico public\u00f3 una encuesta sobre cu\u00e1l era, para los lectores, la mejor canci\u00f3n de <b>Bruce Springsteen<\/b>. La pregunta ven\u00eda dada por la plena actualidad de la que el <b>Boss <\/b>ha disfrutado estos d\u00edas tras la publicaci\u00f3n de <b>Lonely night in the park<\/b>, una canci\u00f3n in\u00e9dita, descartada del corte final del disco<b> Born to run<\/b>.<\/p>\n<p>            <a href=\"#\" title=\"\"><br \/>\n                <img decoding=\"async\" loading=\"lazy\" width=\"120px\" height=\"90px\" alt=\"El m\u00fasico Bruce Springsteen durante el concierto que ofrece con la E Street Band este s\u00e1bado en el estadio de Anoeta, en San Sebasti\u00e1n\" src=\"https:\/\/imagenes.eldebate.com\/files\/related_image\/files\/fp\/uploads\/2025\/06\/22\/68579235176a7.r_d.3105-1437.jpeg\" data-full-src=\"https:\/\/www.europesays.com\/es\/wp-content\/uploads\/2025\/08\/1756653974_707_68579235176a7.jpeg\"\/><br \/>\n            <\/a><\/p>\n<p class=\"paragraph\">A esto se sum\u00f3, adem\u00e1s, que este lunes se cumplieron 5<b>0 a\u00f1os de la publicaci\u00f3n<\/b> de dicho \u00e1lbum, el tercero de estudio del artista y que le vali\u00f3 un reconocimiento popular incomparable del que todav\u00eda goza.<\/p>\n<p class=\"paragraph\">Dado el contexto, El Debate pidi\u00f3 a sus lectores su opini\u00f3n al respecto del<b> mejor tema que Springsteen <\/b>ha firmado a lo largo de su kilom\u00e9trica carrera, que se ha desarrollado a lo largo de m\u00e1s de medio siglo.<\/p>\n<p class=\"paragraph\">Los <b>temas <\/b>en los que pens\u00f3 este peri\u00f3dico fueron Born to run, Dancing in the dark, Streets of Philadelphia, The river, Waiting on a sunny day, Thunder road, Born in the USA, Glory days, No surrender, Badlands, New York serenade y The promised land.<\/p>\n<p>&#8216;Thunder road&#8217;, elegida como la mejor canci\u00f3n de Bruce Springsteen<\/p>\n<p class=\"paragraph\">Los resultados de la votaci\u00f3n propuesta por El Debate no dejan lugar a dudas. Para los lectores de este peri\u00f3dico, Thunder road es la mejor canci\u00f3n de la carrera de <b>Bruce Springsteen<\/b>, con el 25, 07 % de los votos. En segundo lugar, se encuentra The river, con el 19,83 %; y en el tercero, Burn to run, con el 11, 81 %.<\/p>\n<p class=\"paragraph\">Siguen en lo m\u00e1s alto de la lista Dancing in the dark, Badlands y Born in the USA, con el 9,04; el 6,85 y el 6,12 %, respectivamente, de los <b>votos<\/b>.<\/p>\n<p class=\"paragraph\">Ya superado el Ecuador de la votaci\u00f3n, aparece No surrender, que ha logrado el 5,98 %, y le siguen The promised land con el 4,23 % y Waiting on a sunny day con el 3,06 % de los votos que han emitido nuestros <b>lectores<\/b>.<\/p>\n<p class=\"paragraph\">Y cierran la lista New York serenade, Glory days y Streets of Philadelphia respectivamente, con el 2,92, el 2,62 y el 2,48 % de los votos de los lectores de<b> El Debate<\/b>.<\/p>\n<p class=\"paragraph\">Era dif\u00edcil elegir entre el ampl\u00edsimo repertorio de Bruce Springsteen no solo la mejor canci\u00f3n, sino simplemente seleccionar las que deber\u00edan entrar en la terna. Se han quedado fuera aut\u00e9nticos himnos como <b>I\u2019m on fire<\/b>, My hometown, Long walk home o <b>If I should fall behind<\/b>, entre muchos otros.<\/p>\n<p>            <a href=\"#\" title=\"\"><br \/>\n                <img decoding=\"async\" loading=\"lazy\" width=\"120px\" height=\"90px\" alt=\"Bruce Springsteen en concierto en una imagen de archivo\" src=\"https:\/\/imagenes.eldebate.com\/files\/related_image\/uploads\/2025\/08\/23\/68a9aabde1eb0.jpeg\" data-full-src=\"https:\/\/www.europesays.com\/es\/wp-content\/uploads\/2025\/08\/68a9aabde1eb0.jpeg\"\/><br \/>\n            <\/a><\/p>\n<p class=\"paragraph\">Lo bueno, lo mejor del <b>Boss<\/b>, es que incluso despu\u00e9s de 50 a\u00f1os nos sigue sorprendiendo con su talento.<\/p>\n","protected":false},"excerpt":{"rendered":"Esta misma semana, este peri\u00f3dico public\u00f3 una encuesta sobre cu\u00e1l era, para los lectores, la mejor canci\u00f3n de&hellip;\n","protected":false},"author":2,"featured_media":84226,"comment_status":"","ping_status":"","sticky":false,"template":"","format":"standard","meta":{"footnotes":""},"categories":[170],"tags":[146,147,25,24,184,185,23],"class_list":{"0":"post-84225","1":"post","2":"type-post","3":"status-publish","4":"format-standard","5":"has-post-thumbnail","7":"category-musica","8":"tag-entertainment","9":"tag-entretenimiento","10":"tag-es","11":"tag-espana","12":"tag-music","13":"tag-musica","14":"tag-spain"},"share_on_mastodon":{"url":"","error":""},"_links":{"self":[{"href":"https:\/\/www.europesays.com\/es\/wp-json\/wp\/v2\/posts\/84225","targetHints":{"allow":["GET"]}}],"collection":[{"href":"https:\/\/www.europesays.com\/es\/wp-json\/wp\/v2\/posts"}],"about":[{"href":"https:\/\/www.europesays.com\/es\/wp-json\/wp\/v2\/types\/post"}],"author":[{"embeddable":true,"href":"https:\/\/www.europesays.com\/es\/wp-json\/wp\/v2\/users\/2"}],"replies":[{"embeddable":true,"href":"https:\/\/www.europesays.com\/es\/wp-json\/wp\/v2\/comments?post=84225"}],"version-history":[{"count":0,"href":"https:\/\/www.europesays.com\/es\/wp-json\/wp\/v2\/posts\/84225\/revisions"}],"wp:featuredmedia":[{"embeddable":true,"href":"https:\/\/www.europesays.com\/es\/wp-json\/wp\/v2\/media\/84226"}],"wp:attachment":[{"href":"https:\/\/www.europesays.com\/es\/wp-json\/wp\/v2\/media?parent=84225"}],"wp:term":[{"taxonomy":"category","embeddable":true,"href":"https:\/\/www.europesays.com\/es\/wp-json\/wp\/v2\/categories?post=84225"},{"taxonomy":"post_tag","embeddable":true,"href":"https:\/\/www.europesays.com\/es\/wp-json\/wp\/v2\/tags?post=84225"}],"curies":[{"name":"wp","href":"https:\/\/api.w.org\/{rel}","templated":true}]}}