{"id":84298,"date":"2025-08-31T16:11:08","date_gmt":"2025-08-31T16:11:08","guid":{"rendered":"https:\/\/www.europesays.com\/es\/84298\/"},"modified":"2025-08-31T16:11:08","modified_gmt":"2025-08-31T16:11:08","slug":"novedades-con-el-aval-de-la-junta-directiva","status":"publish","type":"post","link":"https:\/\/www.europesays.com\/es\/84298\/","title":{"rendered":"Novedades con el aval de la junta directiva"},"content":{"rendered":"<p class=\"ft-text\">D\u00edas de m\u00e1xima actividad en las oficinas del Bar\u00e7a. En las \u00faltimas jornadas se suceden reuniones entre dirigentes del club con jugadores, representantes y ejecutivos para abordar decisiones de \u00faltima hora. Sin embargo, el pasado martes por la ma\u00f1ana se celebr\u00f3 un encuentro menos habitual: en la sede del FC Barcelona se reunieron el agente Ra\u00fal Costa y el <strong>CEO de AS1, Ignacio Aguillo<\/strong>, con varios directivos del Bar\u00e7a encabezados por el <strong>presidente Joan Laporta<\/strong>.<\/p>\n<p class=\"ft-text\">La reuni\u00f3n en el club no estuvo vinculada de manera directa al mercado de fichajes. S\u00ed se produjo, aparte y en un hotel de Barcelona, una conversaci\u00f3n informal entre Costa y Deco centrada en cuestiones deportivas, fruto de la relaci\u00f3n personal que mantienen, especialmente tras un mercado de fichajes en el que la hoja de ruta del Bar\u00e7a pasaba por fichar a <strong>Luis D\u00edaz<\/strong>, que est\u00e1 representado por la misma agencia.<\/p>\n<p class=\"ft-text\">En el segundo encuentro, y de forma exploratoria seg\u00fan fuentes del club conocedoras del tema, se puso sobre la mesa la posibilidad de que AS1 pudiera facilitar\u2014si llegara a ser necesario\u2014la <strong>estructuraci\u00f3n de un aval<\/strong> para inscribir jugadores a trav\u00e9s de la entidad financiera. No hay constancia de <strong>decisiones definitivas<\/strong> ni de acuerdos cerrados, por ahora.<\/p>\n<p class=\"ft-text\">Cabe destacar que AS1 no opera como entidad financiera. Es una agencia de representaci\u00f3n respaldada por <strong>Bruin Capital<\/strong> surgida en diciembre de 2024 tras integrar las agencias Promoesport, Nomi Sports, Position Number y Football Division Worldwide. Es decir, act\u00faa como agencia con apoyo de capital inversor.<\/p>\n<p class=\"ft-text\">Desde el punto de vista regulatorio, LaLiga contempla avales o fianzas emitidos por entidades de cr\u00e9dito o aseguradoras para posibilitar inscripciones puntuales, siempre que cumplan la normativa y su contabilizaci\u00f3n sea adecuada. Sin embargo, hay muchos otros aspectos a tener en cuenta para poder llevar a cabo esta operaci\u00f3n, que ha surgido como opci\u00f3n esta semana.<\/p>\n<p class=\"ft-text\">A d\u00eda de hoy, todo se limita a <strong>contactos preliminares y conversaciones iniciales<\/strong>, por lo que, por ahora no hay nada cerrado ni firmado. Lo planteado es un escenario hipot\u00e9tico, por lo que a\u00fan podr\u00eda modificarse, aplazarse o incluso no llegar a materializarse.<\/p>\n","protected":false},"excerpt":{"rendered":"D\u00edas de m\u00e1xima actividad en las oficinas del Bar\u00e7a. En las \u00faltimas jornadas se suceden reuniones entre dirigentes&hellip;\n","protected":false},"author":2,"featured_media":84299,"comment_status":"","ping_status":"","sticky":false,"template":"","format":"standard","meta":{"footnotes":""},"categories":[268],"tags":[31479,168,31480,25,24,881,280,282,4467,2024,5285,281,23,167],"class_list":{"0":"post-84298","1":"post","2":"type-post","3":"status-publish","4":"format-standard","5":"has-post-thumbnail","7":"category-futbol","8":"tag-aval","9":"tag-deportes","10":"tag-directiva","11":"tag-es","12":"tag-espana","13":"tag-fc-barcelona","14":"tag-football","15":"tag-futbol","16":"tag-joan-laporta","17":"tag-junta","18":"tag-novedades","19":"tag-soccer","20":"tag-spain","21":"tag-sports"},"share_on_mastodon":{"url":"","error":""},"_links":{"self":[{"href":"https:\/\/www.europesays.com\/es\/wp-json\/wp\/v2\/posts\/84298","targetHints":{"allow":["GET"]}}],"collection":[{"href":"https:\/\/www.europesays.com\/es\/wp-json\/wp\/v2\/posts"}],"about":[{"href":"https:\/\/www.europesays.com\/es\/wp-json\/wp\/v2\/types\/post"}],"author":[{"embeddable":true,"href":"https:\/\/www.europesays.com\/es\/wp-json\/wp\/v2\/users\/2"}],"replies":[{"embeddable":true,"href":"https:\/\/www.europesays.com\/es\/wp-json\/wp\/v2\/comments?post=84298"}],"version-history":[{"count":0,"href":"https:\/\/www.europesays.com\/es\/wp-json\/wp\/v2\/posts\/84298\/revisions"}],"wp:featuredmedia":[{"embeddable":true,"href":"https:\/\/www.europesays.com\/es\/wp-json\/wp\/v2\/media\/84299"}],"wp:attachment":[{"href":"https:\/\/www.europesays.com\/es\/wp-json\/wp\/v2\/media?parent=84298"}],"wp:term":[{"taxonomy":"category","embeddable":true,"href":"https:\/\/www.europesays.com\/es\/wp-json\/wp\/v2\/categories?post=84298"},{"taxonomy":"post_tag","embeddable":true,"href":"https:\/\/www.europesays.com\/es\/wp-json\/wp\/v2\/tags?post=84298"}],"curies":[{"name":"wp","href":"https:\/\/api.w.org\/{rel}","templated":true}]}}