{"id":84323,"date":"2025-08-31T16:24:17","date_gmt":"2025-08-31T16:24:17","guid":{"rendered":"https:\/\/www.europesays.com\/es\/84323\/"},"modified":"2025-08-31T16:24:17","modified_gmt":"2025-08-31T16:24:17","slug":"catalunya-activa-la-alerta-por-fuertes-tormentas-en-los-pirineos-la-zona-central-y-el-prelitoral","status":"publish","type":"post","link":"https:\/\/www.europesays.com\/es\/84323\/","title":{"rendered":"Catalunya activa la alerta por fuertes tormentas en los Pirineos, la zona central y el prelitoral"},"content":{"rendered":"<p class=\"article-text\">\n        Protecci\u00f3n Civil de la Generalitat de Catalunya ha activado la alerta del plan Inuncat ante la previsi\u00f3n de fuertes tormentas en las pr\u00f3ximas 24 horas. El riesgo m\u00e1s alto se registra en el Pirineo Occidental, en diversas comarcas de la Catalunya Central y el prelitoral central.\n    <\/p>\n<p class=\"article-text\">\n        Durante la tarde de este domingo se espera superar los 20 litros en 30 minutos en el Pirineo Occidental y las comarcas de Ponent, Terra Alta, la Cerdanya (Lleida), el Llu\u00e7an\u00e8s (Barcelona) y el Ripoll\u00e8s (Girona).\n    <\/p>\n<p class=\"article-text\">\n        Las lluvias m\u00e1s fuertes se prev\u00e9n durante la madrugada, cuando podr\u00edan dejar m\u00e1s de 40 litros en 30 minutos. Con todo, se espera llegar a registrar acumulaciones de hasta 100 litros en 24 horas, sobre todo en el Baix Llobregat, Vall\u00e8s Occidental, Vall\u00e8s Oriental (Barcelona) y Selva (Girona).\n    <\/p>\n<blockquote class=\"twitter-tweet\" data-lang=\"es\"><p><a href=\"https:\/\/twitter.com\/X\/status\/1962098135301263622?ref_src=twsrc%5Etfw\" rel=\"nofollow noopener\" target=\"_blank\"><\/p><\/blockquote>\n<p class=\"article-text\">\n        El Procicat tambi\u00e9n ha avisado de que las tormentas pueden venir acompa\u00f1adas de fuertes r\u00e1fagas de viento, truenos o granizo. Igualmente, se ha alertado de la posibilidad de crecidas \u201cs\u00fabitas\u201d en los r\u00edos de las zonas afectadas.\n    <\/p>\n<p>    <a href=\"https:\/\/www.eldiario.es\/sociedad\/incendios-agosto-baten-records-altitud-fuego-amenaza-asaltar-polvorin-montanas_1_12562090.html\" data-mrf-recirculation=\"saber-mas-abajo\" data-dl-event=\"saber-mas-abajo\" rel=\"nofollow noopener\" target=\"_blank\"><\/p>\n<p class=\"know-more__title\">Los incendios de agosto tambi\u00e9n baten r\u00e9cords de altitud: el fuego amenaza con asaltar el \u2018polvor\u00edn\u2019 de las monta\u00f1as\n<\/p>\n<p>            <img decoding=\"async\" class=\"lazy\" loading=\"lazy\" data-src=\"https:\/\/static.eldiario.es\/clip\/e22a8b39-1b2d-4a9d-a724-35d071ec35de_16-9-aspect-ratio_default_0.jpg\" src=\"data:image\/svg+xml,%3Csvg xmlns=\" http:=\"\" viewbox=\"0 0 880 495\" alt=\"Los incendios de agosto tambi\u00e9n baten r\u00e9cords de altitud: el fuego amenaza con asaltar el \u2018polvor\u00edn\u2019 de las monta\u00f1as\"\/><\/p>\n<p>                        <\/a><\/p>\n<p class=\"article-text\">\n        La alerta coincide con la operaci\u00f3n retorno, as\u00ed que Protecci\u00f3n Civil ha pedido extremar la precauci\u00f3n en carretera durante la tarde del domingo.\n    <\/p>\n<p>                                <script async src=\"https:\/\/platform.twitter.com\/widgets.js\" charset=\"utf-8\"><\/script><\/p>\n","protected":false},"excerpt":{"rendered":"Protecci\u00f3n Civil de la Generalitat de Catalunya ha activado la alerta del plan Inuncat ante la previsi\u00f3n de&hellip;\n","protected":false},"author":2,"featured_media":84324,"comment_status":"","ping_status":"","sticky":false,"template":"","format":"standard","meta":{"footnotes":""},"categories":[8],"tags":[517,210,17,18,1980,95,25,24,13,14,11,1982,19,20,9,10,15,16,1981,952,23,12,21,22],"class_list":{"0":"post-84323","1":"post","2":"type-post","3":"status-publish","4":"format-standard","5":"has-post-thumbnail","7":"category-espana","8":"tag-actualidad","9":"tag-barcelona","10":"tag-breaking-news","11":"tag-breakingnews","12":"tag-cataluna","13":"tag-economia","14":"tag-es","15":"tag-espana","16":"tag-featured-news","17":"tag-featurednews","18":"tag-headlines","19":"tag-ignacio-escolar","20":"tag-latest-news","21":"tag-latestnews","22":"tag-news","23":"tag-noticias","24":"tag-noticias-destacadas","25":"tag-noticiasdestacadas","26":"tag-periodismo-independiente","27":"tag-politica","28":"tag-spain","29":"tag-titulares","30":"tag-ultimas-noticias","31":"tag-ultimasnoticias"},"share_on_mastodon":{"url":"","error":""},"_links":{"self":[{"href":"https:\/\/www.europesays.com\/es\/wp-json\/wp\/v2\/posts\/84323","targetHints":{"allow":["GET"]}}],"collection":[{"href":"https:\/\/www.europesays.com\/es\/wp-json\/wp\/v2\/posts"}],"about":[{"href":"https:\/\/www.europesays.com\/es\/wp-json\/wp\/v2\/types\/post"}],"author":[{"embeddable":true,"href":"https:\/\/www.europesays.com\/es\/wp-json\/wp\/v2\/users\/2"}],"replies":[{"embeddable":true,"href":"https:\/\/www.europesays.com\/es\/wp-json\/wp\/v2\/comments?post=84323"}],"version-history":[{"count":0,"href":"https:\/\/www.europesays.com\/es\/wp-json\/wp\/v2\/posts\/84323\/revisions"}],"wp:featuredmedia":[{"embeddable":true,"href":"https:\/\/www.europesays.com\/es\/wp-json\/wp\/v2\/media\/84324"}],"wp:attachment":[{"href":"https:\/\/www.europesays.com\/es\/wp-json\/wp\/v2\/media?parent=84323"}],"wp:term":[{"taxonomy":"category","embeddable":true,"href":"https:\/\/www.europesays.com\/es\/wp-json\/wp\/v2\/categories?post=84323"},{"taxonomy":"post_tag","embeddable":true,"href":"https:\/\/www.europesays.com\/es\/wp-json\/wp\/v2\/tags?post=84323"}],"curies":[{"name":"wp","href":"https:\/\/api.w.org\/{rel}","templated":true}]}}