{"id":84421,"date":"2025-08-31T17:58:11","date_gmt":"2025-08-31T17:58:11","guid":{"rendered":"https:\/\/www.europesays.com\/es\/84421\/"},"modified":"2025-08-31T17:58:11","modified_gmt":"2025-08-31T17:58:11","slug":"hombre-pez-buscando-la-identidad-en-el-lado-salvaje","status":"publish","type":"post","link":"https:\/\/www.europesays.com\/es\/84421\/","title":{"rendered":"&#8216;Hombre-Pez&#8217;, buscando la identidad en el lado salvaje"},"content":{"rendered":"<p>                      <strong><a target=\"_blank\" style=\"text-decoration:none\" href=\"https:\/\/www.nuevatribuna.es\/articulo\/varios\/aportaciones-nuevatribuna\/20240115163043222076.html\" rel=\"nofollow noopener\">Necesitamos tu ayuda para seguir informando<br \/>Colabora con Nuevatribuna<\/a><\/strong><br \/>\n\u00a0<\/p>\n<p><strong>M\u00f3nica Grau Seto |\u00a0<a target=\"_blank\" href=\"https:\/\/twitter.com\/monmislilith\" rel=\"nofollow noopener\">@monmislilith<\/a><\/strong><\/p>\n<p>Palabras del autor:<\/p>\n<p>El proyecto m\u00e1s arriesgado, que solo puedo definir de una manera: hombre-pez soy yo. \u00bfTe atreves?<\/p>\n<p><strong>Joaqu\u00edn Camps Torres<\/strong>\u00a0(Gand\u00eda, 1973) es profesor de la Universidad de <a target=\"_blank\" href=\"https:\/\/www.nuevatribuna.es\/tags\/Valencia\/\" rel=\"nofollow noopener\">Valencia<\/a>, ciudad en la que reside. Su campo principal de investigaci\u00f3n y docencia es el comportamiento humano en las organizaciones, y ha publicado numerosos trabajos cient\u00edficos en esta \u00e1rea.\u00a0<\/p>\n<p>Compagina la docencia con la escritura y se estren\u00f3 en la literatura en 2015 con\u00a0La \u00faltima confidencia del escritor Hugo Mendoza, a la que sigui\u00f3\u00a0La silueta del olvido\u00a0ganadora del\u00a0<strong>Premio Azor\u00edn en 2019<\/strong>\u00a0y en 2024 public\u00f3\u00a0La oscuridad que habita en m\u00ed, todas ellas enmarcadas en el g\u00e9nero thriller y publicadas por Editorial Planeta. Joaqu\u00edn Camps tambi\u00e9n es autor de otras tres novelas de car\u00e1cter m\u00e1s intimista, autopublicadas en Amazon:\u00a0Lo inesperado,\u00a0Ada. Sin hache\u00a0y\u00a0Hombre-pez. (2024)<\/p>\n<p><strong>\u201cNo s\u00e9 c\u00f3mo sucedi\u00f3, no s\u00e9 c\u00f3mo acab\u00e9 convirti\u00e9ndome en un hombre-pez\u201d<\/strong><\/p>\n<p><strong>Esta frase define el proceso de transformaci\u00f3n del protagonista, el lector asiste a un viaje emocional y psicol\u00f3gico, intenso y salvaje de Tob\u00edas, un hombre com\u00fan al inicio del relato.<\/strong>\u00a0Y mientras \u00e9l empieza con esta metamorfosis (no en el sentido de Kafka) a su alrededor su pareja, amigos y entorno observan, pero sin entender el proceso. Algunos se preocupan, otros se burlan, critican y hasta manipulan, pero al final todos ellos tambi\u00e9n se ver\u00e1n afectados.<\/p>\n<p>Curiosamente, el personaje principal no es el narrador de esta historia, su voz apenas se escucha al inicio de la novela cuando se presenta, y aunque hay elementos autobiogr\u00e1ficos, el autor decide que los narradores de esta historia sean los otros, los que lo rodean y conocen.<\/p>\n<p>La primera voz es la de Emma, la esposa, y a trav\u00e9s de ella sabemos c\u00f3mo se conocieron, como es Tob\u00edas f\u00edsicamente y su car\u00e1cter. La segunda es la de Ra\u00fal, su mejor amigo desde la infancia, con el que ha compartido carencias y un trauma muy marcado. Asistimos a una disecci\u00f3n, por capas y momentos temporales, para descubrir la percepci\u00f3n de los otros acerca de \u00e9l.<\/p>\n<p>En el momento de la aparici\u00f3n La pecera sabemos que ser\u00e1 el elemento catalizador de la historia, despertando del letargo algo dormido en la conciencia de Tob\u00edas, y desencadenando una serie de situaciones cruciales para su transformaci\u00f3n.<\/p>\n<blockquote>\n<p>\u201cNo s\u00e9 c\u00f3mo sucedi\u00f3, no s\u00e9 c\u00f3mo acab\u00e9 convirti\u00e9ndome en un hombre-pez\u201d<\/p>\n<\/blockquote>\n<p>\u00c9l siente una extra\u00f1a fascinaci\u00f3n, y en un estado casi hipn\u00f3tico, no aparta la mirada de ese microcosmos acu\u00e1tico. Concretamente hacia el \u00fanico pez que habita en \u00e9l, de un color rojo intenso, al que llama Sangre. Y del mismo modo, los lectores tambi\u00e9n quedamos atrapados en las redes de la historia y empatizamos con el protagonista.<\/p>\n<p>La primera parte se centra en las relaciones de pareja, en la crisis de los v\u00ednculos familiares y el miedo a la p\u00e9rdida del otro. Mientras Tom\u00e1s va mimetizando con Sangre, observando sus movimientos en el agua y sintiendo como el mar lo llama, se va alejando del resto de humanos, ya que \u201ctengo miedo de todos vosotros, todo el tiempo\u201d. Cuando est\u00e1 desnudo en el agua siente paz, y ese es el nacimiento de su esencia como hombre anfibio.<\/p>\n<p>La segunda parte de este viaje contiene elementos m\u00e1s fant\u00e1sticos, el encuentro entre desconocidos, con Tob\u00edas transformado ante Pedro, un solitario pescador que lo atrapa. El hombre pez ve en el marinero a un ser igual, alguien en proceso de cambio y que necesita transformarse para aceptar su identidad y no lo que esperan los dem\u00e1s. Pero el ego\u00edsmo y la maldad humana no tardar\u00e1n en aparecer, como algo que llevamos en la sangre.<\/p>\n<p>En culturas como la budista, el pez simboliza la felicidad y la libertad, y aqu\u00ed se utiliza como met\u00e1fora del cambio y ruptura, siendo una cr\u00edtica al mundo actual materialista, vac\u00edo, competitivo y una lucha por recuperar la propia esencia e identidad.<\/p>\n<p>tambi\u00e9n asistimos a un regreso a la naturaleza, rompiendo con el contrato social tal como lo defini\u00f3\u00a0<strong>Jean- Jacques Rosseau<\/strong>. \u201cEl hombre ha nacido libre, y sin embargo, por todas partes se encuentra encadenado\u201d, ya que no hay nada m\u00e1s asfixiante que no encontrar tu espacio en el mundo y sentir que no encajas, como un pez fuera del agua.<\/p>\n<p>Siendo una especie de un viaje inverso al mito del Buen salvaje, al que los \u201chombres cultos\u201d encuentran viviendo como un animal y deben \u201ccivilizar\u201d para su propio bien, con ejemplos de ni\u00f1os que se han criado junto a animales salvajes y han adoptado h\u00e1bitos de supervivencia, sin contacto con humanos durante a\u00f1os.<\/p>\n<blockquote>\n<p>Todas mis novelas nacen de lo que los americanos llaman un \u201cinsight\u201d: una idea que se me aparece como un fogonazo, y es el n\u00facleo de la historia<\/p>\n<\/blockquote>\n<p><strong>Joaqu\u00edn Camps hace lo mismo que el protagonista, sale de su zona segura que son los thrillers, y a contracorriente, escribe tres libros independientes en los que muestra una faceta m\u00e1s \u00edntima, con momentos m\u00e1gicos y arriesgada, con\u00a0Lo inesperado, Ada sin Hache\u00a0y\u00a0Hombre-pez<\/strong><\/p>\n<p>La trama nos recuerda la leyenda del\u00a0<strong>hombre pez de Li\u00e9rganes, Francisco de la Vega<\/strong>, cuando en 1679 unos pescadores de C\u00e1diz capturaron en sus redes a un hombre desnudo que nadaba en alta mar. Este hab\u00eda desaparecido cinco a\u00f1os antes en la r\u00eda de Bilbao, sin regresar con su familia y le hab\u00edan dado por muerto, su nuevo hogar era el mar. Volvi\u00f3 a su pueblo pero ya no era el mismo, apenas hablaba, iba desnudo y era visto como un loco. Nueve a\u00f1os despu\u00e9s desapareci\u00f3 en el mar y nunca m\u00e1s se supo de \u00e9l. Convirti\u00e9ndose en un mito sobre la fascinaci\u00f3n por lo desconocido en la naturaleza. Formando parte de la mitolog\u00eda de Cantabria como lo son El musgoso, el culebre, Trastolillos o los Oj\u00e1ncanos.<\/p>\n<p>Joaqu\u00edn no cita esta leyenda en concreto, pero una parte de la novela sucede en una caseta en la cala del franc\u00e9s y esto lo vincula con una experiencia personal que tuvo hace a\u00f1os en una playa cercana a esa misma cala, dejando ese halo de misterio.<\/p>\n<p>Adem\u00e1s, cita como le marc\u00f3 la novela\u00a0La vegetariana\u00a0de\u00a0<strong>Han Kang<\/strong>, la coreana narra un s\u00edmil donde Yeonghye, la protagonista, se niega a volver a comer carne, ante la sorpresa e incomprensi\u00f3n de su marido y entorno. Un s\u00edmbolo de rebeld\u00eda ante los rigores de la vida moderna en un Se\u00fal capitalizado y una sociedad dominada por los hombres. Y la novela\u00a0hombre-pez\u00a0comparte tambi\u00e9n la narraci\u00f3n a tres voces, Kang no presenta este cambio a trav\u00e9s de la visi\u00f3n del esposo, el cu\u00f1ado y la hermana.<\/p>\n<p>Una historia \u00edntima y diferente, donde parece que todos sufren por el protagonista, cuando \u00e9l s\u00f3lo aspira a reconocer su propia identidad y a ser libre en el mar.<\/p>\n<p>Nos sumergimos en una entrevista con Joaqu\u00edn Camps:<\/p>\n<p><strong>M\u00f3nica Grau | \u00bfQu\u00e9 es lo que te llev\u00f3 a este cambio de registro del thriller a algo m\u00e1s \u00edntimo?<\/strong><\/p>\n<p>Joaqu\u00edn Camps |\u00a0La necesidad de explorar, en la literatura y dentro de m\u00ed mismo. Y ha sido un viaje fascinante.<\/p>\n<p><strong>Aparte de entretener y atrapar, sueles analizar la sociedad y la conducta de las personas. Hay un momento en la historia que hablas del oscuro pasajero (igual que en Dexter) y que nos recuerda al t\u00edtulo\u00a0La oscuridad que habita en m\u00ed. Hay un personaje en la novela que elige traicionar a Tom\u00e1s, cuando ten\u00eda las llaves de ser m\u00e1s libre.<\/strong><\/p>\n<p><strong>\u00bfSientes fascinaci\u00f3n por el ego\u00edsmo y la maldad del ser humano?<\/strong><\/p>\n<p>En efecto, me interesa mucho el ego\u00edsmo, y por qu\u00e9 los seres humanos caemos atrapados en sus garras a veces sin darnos cuenta. Tambi\u00e9n me interesa su reverso, la generosidad: si tuviese que definir qu\u00e9 es una persona buena, dir\u00eda que una persona buena es una persona generosa. Desde hace ya alg\u00fan tiempo intento identificar ese rasgo y acercarme a ese tipo de personas, porque la generosidad es contagiosa. Y por desgracia, creo que el ego\u00edsmo tambi\u00e9n.<\/p>\n<p><strong>Totalmente cierto, como especialista en recursos humanos, \u00bfQu\u00e9 opinas de los estudios donde indican que muchos altos cargos en empresas tienen rasgos psic\u00f3patas?<\/strong><\/p>\n<p>Esos estudios tambi\u00e9n indican que hay otro colectivo que comparte ese rasgo: los pol\u00edticos. Y en ambos casos ese dato despierta en m\u00ed una sensaci\u00f3n de derrota: \u00bfqu\u00e9 clase de sociedad estamos construyendo? \u00bfPor qu\u00e9 para triunfar en los negocios o en la pol\u00edtica se premia la falta de sentimientos?<\/p>\n<p><strong>Efectivamente se ha normalizado este perfil de liderazgo.<\/strong>\u00a0<strong>Los cambios y la transformaci\u00f3n est\u00e1n presentes, como ya sucede con el personaje de la influencer Cameron en tu novela\u00a0La Oscuridad que hab\u00eda en mi. Ella se traslada de EEUU hacia Barcelona, y evolucionar\u00e1 de algo superficial a alguien m\u00e1s humano y atormentado buscando ayuda de un especialista en salud mental. \u00bfHombre pez tiene alg\u00fan problema mental o realmente es libre?<\/strong><\/p>\n<p>Eso lo dejo a la interpretaci\u00f3n del lector. No quiero condicionarlo con mi opini\u00f3n.<\/p>\n<p><strong>\u00bfC\u00f3mo te lleg\u00f3 la\u201d Leyenda del hombre pez de Li\u00e9rganes\u201d? Es curioso porque no es demasiado conocida.<\/strong><\/p>\n<p>Nunca hab\u00eda o\u00eddo hablar de ella. Cuando publiqu\u00e9 hombre-pez una lectora me coment\u00f3 que exist\u00eda, pero ha sido gracias a ti como he sabido detalles sobre la misma. Me parece muy interesante y curiosa.<\/p>\n<p><strong>Claro, al final es esa especie de llamada a la naturaleza, algunos hacia el mar, otros a la monta\u00f1a como Hacia rutas salvajes de Jon Krakauer<\/strong>.<\/p>\n<p><strong>\u00bfC\u00f3mo tomas la decisi\u00f3n de autopublicar, y construir un libro en todas sus facetas: dise\u00f1o de portada, revisi\u00f3n, correcci\u00f3n\u2026 saltando de todo el complejo proceso editorial?<\/strong><\/p>\n<p>Me pareci\u00f3 un reto precioso, y lo he disfrutado mucho. Publicar con una gran editorial como Planeta es fant\u00e1stico; autopublicarte es muy diferente. Quer\u00eda conocer ambas experiencias.\u00a0<\/p>\n<p><strong>Ahora escribir \u201cest\u00e1 de moda\u201d, sobre todo en adolescentes, bookstagramers y youtubers que ya forman parte del cat\u00e1logo de las grandes editoriales, y sobre estos perfiles planea el fantasma de la IA, escritores a la sombra\u2026\u00a0\u00bfse est\u00e1 perdiendo el respeto por la creatividad del escrito vs el uso de rostros conocidos que aseguran la venta de libros? O \u00bfCrees que es compatible el arte y oficio de la escritura y hay terreno para todos?<\/strong><\/p>\n<p>Un lector instruido sabr\u00e1 distinguir el grano de la paja. Invirtamos en educaci\u00f3n para tener lectores instruidos, a los que no se les pueda dar gato por liebre.\u00a0<\/p>\n<p><strong>Cierto, el low cost en la lectura. En varias entrevistas has comentado que te consideras un \u201cescritor de mapa\u201d, \u00bfQu\u00e9 es lo primero que te viene a la cabeza: una historia con su inicio\/fin o un personaje y luego desarrollar toda esa trama?<\/strong><\/p>\n<p>Todas mis novelas nacen de lo que los americanos llaman un \u201cinsight\u201d: una idea que se me aparece como un fogonazo, y es el n\u00facleo de la historia. \u00bfDe d\u00f3nde viene? No lo s\u00e9. A partir de ella, construyo el mapa de la novela, y luego la escribo. Conf\u00edo que sigan lleg\u00e1ndome de vez en cuando esos \u201cinsights\u201d, porque me apenar\u00eda mucho tener que dejar de escribir.<\/p>\n<p><strong>S\u00f3lo quiero decirte que ha sido maravilloso leer Hombre-pez, y sentirme identificada en muchos sentidos, realmente es una novela que est\u00e1 calando en muchos lectores.<\/strong><\/p>\n<p style=\"text-align: center;\">T\u00edtulo: Hombre-pez.<br \/>Autor: Joaqu\u00edn Camps Torres.<br \/>Dise\u00f1o portada y edici\u00f3n: Joaqu\u00edn Camps Torres.<br \/>Editorial: autopublicado Amazon.<br \/>A\u00f1o: 2024<br \/>G\u00e9nero: Ficci\u00f3n, narrativa, novela existencial.<br \/>P\u00e1ginas: 160<br \/>ISBN:\u00a0<strong>\u200e\u00a0<\/strong>979-8323284405<\/p>\n<p>                    <script async src=\"https:\/\/platform.twitter.com\/widgets.js\" charset=\"utf-8\"><\/script><\/p>\n","protected":false},"excerpt":{"rendered":"Necesitamos tu ayuda para seguir informandoColabora con Nuevatribuna \u00a0 M\u00f3nica Grau Seto |\u00a0@monmislilith Palabras del autor: El proyecto&hellip;\n","protected":false},"author":2,"featured_media":84422,"comment_status":"","ping_status":"","sticky":false,"template":"","format":"standard","meta":{"footnotes":""},"categories":[172],"tags":[224,209,146,147,3141,25,24,31504,31505,225,23],"class_list":{"0":"post-84421","1":"post","2":"type-post","3":"status-publish","4":"format-standard","5":"has-post-thumbnail","7":"category-libros","8":"tag-books","9":"tag-cultura","10":"tag-entertainment","11":"tag-entretenimiento","12":"tag-entrevista","13":"tag-es","14":"tag-espana","15":"tag-hombre-pez","16":"tag-joaquin-camps-torres","17":"tag-libros","18":"tag-spain"},"share_on_mastodon":{"url":"","error":""},"_links":{"self":[{"href":"https:\/\/www.europesays.com\/es\/wp-json\/wp\/v2\/posts\/84421","targetHints":{"allow":["GET"]}}],"collection":[{"href":"https:\/\/www.europesays.com\/es\/wp-json\/wp\/v2\/posts"}],"about":[{"href":"https:\/\/www.europesays.com\/es\/wp-json\/wp\/v2\/types\/post"}],"author":[{"embeddable":true,"href":"https:\/\/www.europesays.com\/es\/wp-json\/wp\/v2\/users\/2"}],"replies":[{"embeddable":true,"href":"https:\/\/www.europesays.com\/es\/wp-json\/wp\/v2\/comments?post=84421"}],"version-history":[{"count":0,"href":"https:\/\/www.europesays.com\/es\/wp-json\/wp\/v2\/posts\/84421\/revisions"}],"wp:featuredmedia":[{"embeddable":true,"href":"https:\/\/www.europesays.com\/es\/wp-json\/wp\/v2\/media\/84422"}],"wp:attachment":[{"href":"https:\/\/www.europesays.com\/es\/wp-json\/wp\/v2\/media?parent=84421"}],"wp:term":[{"taxonomy":"category","embeddable":true,"href":"https:\/\/www.europesays.com\/es\/wp-json\/wp\/v2\/categories?post=84421"},{"taxonomy":"post_tag","embeddable":true,"href":"https:\/\/www.europesays.com\/es\/wp-json\/wp\/v2\/tags?post=84421"}],"curies":[{"name":"wp","href":"https:\/\/api.w.org\/{rel}","templated":true}]}}