{"id":84439,"date":"2025-08-31T18:08:09","date_gmt":"2025-08-31T18:08:09","guid":{"rendered":"https:\/\/www.europesays.com\/es\/84439\/"},"modified":"2025-08-31T18:08:09","modified_gmt":"2025-08-31T18:08:09","slug":"fallece-jose-ignacio-fernandez-tramitador-del-juzgado-de-instruccion-3-y-de-violencia-contra-la-infancia","status":"publish","type":"post","link":"https:\/\/www.europesays.com\/es\/84439\/","title":{"rendered":"Fallece Jos\u00e9 Ignacio Fern\u00e1ndez, tramitador del Juzgado de Instrucci\u00f3n 3 y de Violencia contra la Infancia"},"content":{"rendered":"<p class=\"article-text\">\n        En la madrugada de este domingo, Jos\u00e9 Ignacio Fern\u00e1ndez Rodr\u00edguez nos ha dejado. Y con \u00e9l se va no solo un compa\u00f1ero, sino una parte entra\u00f1able y valiosa del alma de la administraci\u00f3n de justicia en Las Palmas de Gran Canaria. Su fallecimiento nos sume en una tristeza honda y colectiva, compartida por quienes trabajamos a su lado y por quienes, sin saber su nombre, fueron beneficiarios de su entrega generosa, callada y constante.\n    <\/p>\n<p class=\"article-text\">\n        Jos\u00e9 Ignacio fue un servidor p\u00fablico en el m\u00e1s pleno y noble sentido de la palabra. Durante a\u00f1os ejerci\u00f3 como tramitador procesal en el Juzgado de Instrucci\u00f3n n\u00ba 3 y en el Juzgado de Violencia contra la Infancia, dos destinos donde no caben la indiferencia ni el des\u00e1nimo. Y all\u00ed, d\u00eda tras d\u00eda, dej\u00f3 lo mejor de s\u00ed. Lo hizo desde una vocaci\u00f3n sin fisuras, con una disposici\u00f3n que no conoc\u00eda l\u00edmites de horario ni desgaste emocional, con una entereza admirable que era, al mismo tiempo, profesionalismo y compasi\u00f3n.\n    <\/p>\n<p class=\"article-text\">\n        Conocido por todos por su car\u00e1cter afable, paciencia y su actitud siempre cercana, Jos\u00e9 Ignacio era un libro abierto de la justicia en nuestro partido judicial. Su conocimiento profundo de los procedimientos no se limitaba a la t\u00e9cnica: comprend\u00eda, mejor que nadie, lo que significaba acompa\u00f1ar a las personas en los momentos m\u00e1s dif\u00edciles de sus vidas. Porque \u00e9l entend\u00eda que detr\u00e1s de cada expediente hab\u00eda dolor, incertidumbre, miedo o esperanza, y supo siempre poner en juego algo m\u00e1s que su funci\u00f3n: su humanidad.\n    <\/p>\n<p class=\"article-text\">\n        Con particular sensibilidad atend\u00eda a los familiares de las v\u00edctimas infantiles, en especial en el delicado \u00e1mbito del juzgado de violencia. Su forma de escuchar, su mirada emp\u00e1tica, su voz tranquila y su capacidad de consolar sin condescender, de comunicar sin herir, lo convirtieron en un referente silencioso, en un sost\u00e9n para quienes acud\u00edan rotos a una instituci\u00f3n que, gracias a \u00e9l, se mostraba un poco m\u00e1s humana.\n    <\/p>\n<p class=\"article-text\">\n        Pero Jos\u00e9 Ignacio no solo fue un gran profesional. Fue tambi\u00e9n un compa\u00f1ero irrepetible. Divertido, jovial, paciente, siempre dispuesto a una conversaci\u00f3n inteligente o a una carcajada oportuna, era capaz de transformar cualquier jornada dura en una experiencia m\u00e1s llevadera. Sus an\u00e9cdotas \u2014infatigables y siempre llenas de chispa\u2014 eran parte del folklore cotidiano de los pasillos del juzgado. Con \u00e9l, cada ma\u00f1ana comenzaba con un saludo genuino, cada tarde terminaba con un gesto de aliento o una broma amable. Porque cada tensi\u00f3n de cualquier jornada, recomenzaba con esa capacidad de perdonar, majo y limpio y continuamos.\n    <\/p>\n<p class=\"article-text\">\n        Su forma de estar en el mundo nos ense\u00f1\u00f3 que se puede servir con rigor sin perder la sonrisa. Que se puede ser eficiente sin dejar de ser cercano. Que el compromiso con la justicia no est\u00e1 re\u00f1ido con el compromiso con las personas. Y que un juzgado tambi\u00e9n puede ser un lugar donde florece la dignidad del servicio p\u00fablico, cuando se trabaja como \u00e9l lo hac\u00eda: desde el coraz\u00f3n.\n    <\/p>\n<p class=\"article-text\">\n        Hoy no solo lo lloramos nosotros, sus compa\u00f1eras y compa\u00f1eros, quienes compartimos con \u00e9l caf\u00e9s, turnos, urgencias y confidencias. Lo lloran tambi\u00e9n quienes pasaron por su ventanilla, por su mesa, por su atenci\u00f3n, sin saber quiz\u00e1s su nombre, pero sintiendo que hab\u00edan sido tratados con respeto, con consideraci\u00f3n y con amabilidad. Una fila invisible \u2014pero interminable\u2014 de personas que recibieron de \u00e9l un gesto de ayuda, una explicaci\u00f3n clara, una respuesta tranquilizadora.\n    <\/p>\n<p class=\"article-text\">\n        A esa administraci\u00f3n de justicia que \u00e9l tanto sirvi\u00f3 y dignific\u00f3, le queda hoy una deuda de gratitud infinita. Porque personas como Jos\u00e9 Ignacio no abundan. Porque su p\u00e9rdida no solo es personal, sino institucional. Y porque su legado es inmenso, aunque no ocupe titulares ni estad\u00edsticas.\n    <\/p>\n<p class=\"article-text\">\n        Nos queda el consuelo de haberlo conocido. De haber compartido con \u00e9l tiempo y vida. Y de saber que su ejemplo permanece, indeleble, en la memoria de todos los que lo quisimos, lo admiramos y lo respetamos.\n    <\/p>\n<p class=\"article-text\">\n        Alejandro y Eva, lo saben, tus hijos que portabas por bandera, en estos momentos de dolor, ver\u00e1n en el futuro este infinito legado.\n    <\/p>\n<p class=\"article-text\">\n        Descansa en paz, querido Jos\u00e9 Ignacio. Te nos vas demasiado pronto, pero nos dejas mucho. Gracias por tu trabajo, por tu risa, por tu bondad. Gracias por tanto.\n    <\/p>\n","protected":false},"excerpt":{"rendered":"En la madrugada de este domingo, Jos\u00e9 Ignacio Fern\u00e1ndez Rodr\u00edguez nos ha dejado. Y con \u00e9l se va&hellip;\n","protected":false},"author":2,"featured_media":84440,"comment_status":"","ping_status":"","sticky":false,"template":"","format":"standard","meta":{"footnotes":""},"categories":[8],"tags":[1554,17,18,25,24,5992,13,14,10994,11,10619,3624,10077,2467,2303,19,20,9,10,15,16,23,12,31506,21,22,432],"class_list":{"0":"post-84439","1":"post","2":"type-post","3":"status-publish","4":"format-standard","5":"has-post-thumbnail","7":"category-espana","8":"tag-1554","9":"tag-breaking-news","10":"tag-breakingnews","11":"tag-es","12":"tag-espana","13":"tag-fallece","14":"tag-featured-news","15":"tag-featurednews","16":"tag-fernandez","17":"tag-headlines","18":"tag-ignacio","19":"tag-infancia","20":"tag-instruccion","21":"tag-jose","22":"tag-juzgado","23":"tag-latest-news","24":"tag-latestnews","25":"tag-news","26":"tag-noticias","27":"tag-noticias-destacadas","28":"tag-noticiasdestacadas","29":"tag-spain","30":"tag-titulares","31":"tag-tramitador","32":"tag-ultimas-noticias","33":"tag-ultimasnoticias","34":"tag-violencia"},"share_on_mastodon":{"url":"","error":""},"_links":{"self":[{"href":"https:\/\/www.europesays.com\/es\/wp-json\/wp\/v2\/posts\/84439","targetHints":{"allow":["GET"]}}],"collection":[{"href":"https:\/\/www.europesays.com\/es\/wp-json\/wp\/v2\/posts"}],"about":[{"href":"https:\/\/www.europesays.com\/es\/wp-json\/wp\/v2\/types\/post"}],"author":[{"embeddable":true,"href":"https:\/\/www.europesays.com\/es\/wp-json\/wp\/v2\/users\/2"}],"replies":[{"embeddable":true,"href":"https:\/\/www.europesays.com\/es\/wp-json\/wp\/v2\/comments?post=84439"}],"version-history":[{"count":0,"href":"https:\/\/www.europesays.com\/es\/wp-json\/wp\/v2\/posts\/84439\/revisions"}],"wp:featuredmedia":[{"embeddable":true,"href":"https:\/\/www.europesays.com\/es\/wp-json\/wp\/v2\/media\/84440"}],"wp:attachment":[{"href":"https:\/\/www.europesays.com\/es\/wp-json\/wp\/v2\/media?parent=84439"}],"wp:term":[{"taxonomy":"category","embeddable":true,"href":"https:\/\/www.europesays.com\/es\/wp-json\/wp\/v2\/categories?post=84439"},{"taxonomy":"post_tag","embeddable":true,"href":"https:\/\/www.europesays.com\/es\/wp-json\/wp\/v2\/tags?post=84439"}],"curies":[{"name":"wp","href":"https:\/\/api.w.org\/{rel}","templated":true}]}}