{"id":84519,"date":"2025-08-31T18:57:07","date_gmt":"2025-08-31T18:57:07","guid":{"rendered":"https:\/\/www.europesays.com\/es\/84519\/"},"modified":"2025-08-31T18:57:07","modified_gmt":"2025-08-31T18:57:07","slug":"evacuada-al-hospital-una-persona-tras-un-incendio-en-una-vivienda-en-huelin","status":"publish","type":"post","link":"https:\/\/www.europesays.com\/es\/84519\/","title":{"rendered":"Evacuada al hospital una persona tras un incendio en una vivienda en Huelin"},"content":{"rendered":"<p>Una persona ha sido trasladada en la tarde de este domingo a un centro hospitalario por inhalaci\u00f3n de humo tras un incendio en una vivienda  &#8230; en M\u00e1laga capital.<\/p>\n<p class=\"v-p\">Seg\u00fan han informado desde el \u00c1rea de Seguridad del Ayuntamiento de M\u00e1laga en un mensaje en redes sociales, recogido por Europa Press, los efectivos de los bomberos han intervenido en la extinci\u00f3n del incendio, que se ha registrado en la terraza de una vivienda en calle Garcer\u00e1n, en el distrito Carretera de C\u00e1diz.<\/p>\n<p class=\"v-p\">Hasta el lugar de los hechos se han desplazado dos autobombas, una autoescala y un veh\u00edculo ligero procedentes de los parques Central (Martiricos) y Las Pir\u00e1mides. Tambi\u00e9n han acudido los servicios sanitarios del 061, que han trasladado a una persona a un centro hospitalario por la inhalaci\u00f3n de humo, seg\u00fan han se\u00f1alado las citadas fuentes.<\/p>\n","protected":false},"excerpt":{"rendered":"Una persona ha sido trasladada en la tarde de este domingo a un centro hospitalario por inhalaci\u00f3n de&hellip;\n","protected":false},"author":2,"featured_media":84520,"comment_status":"","ping_status":"","sticky":false,"template":"","format":"standard","meta":{"footnotes":""},"categories":[8],"tags":[17,18,25,24,17340,13,14,11,3345,31559,48,19,20,9,10,15,16,3638,23,12,575,21,22,3633],"class_list":{"0":"post-84519","1":"post","2":"type-post","3":"status-publish","4":"format-standard","5":"has-post-thumbnail","7":"category-espana","8":"tag-breaking-news","9":"tag-breakingnews","10":"tag-es","11":"tag-espana","12":"tag-evacuada","13":"tag-featured-news","14":"tag-featurednews","15":"tag-headlines","16":"tag-hospital","17":"tag-huelin","18":"tag-incendio","19":"tag-latest-news","20":"tag-latestnews","21":"tag-news","22":"tag-noticias","23":"tag-noticias-destacadas","24":"tag-noticiasdestacadas","25":"tag-persona","26":"tag-spain","27":"tag-titulares","28":"tag-tras","29":"tag-ultimas-noticias","30":"tag-ultimasnoticias","31":"tag-vivienda"},"share_on_mastodon":{"url":"","error":""},"_links":{"self":[{"href":"https:\/\/www.europesays.com\/es\/wp-json\/wp\/v2\/posts\/84519","targetHints":{"allow":["GET"]}}],"collection":[{"href":"https:\/\/www.europesays.com\/es\/wp-json\/wp\/v2\/posts"}],"about":[{"href":"https:\/\/www.europesays.com\/es\/wp-json\/wp\/v2\/types\/post"}],"author":[{"embeddable":true,"href":"https:\/\/www.europesays.com\/es\/wp-json\/wp\/v2\/users\/2"}],"replies":[{"embeddable":true,"href":"https:\/\/www.europesays.com\/es\/wp-json\/wp\/v2\/comments?post=84519"}],"version-history":[{"count":0,"href":"https:\/\/www.europesays.com\/es\/wp-json\/wp\/v2\/posts\/84519\/revisions"}],"wp:featuredmedia":[{"embeddable":true,"href":"https:\/\/www.europesays.com\/es\/wp-json\/wp\/v2\/media\/84520"}],"wp:attachment":[{"href":"https:\/\/www.europesays.com\/es\/wp-json\/wp\/v2\/media?parent=84519"}],"wp:term":[{"taxonomy":"category","embeddable":true,"href":"https:\/\/www.europesays.com\/es\/wp-json\/wp\/v2\/categories?post=84519"},{"taxonomy":"post_tag","embeddable":true,"href":"https:\/\/www.europesays.com\/es\/wp-json\/wp\/v2\/tags?post=84519"}],"curies":[{"name":"wp","href":"https:\/\/api.w.org\/{rel}","templated":true}]}}