{"id":84894,"date":"2025-08-31T23:12:09","date_gmt":"2025-08-31T23:12:09","guid":{"rendered":"https:\/\/www.europesays.com\/es\/84894\/"},"modified":"2025-08-31T23:12:09","modified_gmt":"2025-08-31T23:12:09","slug":"hemos-iniciado-un-viaje-para-que-su-aspecto-sea-aun-mas-natural-el-secreto-de-belleza-de-amal-clooney-en-el-festival-de-venecia-2025-esta-en-sus-cejas-tratadas-con-aceite-irani-palabra-de-leila-pa","status":"publish","type":"post","link":"https:\/\/www.europesays.com\/es\/84894\/","title":{"rendered":"\u00abHemos iniciado un viaje para que su aspecto sea a\u00fan m\u00e1s natural\u00bb: el secreto de belleza de Amal Clooney en el Festival de Venecia 2025 est\u00e1 en sus cejas tratadas con aceite iran\u00ed (palabra de Leila Pasar)"},"content":{"rendered":"<p class=\"has-dropcap\">Cada detalle de Amal Clooney, como sus cejas, en el <a href=\"https:\/\/www.vanityfair.it\/festival-cinema-venezia\" rel=\"nofollow noopener\" target=\"_blank\">Festival de Venecia de 2025<\/a> contribuy\u00f3 a su magn\u00e9tica belleza. La mirada enmarcada por unos atrevidos, oscuros y gruesos arcos amplificaba la expresividad de su rostro.<\/p>\n<p>\u00abConoc\u00ed a <a href=\"https:\/\/www.revistavanityfair.es\/articulos\/george-clooney-amal-festival-venecia-cine-2025\" rel=\"nofollow noopener\" target=\"_blank\"><strong>Amal Clooney<\/strong><\/a> el a\u00f1o pasado. Me busc\u00f3 para que le cuidara las cejas durante los dos meses que pasa en su villa de Como\u00bb, explica <strong>Leila Pasar, iran\u00ed de 44 a\u00f1os afincada en Mil\u00e1n,<\/strong> una de las mayores expertas en el cuidado de las cejas seg\u00fan las t\u00e9cnicas milenarias que se mantienen en Persia, <strong>con un estudio en el Palazzo Bagatti Valsecchi<\/strong>,<\/p>\n<p>\u00abCuando lleg\u00f3 ten\u00eda las cejas secas, aunque ten\u00eda unas b\u00e1sicas muy bonitas, pero se notaba que utilizaba productos que no eran adecuados para ella. Juntas iniciamos un camino para darle un aspecto a\u00fan m\u00e1s natural, evitando la <strong>depilaci\u00f3n excepto con hilo<\/strong>, hidrat\u00e1ndolas regularmente con mi <a data-offer-url=\"https:\/\/leilapasar.it\/it\/product\/olio-alle-sette-noci\/\" class=\"external-link\" data-event-click=\"{&quot;element&quot;:&quot;ExternalLink&quot;,&quot;outgoingURL&quot;:&quot;https:\/\/cna.st\/affiliate-link\/7gC7K1iYWz6GuFGY2KbCF2RR5neDXcxn4JyDUeCkhpCsD8iQq6DqYnJQ1tDaNKb4v6PfNrmYiAEMijkiG8eQmZBM6w35UTgFvsZWqPrMtSbxeHdy3Ayx8g6M8pZiGNmapx4xGGQa5ZAqzEnANtucp1JJGWV7pK26ZyuEXgvEvjxXrKBNtjCMurzo89dudGSGGzpbq8bnVPwA4BfMyXKNnQwmhEpKMk93XXavBiKarBQf5WjqMySUrawudzNTyNQctso5UZsezgi691hQz7PxWoHPXu2XGcyxTuHo1TUahqheM7PLJkLbL5fxGZ1DhstEQSeHUV6f4a3AEqXVKV9DGmfc4wa8Der6jWAk3RGPZp7XoPtqU3HhRg2YNJ6u9ita25bGqmBwXE1dNSxtfNxJeXuDRDNrELbxdbgKkWTrMWBqCrNQrZgcrHpc2WtZNVw72frbJNEDQD3ase8BPMedmAuQxJNz7Yn4epREqcXQqcGWeoLNhGJQnp3xKXWLMDhf5NFkuihgQAk2Kp7TqC2VQFux4j71fwEY5ubUUKP14xdgRVbrREFDrZpNUE55rETX1fbERZvUx2s6AhsdEeXN7e7AeptzDL6jvyemLD7HnfGxruaT5bjJwSGKYacXPSnatxFymift7T4FhfAqJXh561w61X45PcCPHwE5RTXMr4AzfPQhNuD9w4zZaZSZ17MJFZSbexstk&quot;}\" href=\"https:\/\/cna.st\/affiliate-link\/7gC7K1iYWz6GuFGY2KbCF2RR5neDXcxn4JyDUeCkhpCsD8iQq6DqYnJQ1tDaNKb4v6PfNrmYiAEMijkiG8eQmZBM6w35UTgFvsZWqPrMtSbxeHdy3Ayx8g6M8pZiGNmapx4xGGQa5ZAqzEnANtucp1JJGWV7pK26ZyuEXgvEvjxXrKBNtjCMurzo89dudGSGGzpbq8bnVPwA4BfMyXKNnQwmhEpKMk93XXavBiKarBQf5WjqMySUrawudzNTyNQctso5UZsezgi691hQz7PxWoHPXu2XGcyxTuHo1TUahqheM7PLJkLbL5fxGZ1DhstEQSeHUV6f4a3AEqXVKV9DGmfc4wa8Der6jWAk3RGPZp7XoPtqU3HhRg2YNJ6u9ita25bGqmBwXE1dNSxtfNxJeXuDRDNrELbxdbgKkWTrMWBqCrNQrZgcrHpc2WtZNVw72frbJNEDQD3ase8BPMedmAuQxJNz7Yn4epREqcXQqcGWeoLNhGJQnp3xKXWLMDhf5NFkuihgQAk2Kp7TqC2VQFux4j71fwEY5ubUUKP14xdgRVbrREFDrZpNUE55rETX1fbERZvUx2s6AhsdEeXN7e7AeptzDL6jvyemLD7HnfGxruaT5bjJwSGKYacXPSnatxFymift7T4FhfAqJXh561w61X45PcCPHwE5RTXMr4AzfPQhNuD9w4zZaZSZ17MJFZSbexstk\" rel=\"sponsored nofollow noopener\" target=\"_blank\">Aceite de Siete Nueces<\/a>, que se aplica ma\u00f1ana y noche, todos los d\u00edas. Basta con una gota, que se masajea sobre las cejas y las pesta\u00f1as para favorecer su recrecimiento, espesarlas y darles intensidad. Cuando vino, las limpiamos sin cambiarles la forma con la t\u00e9cnica del hilo y las tratamos con un poco de henna\u00bb, cuenta Leila Pasar, que la vio para hacerse la depilaci\u00f3n facial el d\u00eda antes de que Amal aterrizara en el Lido de Venecia para desfilar por <a href=\"https:\/\/www.vanityfair.it\/gallery\/festival-del-cinema-di-venezia-2025-red-carpet-beauty-look-seconda-serata\" rel=\"nofollow noopener\" target=\"_blank\">la alfombra roja con su marido George Clooney para la pel\u00edcula Jay Kelly, que ella protagoniza.<\/a><\/p>\n<p>Amal Clooney e George Clooney. (Photo by Stephane Cardinale &#8211; Corbis\/Corbis via Getty Images)Stephane Cardinale &#8211; Corbis\/Getty Images<\/p>\n<p>\u00abCuando volv\u00ed a verla despu\u00e9s de un a\u00f1o, me dijo que hab\u00eda seguido mis instrucciones al pie de la letra y, de hecho, vi que Amal Clooney ten\u00eda las cejas diferentes. Estaba entusiasmada con los consejos que le di: no te depiles, no te las depiles, d\u00e9jalas lo m\u00e1s naturales posible, p\u00e9inalas para favorecer la circulaci\u00f3n sangu\u00ednea y que vuelvan a crecer. Y, en comparaci\u00f3n con cuando la conoc\u00ed, han recuperado la forma y el grosor, sus cejas se han vuelto m\u00e1s sanas y uniformes\u00bb.<\/p>\n<p>Leila Pasar, iran\u00ed, y Amal Clooney, libanesa afincada en Londres, congeniaron enseguida por la similitud de los h\u00e1bitos culturales que comparten las mujeres descendientes de Oriente Pr\u00f3ximo.<\/p>\n<p>\u00abComo esposa de un actor de Hollywood, Amal tiene maquilladores y peluqueros a su disposici\u00f3n, pero sent\u00eda el deseo de utilizar productos de belleza naturales y de cuidar su piel, una costumbre milenaria en nuestra parte del mundo\u00bb, explica.<\/p>\n<p>\u00abLe propuse utilizar para el rostro mi Agua de Rosas de Damasco, <a data-offer-url=\"https:\/\/leilapasar.it\/it\/product\/golab\/\" class=\"external-link\" data-event-click=\"{&quot;element&quot;:&quot;ExternalLink&quot;,&quot;outgoingURL&quot;:&quot;https:\/\/leilapasar.it\/it\/product\/golab\/&quot;}\" href=\"https:\/\/leilapasar.it\/it\/product\/golab\/\" rel=\"nofollow noopener\" target=\"_blank\">Golab<\/a>, Gol en persa significa rosa y ab agua, y para el cuerpo <a data-offer-url=\"https:\/\/leilapasar.it\/it\/product\/golab-body-oil\/\" class=\"external-link\" data-event-click=\"{&quot;element&quot;:&quot;ExternalLink&quot;,&quot;outgoingURL&quot;:&quot;https:\/\/leilapasar.it\/it\/product\/golab-body-oil\/&quot;}\" href=\"https:\/\/leilapasar.it\/it\/product\/golab-body-oil\/\" rel=\"nofollow noopener\" target=\"_blank\">el Aceite Corporal Golab<\/a>, ella los matiz\u00f3 y me dijo que su aroma le recordaba a sus ra\u00edces y a su madre. La cultura \u00e1rabe libanesa e iran\u00ed tienen muchos ingredientes y tradiciones similares de Oriente Medio, sobre todo en la b\u00fasqueda de soluciones lo m\u00e1s naturales posibles en las rutinas de belleza\u00bb.<\/p>\n<p>Qui\u00e9n es Leila Pasar<\/p>\n<p>Lleg\u00f3 a Mil\u00e1n en 2009 para estudiar lenguas modernas y literatura y, por amor del hombre que m\u00e1s tarde se convirti\u00f3 en su marido, se qued\u00f3 en Italia. En Ir\u00e1n hab\u00eda estudiado Ingenier\u00eda Medioambiental, pero la belleza le ha fascinado desde siempre y nunca ha dejado de investigar sobre el tema.<\/p>\n","protected":false},"excerpt":{"rendered":"Cada detalle de Amal Clooney, como sus cejas, en el Festival de Venecia de 2025 contribuy\u00f3 a su&hellip;\n","protected":false},"author":2,"featured_media":84895,"comment_status":"","ping_status":"","sticky":false,"template":"","format":"standard","meta":{"footnotes":""},"categories":[81],"tags":[29451,3451,119,123,124,25,24,29452,117,121,122,23,118,120],"class_list":{"0":"post-84894","1":"post","2":"type-post","3":"status-publish","4":"format-standard","5":"has-post-thumbnail","7":"category-ciencia-y-tecnologia","8":"tag-amal-clooney","9":"tag-belleza","10":"tag-ciencia","11":"tag-ciencia-y-tecnologia","12":"tag-cienciaytecnologia","13":"tag-es","14":"tag-espana","15":"tag-mostra-venecia","16":"tag-science","17":"tag-science-and-technology","18":"tag-scienceandtechnology","19":"tag-spain","20":"tag-technology","21":"tag-tecnologia"},"share_on_mastodon":{"url":"","error":""},"_links":{"self":[{"href":"https:\/\/www.europesays.com\/es\/wp-json\/wp\/v2\/posts\/84894","targetHints":{"allow":["GET"]}}],"collection":[{"href":"https:\/\/www.europesays.com\/es\/wp-json\/wp\/v2\/posts"}],"about":[{"href":"https:\/\/www.europesays.com\/es\/wp-json\/wp\/v2\/types\/post"}],"author":[{"embeddable":true,"href":"https:\/\/www.europesays.com\/es\/wp-json\/wp\/v2\/users\/2"}],"replies":[{"embeddable":true,"href":"https:\/\/www.europesays.com\/es\/wp-json\/wp\/v2\/comments?post=84894"}],"version-history":[{"count":0,"href":"https:\/\/www.europesays.com\/es\/wp-json\/wp\/v2\/posts\/84894\/revisions"}],"wp:featuredmedia":[{"embeddable":true,"href":"https:\/\/www.europesays.com\/es\/wp-json\/wp\/v2\/media\/84895"}],"wp:attachment":[{"href":"https:\/\/www.europesays.com\/es\/wp-json\/wp\/v2\/media?parent=84894"}],"wp:term":[{"taxonomy":"category","embeddable":true,"href":"https:\/\/www.europesays.com\/es\/wp-json\/wp\/v2\/categories?post=84894"},{"taxonomy":"post_tag","embeddable":true,"href":"https:\/\/www.europesays.com\/es\/wp-json\/wp\/v2\/tags?post=84894"}],"curies":[{"name":"wp","href":"https:\/\/api.w.org\/{rel}","templated":true}]}}