{"id":84916,"date":"2025-08-31T23:25:08","date_gmt":"2025-08-31T23:25:08","guid":{"rendered":"https:\/\/www.europesays.com\/es\/84916\/"},"modified":"2025-08-31T23:25:08","modified_gmt":"2025-08-31T23:25:08","slug":"rayo-barcelona-la-liga-resumen-goleadores-y-estadisticas-con-el-primer-tropiezo-cule-el-espanol","status":"publish","type":"post","link":"https:\/\/www.europesays.com\/es\/84916\/","title":{"rendered":"Rayo &#8211; Barcelona, La Liga: resumen, goleadores y estad\u00edsticas con el primer tropiezo cul\u00e9 &#8211; El Espa\u00f1ol"},"content":{"rendered":"<ol>\n<li><a href=\"https:\/\/news.google.com\/rss\/articles\/CBMi1AFBVV95cUxQWURMV0N2ZnlFNzIwaXJvdmxNWVFscXB2dlU5OXQ3ZldTUXJPMm1LWnhMV1RDcUZTeGVRcy1YSFFleU5wbUpEZEVROElDZ1dla0dLMGFMR0dZaUt5cnlOQTRyRWRYUTd3M01fdC1FSHo3UVZidW5FNmhZa1IwSmt1ZjJDNHR6SHJWNHZCMGJ0NFBuTURZa1Jwb1o2RHpmd21lakJYRkdRVkltcnNLZHdzOGEyc24xWU5MUjc3WkNWMWttNFk1MkR2ZEdiYzNyZlRHTGYzcA?oc=5\" target=\"_blank\" rel=\"nofollow noopener\">Rayo &#8211; Barcelona, La Liga: resumen, goleadores y estad\u00edsticas con el primer tropiezo cul\u00e9<\/a>&nbsp;&nbsp;El Espa\u00f1ol<\/li>\n<li><a href=\"https:\/\/news.google.com\/rss\/articles\/CBMiYEFVX3lxTE1CSk0tcm1MRVZUcGI1YTh6MGFDUUloUUVLWHh0U2x6NjRrMEtReVFtOElBWGpQZjBFaGNydVhPdVFGNVF2dGhfczBKSFJJMXlEQ0pJSy1UVno5YWV4ZXRTUdIBdEFVX3lxTE5iR0NMZVI0bU9hcnZTal9wUkt2VUc4NDJDek94WElkb2dUVjJ6all3ZGxZbmVxdThndkhrUHRkWGtYYW1ybHFGc3l4bTh0SnhiTG5tekczWEV1eld5M0RKLTN0M2ZkZnlpOEZjdFdETEpWVjZa?oc=5\" target=\"_blank\" rel=\"nofollow noopener\">Joan Garc\u00eda salva al Bar\u00e7a<\/a>&nbsp;&nbsp;Diario AS<\/li>\n<li><a href=\"https:\/\/news.google.com\/rss\/articles\/CBMinAFBVV95cUxPWFBKVEN5cm9ob0xGUU9EYmpFR1otZjBIZDlzS2R6VjdIUkx1LXd1a1RpQXcxNWpRb1ZtNUZsTExhNU0tTjBTSDM3ckNqTHZrWlZ4WVlvMGNZSmV4cm5oWTFiWTFvUkVvczFoUnpvbUVUYm1Bem1ucV9YRGo1N0lUWmRDVGJTZmRpRlZPQXlqTkxrT3BTV3M3Qlpya1XSAZwBQVVfeXFMTXlpR3psbmotbmtrTkl3Z2xOaU85V3RXYXYya3lDWV9FYjRoWmlGZGJiT2FUWVFROUJvRE0zWldlSGxtVmNuRWE1Rnd3MU51RHlfbWRtY29qM1BnUlprbzFtbWU0T2kyUWtCVFUtRjM5ZldZUURtR1pBbjIxOWtnRmJxcHNQNVJKbkltTG8ycENCR0d1WEFGMXgtVjNk?oc=5\" target=\"_blank\" rel=\"nofollow noopener\">A la nueva c\u00fapula arbitral le estalla la pol\u00e9mica con dos fallos graves del VAR en 24 horas: \u00abNo se puede estar cinco minutos con VAR y cinco sin \u00e9l\u00bb<\/a>&nbsp;&nbsp;El Mundo<\/li>\n<li><a href=\"https:\/\/news.google.com\/rss\/articles\/CBMilAFBVV95cUxPTEZGNUNWSWh6aVo0QWJYOXBlZ3RVb3J4eHFzRGJGQ0xyR3BSTHhWQzFqd25JaHp3azFfVWZMSHFLa0VJRXlwWXA4QnR5bHE0TEFYV1lLM3RCTzUtYjdxTFlqa19nbEhxYTNRTExaQWFhbXZsTE0zV0lDLWlrbU0zNXRIM0RPcUVJTHd3cDVzaGREdnhf?oc=5\" target=\"_blank\" rel=\"nofollow noopener\">El Rayo deja en fuera de juego al Bar\u00e7a | F\u00fatbol | Deportes<\/a>&nbsp;&nbsp;EL PA\u00cdS<\/li>\n<li><a href=\"https:\/\/news.google.com\/rss\/articles\/CBMirwFBVV95cUxOM2dTdURsVDdNWm0yM0tCSTI4OTVQWXdST2plWVdzM1RaejhHRXVGeDIzNnFGTUphMXU5cE1xVWkxa28tNkJDZnVnM251cEVPN1g1ZEhENWdsTmlMbC10dk5ocDZ6TEh2WUd1T2Q2dTRXaXRRdHdkTFhTYjVXX3pzY1hUS0NpTEFuZWNmSUNCUWVJNm96SS1TODRsa1FPUUdlMGVibjJWSnU1WWltN05z0gGvAUFVX3lxTE5oUEZHaHhqMW44OVZaU2ZOem85Y1d4UWdTU3A3T2U2TnRwcHZJcmViNVJUT2lfZHRNeE5aSUJKSE9DNzB6LWQ3MHgwOWJFWUlldVJFV0taN29MVkVPcnplWFRoN0ZDVUhNZzRlcExqOWV6UlJWUWcwLW1ySEFTbGFHTGJCeDJvaGVpWHJXcEY0aElwZTM4Rk41UXE4cHI2LVNXNXdxX1ZkTThKOHB2Y1E?oc=5\" target=\"_blank\" rel=\"nofollow noopener\">Mediapro: \u00abLas causas del problema no han podido determinarse\u00bb<\/a>&nbsp;&nbsp;MARCA<\/li>\n<\/ol>\n","protected":false},"excerpt":{"rendered":"Rayo &#8211; Barcelona, La Liga: resumen, goleadores y estad\u00edsticas con el primer tropiezo cul\u00e9&nbsp;&nbsp;El Espa\u00f1ol Joan Garc\u00eda salva&hellip;\n","protected":false},"author":2,"featured_media":84917,"comment_status":"","ping_status":"","sticky":false,"template":"","format":"standard","meta":{"footnotes":""},"categories":[268],"tags":[168,25,24,881,280,282,2918,1945,14382,281,23,167],"class_list":{"0":"post-84916","1":"post","2":"type-post","3":"status-publish","4":"format-standard","5":"has-post-thumbnail","7":"category-futbol","8":"tag-deportes","9":"tag-es","10":"tag-espana","11":"tag-fc-barcelona","12":"tag-football","13":"tag-futbol","14":"tag-la-liga","15":"tag-primera-division","16":"tag-rayo-vallecano","17":"tag-soccer","18":"tag-spain","19":"tag-sports"},"share_on_mastodon":{"url":"","error":""},"_links":{"self":[{"href":"https:\/\/www.europesays.com\/es\/wp-json\/wp\/v2\/posts\/84916","targetHints":{"allow":["GET"]}}],"collection":[{"href":"https:\/\/www.europesays.com\/es\/wp-json\/wp\/v2\/posts"}],"about":[{"href":"https:\/\/www.europesays.com\/es\/wp-json\/wp\/v2\/types\/post"}],"author":[{"embeddable":true,"href":"https:\/\/www.europesays.com\/es\/wp-json\/wp\/v2\/users\/2"}],"replies":[{"embeddable":true,"href":"https:\/\/www.europesays.com\/es\/wp-json\/wp\/v2\/comments?post=84916"}],"version-history":[{"count":0,"href":"https:\/\/www.europesays.com\/es\/wp-json\/wp\/v2\/posts\/84916\/revisions"}],"wp:featuredmedia":[{"embeddable":true,"href":"https:\/\/www.europesays.com\/es\/wp-json\/wp\/v2\/media\/84917"}],"wp:attachment":[{"href":"https:\/\/www.europesays.com\/es\/wp-json\/wp\/v2\/media?parent=84916"}],"wp:term":[{"taxonomy":"category","embeddable":true,"href":"https:\/\/www.europesays.com\/es\/wp-json\/wp\/v2\/categories?post=84916"},{"taxonomy":"post_tag","embeddable":true,"href":"https:\/\/www.europesays.com\/es\/wp-json\/wp\/v2\/tags?post=84916"}],"curies":[{"name":"wp","href":"https:\/\/api.w.org\/{rel}","templated":true}]}}