{"id":84925,"date":"2025-08-31T23:33:11","date_gmt":"2025-08-31T23:33:11","guid":{"rendered":"https:\/\/www.europesays.com\/es\/84925\/"},"modified":"2025-08-31T23:33:11","modified_gmt":"2025-08-31T23:33:11","slug":"el-medicamento-contra-el-alzheimer-que-europa-rechazo-podria-estar-funcionando-en-ee-uu","status":"publish","type":"post","link":"https:\/\/www.europesays.com\/es\/84925\/","title":{"rendered":"El medicamento contra el alzh\u00e9imer que Europa rechaz\u00f3 podr\u00eda estar funcionando en EE. UU."},"content":{"rendered":"<p class=\"c-paragraph\"><b\/>El Alzheimer es una de las enfermedades degenerativas m\u00e1s comunes, de hecho, seg\u00fan datos de la Sociedad Espa\u00f1ola de Neurolog\u00eda, actualmente unas<b> 800.000 personas la padecen en Espa\u00f1a<\/b>. Una enfermedad para la que no existe cura y cuyo tratamiento est\u00e1 dirigido a paliar algunos s\u00edntomas e <a href=\"https:\/\/www.20minutos.es\/salud\/actualidad\/un-farmaco-para-frenar-alzheimer-es-bien-tolerado-fuera-los-ensayos-clinicos-5709088\/\" rel=\"nofollow noopener\" target=\"_blank\">intentar mejorar la calidad de vida<\/a> de quien la padece.<\/p>\n<p class=\"c-paragraph\">Es una enfermedad muy complicada, cuya caracter\u00edstica principal es la <b>p\u00e9rdida de memoria<\/b>, aunque tiene otros s\u00edntomas, como cambios de personalidad o comportamiento. Salvo en los casos en los que hay un componente gen\u00e9tico, las causas de esta enfermedad no est\u00e1n claras, por eso todo el conocimiento que se pueda obtener sobre ella supone un gran avance que puede ayudar en su tratamiento.<\/p>\n<p>Donanemab, el medicamento que ha causado controversia<\/p>\n<p class=\"c-paragraph\">Son muchos los investigadores que trabajan para poder <b>comprender mejor esta enfermedad<\/b>, su evoluci\u00f3n y sus causas para, de esta forma, poder encontrar la manera de parar su desarrollo o incluso llegar a evitar que aparezca. Este no es un proceso sencillo, hay muchas cosas que todav\u00eda se desconocen sobre el Alzheimer y en muchas ocasiones, los f\u00e1rmacos que podr\u00edan resultar \u00fatiles para tratar a los pacientes que la padecen llegan con cierta controversia.<\/p>\n<p class=\"c-paragraph\">Es lo que sucede con el Donanemab, un f\u00e1rmaco que la Uni\u00f3n Europea rechaz\u00f3 porque consider\u00f3 que <b>era necesario tener m\u00e1s datos <\/b>y que los efectos secundarios supon\u00edan un riesgo mayor que los beneficios que pod\u00edan obtenerse. Sin embargo, no todos los pa\u00edses se rigen por las mismas normas y la Agencia de Medicamentos de Estados Unidos (FDA) s\u00ed que aprob\u00f3 su uso en pacientes con <a href=\"https:\/\/www.20minutos.es\/salud\/actualidad\/primeros-sintomas-paciente-alzheimer-temprano-5697418\/\" rel=\"nofollow noopener\" target=\"_blank\">Alzheimer sintom\u00e1tico temprano<\/a>. Puede encontrarse desde junio de 2024, as\u00ed como en otros pa\u00edses como China, Jap\u00f3n o Reino Unido.<\/p>\n<p class=\"c-paragraph\">Este medicamento supone un gran avance porque <b>act\u00faa contra las placas de amiloide cerebral <\/b>que se acumulan en el cerebro de personas con demencia. Sin embargo, la EMA (Agencia de Medicina Europea) quiso enfrentarse a esta situaci\u00f3n con pies de plomo, porque uno de los principales efectos adversos de este medicamento era la <b>aparici\u00f3n de anomal\u00edas detectadas por imagen relacionadas con el amiloide<\/b>, que se conocen como ARIA.<\/p>\n<p class=\"c-paragraph\">Su opini\u00f3n parece haber cambiado significativamente en las \u00faltimas semanas debido a que una <b>modificaci\u00f3n en la administraci\u00f3n del medicamento <\/b>reduce estos efectos secundarios, tal y como ha mostrado la farmac\u00e9utica Eli Lilly tras realizar un estudio, aunque todav\u00eda faltar\u00eda la aprobaci\u00f3n definitiva por parte de la Uni\u00f3n Europea. Este cambio en la aplicaci\u00f3n del tratamiento reduce los <a href=\"https:\/\/www.20minutos.es\/salud\/actualidad\/efectos-secundarios-heredan-genes-influyen-reacciones-adversas-medicamentos-5642082\/\" rel=\"nofollow noopener\" target=\"_blank\">efectos secundarios<\/a> sin modificar la fiabilidad del mismo, una gran noticia teniendo en cuenta que, si bien los ARIA suelen ser asintom\u00e1ticos, pueden llegar a provocar la muerte del paciente en algunos casos.<\/p>\n<p>Alzheimer, s\u00edntomas habituales y factores de riesgo<\/p>\n<p class=\"c-paragraph\">Algunos de los s\u00edntomas habituales de Alzheimer son conocidos por todos, como es el caso de la p\u00e9rdida de memoria, pero <b>hay otros que no son tan populares<\/b>, como los problemas de lenguaje o las dificultades de planificaci\u00f3n, as\u00ed como las alteraciones de reconocimiento o las dificultades para ejecutar acciones. Estos son los s\u00edntomas cognitivos m\u00e1s habituales, pero tambi\u00e9n los hay conductuales, tal y como recogen desde la <a href=\"https:\/\/blog.fpmaragall.org\/que-es-el-alzheimer?utm_term=alzheimer%20causas&amp;utm_campaign=Search_Grants%23Socios-Insignia&amp;utm_source=adwords&amp;utm_medium=ppc&amp;gad_source=1&amp;gad_campaignid=18854004854&amp;gbraid=0AAAAACqEX3KZlaetxak_eUGEQ62_h1aLL&amp;gclid=Cj0KCQjwqebEBhD9ARIsAFZMbfzcg6KfT6JAIZwt9ODTx9aTGYzLKdQmo6pf2QAPpI2AW65WedgJrSQaAjlkEALw_wcB\" rel=\"nofollow noreferrer noopener\" target=\"_blank\">Fundaci\u00f3n Pasqual Maragall<\/a>, como ansiedad, tristeza y apat\u00eda, agitaci\u00f3n e irritabilidad, alteraciones del sue\u00f1o, delirios o alucinaciones, o actitudes desconcertantes.<\/p>\n<p class=\"c-paragraph\">En esta enfermedad hay ciertos factores de riesgo que no podemos modificar, como sucede con la edad o la gen\u00e9tica, pero hay otros en los que <b>s\u00ed podemos intervenir y que est\u00e1n relacionados con el estilo de vida<\/b>, como la nutrici\u00f3n, actividad f\u00edsica, cognitiva y social, o los factores de riesgo cardiovascular, como la hipertensi\u00f3n, la diabetes o el tabaquismo. Tambi\u00e9n hay otros asociados a la calidad del sue\u00f1o o la exposici\u00f3n a sustancias t\u00f3xicas, como la contaminaci\u00f3n ambiental.<\/p>\n<p>Referencias<\/p>\n<p class=\"c-paragraph\">National Library of Medicine. (s.\u00a0f.-b).\u00a0Enfermedad de Alzheimer.\u00a0<a href=\"https:\/\/medlineplus.gov\/spanish\/alzheimersdisease.html\" target=\"_blank\" rel=\"nofollow noopener\">https:\/\/medlineplus.gov\/spanish\/alzheimersdisease.html<\/a><\/p>\n","protected":false},"excerpt":{"rendered":"El Alzheimer es una de las enfermedades degenerativas m\u00e1s comunes, de hecho, seg\u00fan datos de la Sociedad Espa\u00f1ola&hellip;\n","protected":false},"author":2,"featured_media":84926,"comment_status":"","ping_status":"","sticky":false,"template":"","format":"standard","meta":{"footnotes":""},"categories":[92],"tags":[3350,25,24,700,31623,165,31622,267,3635,166,23],"class_list":{"0":"post-84925","1":"post","2":"type-post","3":"status-publish","4":"format-standard","5":"has-post-thumbnail","7":"category-salud","8":"tag-alzheimer","9":"tag-es","10":"tag-espana","11":"tag-europa","12":"tag-funcionando","13":"tag-health","14":"tag-medicamento","15":"tag-planseo","16":"tag-rechazo","17":"tag-salud","18":"tag-spain"},"share_on_mastodon":{"url":"","error":""},"_links":{"self":[{"href":"https:\/\/www.europesays.com\/es\/wp-json\/wp\/v2\/posts\/84925","targetHints":{"allow":["GET"]}}],"collection":[{"href":"https:\/\/www.europesays.com\/es\/wp-json\/wp\/v2\/posts"}],"about":[{"href":"https:\/\/www.europesays.com\/es\/wp-json\/wp\/v2\/types\/post"}],"author":[{"embeddable":true,"href":"https:\/\/www.europesays.com\/es\/wp-json\/wp\/v2\/users\/2"}],"replies":[{"embeddable":true,"href":"https:\/\/www.europesays.com\/es\/wp-json\/wp\/v2\/comments?post=84925"}],"version-history":[{"count":0,"href":"https:\/\/www.europesays.com\/es\/wp-json\/wp\/v2\/posts\/84925\/revisions"}],"wp:featuredmedia":[{"embeddable":true,"href":"https:\/\/www.europesays.com\/es\/wp-json\/wp\/v2\/media\/84926"}],"wp:attachment":[{"href":"https:\/\/www.europesays.com\/es\/wp-json\/wp\/v2\/media?parent=84925"}],"wp:term":[{"taxonomy":"category","embeddable":true,"href":"https:\/\/www.europesays.com\/es\/wp-json\/wp\/v2\/categories?post=84925"},{"taxonomy":"post_tag","embeddable":true,"href":"https:\/\/www.europesays.com\/es\/wp-json\/wp\/v2\/tags?post=84925"}],"curies":[{"name":"wp","href":"https:\/\/api.w.org\/{rel}","templated":true}]}}