{"id":85021,"date":"2025-09-01T00:40:08","date_gmt":"2025-09-01T00:40:08","guid":{"rendered":"https:\/\/www.europesays.com\/es\/85021\/"},"modified":"2025-09-01T00:40:08","modified_gmt":"2025-09-01T00:40:08","slug":"el-estreno-mas-gamberro-del-ano-del-director-de-requiem-por-un-sueno-expansion","status":"publish","type":"post","link":"https:\/\/www.europesays.com\/es\/85021\/","title":{"rendered":"El estreno m\u00e1s gamberro del a\u00f1o, del director de R\u00e9quiem por un sue\u00f1o &#8211; Expansi\u00f3n"},"content":{"rendered":"<ol>\n<li><a href=\"https:\/\/news.google.com\/rss\/articles\/CBMikAFBVV95cUxQS3daQk9yT2E1RDM4YWl4Y1ppTU5LX3BvODU1ME90Q1NZQlFxajJKOVhTUUFieUJjRG9RdEF4cmF0NFByd0ZUTG5PWFdwdWhRR0xzeWh1eVFONDVGVFJyaFIzaG9xeC1IRTVUaE5oTm1qUzRNMnRFSE4yLUtnejNNV2JpZlRjbjQ0MmJEdTQteU7SAZABQVVfeXFMUGJfYm5WZ0o5RDhpSmhDX2RrVnJ6UjhrVUxCWS1Sb0tVT0Z4cTRFRlJ2eFJCenp4NGZudzBId0ltZi1LMkY4WlVMY3BhMlJLbGNfdGZwNFpYRjJNZkxocUp3SWpKM25OaDRDSk9fUDNHSzEtYmtGT0E2Si1nWnY5LVVhNTBOTlRFZkFUMUtCR1Vx?oc=5\" target=\"_blank\" rel=\"nofollow noopener\">El estreno m\u00e1s gamberro del a\u00f1o, del director de R\u00e9quiem por un sue\u00f1o<\/a>&nbsp;&nbsp;Expansi\u00f3n<\/li>\n<li><a href=\"https:\/\/news.google.com\/rss\/articles\/CBMimwFBVV95cUxOcFB4MTB6bnhfTDZfVzZHWDBqSk9ta0lJRG9YTlZKZDVsNHVJcENGbFlTWndKRUpsakVWbjRiSFQtQW1GRENwTEZwU0ItZjFpWHA5S2lxNDZEZnRWZ0FvUFJFZ3NSQUlkNDVKOS1SajZNVDJVdk5abmZMUFd1ZWtXcUIzYXRsSjFiZmFOQWFIVUhSVzdBTUdxWnhEMA?oc=5\" target=\"_blank\" rel=\"nofollow noopener\">Rese\u00f1a de \u2018Caught Stealing\u2019: Austin Butler en apuros<\/a>&nbsp;&nbsp;The New York Times<\/li>\n<li><a href=\"https:\/\/news.google.com\/rss\/articles\/CBMivwFBVV95cUxQQUR4aXZZLW1naGgyWlVUSTZ4NkRCSmpYbklVWGFZckpsX01obUZNX25xZ0JBdy1MdHduUDRKY244ZWFXMzZOSEcwSGROUHBaSEliZENQOFZvbEs2bk1oV1N2bDRzZFZVVUwzbVlBcHVCNDMxa2tTbHNvelloTENKWWhEMVA2a3M3b0x5d2o3U0xVdE9OajVvaU84d2pWQnZ2bmNsbnlmSW5veXI1LUhyRklHSmJWLTNGQVAwYnJ3RQ?oc=5\" target=\"_blank\" rel=\"nofollow noopener\">Cr\u00edtica de \u201cAtrapado robando\u201d (\u201cCaught Stealing\u201d), pel\u00edcula de Darren Aronofsky con Austin Butler<\/a>&nbsp;&nbsp;Otros Cines<\/li>\n<li><a href=\"https:\/\/news.google.com\/rss\/articles\/CBMijgFBVV95cUxQRTE5aGlMYkNfSW9iaWRaVWlmbFIwaXBiekRSUFZRdzFfUkJGTEVseURVdmtWUENWamF6cFFWbFFEX1ZWbG5MRERBVElHNmxaT0UyZ0JRZUpzaWpMV29CZ2dQS2xfcUYtV1dpRVlPRU1UNkJYV21TV1JscWxuTm5jcmxNV0JZMjg4SFVNbXB3?oc=5\" target=\"_blank\" rel=\"nofollow noopener\">Oro puro en una \u00e9poca de franquicias &#8211; Atrapado robando by Diego Castro Famea<\/a>&nbsp;&nbsp;Cooltivarte Portal<\/li>\n<li><a href=\"https:\/\/news.google.com\/rss\/articles\/CBMilAFBVV95cUxQemF5V0swdk14NXpVbEdXSXlQU0JwdnhKeWlwTXl1ZmtUc0ZWcjc3TEdzd0JtRnB2VXJQSEtFczBrTkZOeURoYklGbnU3VGdZVnZTdy1GbUpEemE1MjZYU2tpeVhwbXpFNDkxQ2NsS2ptVXZfcHR6dF96SWNIS3Yxc0Y0WlQ3VmU3NGFpX3ZCUWc2d2hU?oc=5\" target=\"_blank\" rel=\"nofollow noopener\">Caught Stealing: cuando Aronofsky decidi\u00f3 reinventarse (\u00bfo no?)<\/a>&nbsp;&nbsp;Cinescopia<\/li>\n<\/ol>\n","protected":false},"excerpt":{"rendered":"El estreno m\u00e1s gamberro del a\u00f1o, del director de R\u00e9quiem por un sue\u00f1o&nbsp;&nbsp;Expansi\u00f3n Rese\u00f1a de \u2018Caught Stealing\u2019: Austin&hellip;\n","protected":false},"author":2,"featured_media":85022,"comment_status":"","ping_status":"","sticky":false,"template":"","format":"standard","meta":{"footnotes":""},"categories":[169],"tags":[177,146,147,25,24,176,11170,11169,175,23],"class_list":{"0":"post-85021","1":"post","2":"type-post","3":"status-publish","4":"format-standard","5":"has-post-thumbnail","7":"category-cine","8":"tag-cine","9":"tag-entertainment","10":"tag-entretenimiento","11":"tag-es","12":"tag-espana","13":"tag-film","14":"tag-fuera-de-serie","15":"tag-fueradeserie-cultura","16":"tag-movies","17":"tag-spain"},"share_on_mastodon":{"url":"","error":""},"_links":{"self":[{"href":"https:\/\/www.europesays.com\/es\/wp-json\/wp\/v2\/posts\/85021","targetHints":{"allow":["GET"]}}],"collection":[{"href":"https:\/\/www.europesays.com\/es\/wp-json\/wp\/v2\/posts"}],"about":[{"href":"https:\/\/www.europesays.com\/es\/wp-json\/wp\/v2\/types\/post"}],"author":[{"embeddable":true,"href":"https:\/\/www.europesays.com\/es\/wp-json\/wp\/v2\/users\/2"}],"replies":[{"embeddable":true,"href":"https:\/\/www.europesays.com\/es\/wp-json\/wp\/v2\/comments?post=85021"}],"version-history":[{"count":0,"href":"https:\/\/www.europesays.com\/es\/wp-json\/wp\/v2\/posts\/85021\/revisions"}],"wp:featuredmedia":[{"embeddable":true,"href":"https:\/\/www.europesays.com\/es\/wp-json\/wp\/v2\/media\/85022"}],"wp:attachment":[{"href":"https:\/\/www.europesays.com\/es\/wp-json\/wp\/v2\/media?parent=85021"}],"wp:term":[{"taxonomy":"category","embeddable":true,"href":"https:\/\/www.europesays.com\/es\/wp-json\/wp\/v2\/categories?post=85021"},{"taxonomy":"post_tag","embeddable":true,"href":"https:\/\/www.europesays.com\/es\/wp-json\/wp\/v2\/tags?post=85021"}],"curies":[{"name":"wp","href":"https:\/\/api.w.org\/{rel}","templated":true}]}}