{"id":85023,"date":"2025-09-01T00:41:11","date_gmt":"2025-09-01T00:41:11","guid":{"rendered":"https:\/\/www.europesays.com\/es\/85023\/"},"modified":"2025-09-01T00:41:11","modified_gmt":"2025-09-01T00:41:11","slug":"athletic-primera-derrota-de-un-betis-distraido-con-antony-1-2","status":"publish","type":"post","link":"https:\/\/www.europesays.com\/es\/85023\/","title":{"rendered":"Athletic: Primera derrota de un Betis distra\u00eddo con Antony (1-2)"},"content":{"rendered":"<p style=\"\">El <strong>Betis<\/strong> va a tirar la casa por la ventana para hacerse con un jugador tan diferencial y top como el<strong> brasile\u00f1o Antony<\/strong>. Han fiado su mercado a obtener un traspaso que en circunstancias normales no podr\u00edan optar, pero que con la  &#8230; voluntad del extremo de su lado van a intentar cerrar durante el \u00faltimo d\u00eda de mercado. Era el nombre de cada corrillo. El sue\u00f1o de cada ni\u00f1o y no tan joven para rematar una plantilla que puede quedarse corta en otras posiciones, pero que ganar\u00eda un hombre que decide partidos y suma puntos. El <strong>Athletic<\/strong> peg\u00f3 dos picotazos en el segundo periodo, de esos de golpeo en \u00e1rea tras varios rebotes y donde m\u00e1s duele, con <strong>Marc Bartra<\/strong> de inesperado villano cuando siempre es el h\u00e9roe. El mercado quiz\u00e1s haya distra\u00eddo al Betis. O m\u00e1s bien <strong>Antony, la gran esperanza b\u00e9tica<\/strong>.<\/p>\n<p class=\"voc-p\" style=\"\">A la espera de que se concrete la mastod\u00f3ntica operaci\u00f3n del brasile\u00f1o, que ha condicionado muchas de las operaciones de los b\u00e9ticos, <strong>Manuel Pellegrini<\/strong> decidi\u00f3 alinear ante el <strong>Athletic<\/strong>, en el cuarto partido en menos de tres semanas, a varios de esos canteranos que tiene en n\u00f3mina de su primera plantilla: desde el habitual <strong>Pablo Garc\u00eda<\/strong>, cada d\u00eda con m\u00e1s protagonismo el zurdo, hasta <strong>\u00c1ngel Ortiz<\/strong>, quien debe hacerse con m\u00e1s minutos por la lesi\u00f3n de Aitor Ruibal y el desgaste que est\u00e1 sufriendo H\u00e9ctor Beller\u00edn. El resto, lo esperado. Y fueron precisamente los j\u00f3venes valores de la factor\u00eda verdiblanca los que ofrecieron una mejor versi\u00f3n en el primer periodo, destacando en las dos \u00e1reas.<\/p>\n<ul class=\"voc-list\">\n<li class=\"voc-list__item\">\n<strong>Betis:<\/strong><br \/>\n\u00c1lvaro Valles; \u00c1ngel Ortiz (Beller\u00edn, min 88), Bartra, Natan, Junior; Sergi Altimita, Fornals; Pablo Garc\u00eda (Deossa, min 72), Lo Celso (Chimy \u00c1vila, min. 88), Riquelme (Bakambu, min. 72); y Cucho.\n<\/li>\n<li class=\"voc-list__item\">\n<strong>Athletic:<\/strong><br \/>\nUnai Sim\u00f3n; Areso (Gorosabel, min. 76), Paredes, Vivian, Yuri; Prados (Vesga, min. 62), Jauregizar; Nico Williams (Robert Navarro, min 84), Sancet (Unai G\u00f3mez, min. 84), I\u00f1aki (Maroan, min. 76); y Berenguer.\n<\/li>\n<li class=\"voc-list__item\">\n<strong>Goles:<\/strong><br \/>\n0-1 (min. 60) Bartra, en propia puerta. 0-2 (min 85) Paredes. 1-2 (min 97) Bakambu.\n<\/li>\n<li class=\"voc-list__item\">\n<strong>\u00c1rbitro:<\/strong><br \/>\nD\u00edaz de Mera (C. Castellano-manchego). Amonest\u00f3 a Prados, Vivian, Maroan, Junior y Berenguer. Expuls\u00f3 a \u00c1lex Padilla (min. 98) y Ernesto Valverde (min. 98)\n<\/li>\n<\/ul>\n<p class=\"voc-p\" style=\"\"><strong>\u00c1ngel Ortiz<\/strong> se la ten\u00eda que ver con la m\u00e1s fea. Delante ten\u00eda a <strong>Nico Williams<\/strong> para demostrarle que su convocatoria con la selecci\u00f3n espa\u00f1ola sub 21 no ha sido una casualidad. Mantuvo el tipo en su primera titularidad, coloc\u00e1ndose siempre delante del internacional absoluto espa\u00f1ol para que no pudiese desbordarle con su zancada. Cerr\u00f3 su banda. El estadio de la Cartuja le agradec\u00eda el esfuerzo. Unos metros m\u00e1s adelante se mov\u00eda <strong>Pablo Garc\u00eda<\/strong>, el otro canterano que ha sido llamado por el segundo equipo nacional. Y es que este atacante es distinto. Juega con una pasi\u00f3n inusual. Su cara y sus gestos son el reflejo de lo que se le pasa por la cabeza. Primero intent\u00f3 un lanzamiento de primeras tras un buen movimiento de Cucho. Ha metido ese gol cientos de veces, pero a Pablo se le march\u00f3 el disparo a la escuadra por encima del larguero.<\/p>\n<p class=\"voc-p\" style=\"\">La siguiente ser\u00eda con un bal\u00f3n suelto en la frontal del \u00e1rea, zurdazo duro que tocaba en un defensor y la pelota cambiaba su direcci\u00f3n para tocar mansamente el larguero e irse a c\u00f3rner. La oportunidad m\u00e1s clara del <strong>Betis<\/strong> en el primer periodo. Unos primeros 45 minutos que disput\u00f3 de poder a poder ante un Athletic algo m\u00e1s descansado al no competir entre semana y que s\u00f3lo era capaz de hacer da\u00f1o cuando pod\u00eda correr, cuando era capaz de recibir entre los mediocentros y centrales, una zona que el <strong>Betis<\/strong> ten\u00eda bien vigilada. Los cambios de posici\u00f3n entre Berenguer y el siempre insistente <strong>I\u00f1aki Williams<\/strong> provocaron que el mayor de los hermanos tuviese hasta dos opciones de marcar claras en el primer tiempo. Despu\u00e9s de que <strong>Lo Celso<\/strong> probara con el exterior la punter\u00eda de su equipo, I\u00f1aki se quedaba mano a mano con \u00c1lvaro Valles, con tiempo para pensar, y una definici\u00f3n que se qued\u00f3 en el pie del portero b\u00e9tico, quien se hizo inmenso en una de las suertes del juego que mejor domina, como es el mano a mano.<\/p>\n<p class=\"voc-p\" style=\"\">Porque en un pase por encima de la defensa de <strong>Sancet<\/strong>, desaparecido en el tramo inicial por el entramado defensivo local, otra vez I\u00f1aki decid\u00eda mal con un golpeo muy por encima del larguero cuando ten\u00eda opciones de generar m\u00e1s peligro. Deb\u00edan tener <strong>Natan y Bartra<\/strong> un cuidado mayor con los movimientos de ruptura. Mucha alternancia en el juego y dominio alterno, lo que por momentos puede resolverse con el bal\u00f3n parado. Y ah\u00ed tuvo el conjunto vasco la \u00faltima del primer periodo. Yuri prolong\u00f3 en el segundo palo hacia el \u00e1rea peque\u00f1a donde Paredes e I\u00f1aki esperaban para empujar a gol, pero apareci\u00f3 la cabeza de Bartra para tocar lo justo e impedir el 0-1. Empate al descanso. Un partido de rivales por la <strong>Champions<\/strong>, por lo que el ritmo y la intensidad eran impactantes pese al calor.<\/p>\n<p>\nLa mala fortuna de Bartra\n<\/p>\n<p class=\"voc-p\" style=\"\">El segundo periodo comenz\u00f3 con una acci\u00f3n individual de <strong>Lo Celso<\/strong> que no encontr\u00f3 rematador por cent\u00edmetros, despejando la defensa del Athletic. Detuvo el tiempo el argentino, quien anotase el gol del triunfo en el estreno en el nuevo hogar del Betis. El siguiente que lo intentaba era <strong>Cucho<\/strong>, poco acertado en el remate con la visi\u00f3n marca de la casa del mediapunta argentino, quien estaba entonado. Se siente siempre m\u00e1s c\u00f3modo en casa que fuera. La primera llegada del Athletic fue un pisot\u00f3n leve de Bartra a Sancet que reclam\u00f3 el equipo rojiblanco. De hecho, en la repetici\u00f3n parece que si le da es justo en la puntera. <strong>D\u00edaz de Mera<\/strong> consider\u00f3 que no era suficiente y tampoco fue reclamado por el VAR.<\/p>\n<p class=\"voc-p\" style=\"\">Y en un partido de poder a poder, a veces se rompe de la forma m\u00e1s inesperada. En un <strong>centro fuerte al \u00e1rea de Yuri<\/strong>, un pase atr\u00e1s potente del lateral, la mala suerte se cebaba con <strong>Marc Bartra<\/strong> en su intento de despejar, colando la pelota en su propia porter\u00eda. Tard\u00f3 en darse el gol por posible posici\u00f3n adelantada de I\u00f1aki Williams, jugador que pein\u00f3 la pelota antes de que llegase a Yuri. Se daba el gol. Le tocaba al <strong>Betis<\/strong> remontar, demostrar de qu\u00e9 pasta est\u00e1 hecho. En un primer momento, el tanto afect\u00f3 al \u00e1nimo del equipo y el propio estadio. <strong>Manuel Pellegrini<\/strong> mov\u00eda el banquillo buscando la reacci\u00f3n de los suyos. <strong>Debutaba Nelson Deossa<\/strong> y tambi\u00e9n aparec\u00eda Bakambu, saliendo del campo los dos extremos titulares.<\/p>\n<p class=\"voc-p\" style=\"\"> Pero no estaba la tarde para celebrar la segunda victoria del curso. Tras un saque de esquina, un centro de <strong>Robert Navarro<\/strong>, que intentaba despejar nuevamente Bartra, lo peinaba hacia su porter\u00eda para que entrase libre de marca el central del equipo vasco <strong>Paredes y cabecease a la red<\/strong>. Supuesta sentencia. Porque con todo acabado, en la larga prolongaci\u00f3n, que termin\u00f3 con dos miembros del banquillo del Athletic expulsados, <strong>Bakambu<\/strong> cabece\u00f3 a la red el 1-2, tratando de darle emoci\u00f3n al final de un encuentro que se fue hasta el minuto 100 y termin\u00f3 accidentado por m\u00e1s de una tangana. Al <strong>Betis<\/strong> se le escapaba el primer partido del curso justo antes del cierre del mercado. Como un aviso. Como una reconciliaci\u00f3n preparada con la llegada de Antony, ese fichaje que har\u00eda olvidar la primera desilusi\u00f3n del curso.<\/p>\n","protected":false},"excerpt":{"rendered":"El Betis va a tirar la casa por la ventana para hacerse con un jugador tan diferencial y&hellip;\n","protected":false},"author":2,"featured_media":85024,"comment_status":"","ping_status":"","sticky":false,"template":"","format":"standard","meta":{"footnotes":""},"categories":[93],"tags":[2182,291,5293,168,25,24,23,167,5151],"class_list":{"0":"post-85023","1":"post","2":"type-post","3":"status-publish","4":"format-standard","5":"has-post-thumbnail","7":"category-deportes","8":"tag-athletic","9":"tag-betis","10":"tag-cronica","11":"tag-deportes","12":"tag-es","13":"tag-espana","14":"tag-spain","15":"tag-sports","16":"tag-xxx"},"share_on_mastodon":{"url":"","error":""},"_links":{"self":[{"href":"https:\/\/www.europesays.com\/es\/wp-json\/wp\/v2\/posts\/85023","targetHints":{"allow":["GET"]}}],"collection":[{"href":"https:\/\/www.europesays.com\/es\/wp-json\/wp\/v2\/posts"}],"about":[{"href":"https:\/\/www.europesays.com\/es\/wp-json\/wp\/v2\/types\/post"}],"author":[{"embeddable":true,"href":"https:\/\/www.europesays.com\/es\/wp-json\/wp\/v2\/users\/2"}],"replies":[{"embeddable":true,"href":"https:\/\/www.europesays.com\/es\/wp-json\/wp\/v2\/comments?post=85023"}],"version-history":[{"count":0,"href":"https:\/\/www.europesays.com\/es\/wp-json\/wp\/v2\/posts\/85023\/revisions"}],"wp:featuredmedia":[{"embeddable":true,"href":"https:\/\/www.europesays.com\/es\/wp-json\/wp\/v2\/media\/85024"}],"wp:attachment":[{"href":"https:\/\/www.europesays.com\/es\/wp-json\/wp\/v2\/media?parent=85023"}],"wp:term":[{"taxonomy":"category","embeddable":true,"href":"https:\/\/www.europesays.com\/es\/wp-json\/wp\/v2\/categories?post=85023"},{"taxonomy":"post_tag","embeddable":true,"href":"https:\/\/www.europesays.com\/es\/wp-json\/wp\/v2\/tags?post=85023"}],"curies":[{"name":"wp","href":"https:\/\/api.w.org\/{rel}","templated":true}]}}