{"id":85031,"date":"2025-09-01T00:45:04","date_gmt":"2025-09-01T00:45:04","guid":{"rendered":"https:\/\/www.europesays.com\/es\/85031\/"},"modified":"2025-09-01T00:45:04","modified_gmt":"2025-09-01T00:45:04","slug":"fallece-el-historico-activista-mirandes-antonio-salazar-chomon","status":"publish","type":"post","link":"https:\/\/www.europesays.com\/es\/85031\/","title":{"rendered":"Fallece el hist\u00f3rico activista mirand\u00e9s Antonio Salazar Chom\u00f3n"},"content":{"rendered":"<p>Miranda llora la p\u00e9rdida del activista\u00a0Antonio Salazar Chomon, implicado desde los a\u00f1os 80 en diversas causas sociales y pol\u00edticas, como el cierre de la central de Garo\u00f1a, y militante de Izquierda Mirandesa, formaci\u00f3n que ha comunicado su fallecimiento en las redes sociales.\u00a0<\/p>\n<p>Sus compa\u00f1eros destacan que \u00abdesde joven se involucr\u00f3 en la lucha antifranquista militando en el PTE\u00bb y que trabaj\u00f3 para que Miranda de Ebro abandonase Burgos y se integrase en \u00c1lava, pero tambi\u00e9n para que fuese una ciudad medioambientalmente mejor, a trav\u00e9s de la Coordinadora Bajada del Ebro, que precisamente ayer celebr\u00f3 su 42 edici\u00f3n.<\/p>\n<p>\u00abA su vez, la lucha a favor de la memoria hist\u00f3rica fue otra de sus prioridades, rescatando del olvido a los cientos de mirandeses fusilados por el Franquismo y a los presos del Campo de Concentraci\u00f3n de Miranda. Tambi\u00e9n fue impulsor de plataformas como en En Pie o la candidatura Ganemos, apostando siempre por la unidad de la izquierda\u00bb, explican desde la formaci\u00f3n en la que militaba Chom\u00f3n.<\/p>\n<p>\u00abSin duda alguna, se nos ha ido uno de los imprescindibles, una persona incansable y a la vez solidaria, pero su rastro es imborrable, y nos ayudar\u00e1 a seguir luchando por una Miranda mejor, y una Rep\u00fablica que defienda los derechos de los pueblos y las personas\u00bb, concluyen.<\/p>\n","protected":false},"excerpt":{"rendered":"Miranda llora la p\u00e9rdida del activista\u00a0Antonio Salazar Chomon, implicado desde los a\u00f1os 80 en diversas causas sociales y&hellip;\n","protected":false},"author":2,"featured_media":85032,"comment_status":"","ping_status":"","sticky":false,"template":"","format":"standard","meta":{"footnotes":""},"categories":[80],"tags":[82,95,94,25,24,31630,17650,23],"class_list":{"0":"post-85031","1":"post","2":"type-post","3":"status-publish","4":"format-standard","5":"has-post-thumbnail","7":"category-economia","8":"tag-business","9":"tag-economia","10":"tag-economy","11":"tag-es","12":"tag-espana","13":"tag-garona","14":"tag-miranda-de-ebro","15":"tag-spain"},"share_on_mastodon":{"url":"","error":""},"_links":{"self":[{"href":"https:\/\/www.europesays.com\/es\/wp-json\/wp\/v2\/posts\/85031","targetHints":{"allow":["GET"]}}],"collection":[{"href":"https:\/\/www.europesays.com\/es\/wp-json\/wp\/v2\/posts"}],"about":[{"href":"https:\/\/www.europesays.com\/es\/wp-json\/wp\/v2\/types\/post"}],"author":[{"embeddable":true,"href":"https:\/\/www.europesays.com\/es\/wp-json\/wp\/v2\/users\/2"}],"replies":[{"embeddable":true,"href":"https:\/\/www.europesays.com\/es\/wp-json\/wp\/v2\/comments?post=85031"}],"version-history":[{"count":0,"href":"https:\/\/www.europesays.com\/es\/wp-json\/wp\/v2\/posts\/85031\/revisions"}],"wp:featuredmedia":[{"embeddable":true,"href":"https:\/\/www.europesays.com\/es\/wp-json\/wp\/v2\/media\/85032"}],"wp:attachment":[{"href":"https:\/\/www.europesays.com\/es\/wp-json\/wp\/v2\/media?parent=85031"}],"wp:term":[{"taxonomy":"category","embeddable":true,"href":"https:\/\/www.europesays.com\/es\/wp-json\/wp\/v2\/categories?post=85031"},{"taxonomy":"post_tag","embeddable":true,"href":"https:\/\/www.europesays.com\/es\/wp-json\/wp\/v2\/tags?post=85031"}],"curies":[{"name":"wp","href":"https:\/\/api.w.org\/{rel}","templated":true}]}}