{"id":85035,"date":"2025-09-01T00:47:14","date_gmt":"2025-09-01T00:47:14","guid":{"rendered":"https:\/\/www.europesays.com\/es\/85035\/"},"modified":"2025-09-01T00:47:14","modified_gmt":"2025-09-01T00:47:14","slug":"carmen-ninet-se-jubila-en-plena-investigacion-por-su-falta-de-titulacion","status":"publish","type":"post","link":"https:\/\/www.europesays.com\/es\/85035\/","title":{"rendered":"Carmen Ninet se jubila en plena investigaci\u00f3n por su falta de titulaci\u00f3n"},"content":{"rendered":"<p style=\"\">La subdirectora del Museo Valenciano de la Ilustraci\u00f3n y la Modernidad (MuVIM), <strong>Carmen Ninet<\/strong>, ha anunciado en nota interna remitida a sus compa\u00f1eros su decisi\u00f3n de <strong>jubilarse<\/strong> en pleno proceso de <strong>investigaci\u00f3n<\/strong> en la Diputaci\u00f3n de Valencia tras <a href=\"https:\/\/www.abc.es\/espana\/comunidad-valenciana\/mujer-excomisionado-dana-tampoco-acredita-titulo-universitario-20250813103710-nt.html\" target=\"_blank\" data-voc-vtm-id=\"in-text-traffic\" title=\"no haber acreditado la titulaci\u00f3n\" data-mrf-link=\"www.abc.es\" rel=\"nofollow noopener\">no haber acreditado la titulaci\u00f3n<\/a> &#8230;  necesaria para el puesto que todav\u00eda ocupa. El organismo provincial, conforme inform\u00f3 <strong>ABC<\/strong>, decidi\u00f3 hace un par de semanas amortizar su plaza y recolocarla en otra asignaci\u00f3n \u00abacorde a su formaci\u00f3n\u00bb, mientras trataba de averiguar si podr\u00eda reducir tambi\u00e9n su sueldo.<\/p>\n<p class=\"voc-p\" style=\"\">No obstante, la mujer del excomisionado del Gobierno para la dana Jos\u00e9 Mar\u00eda \u00c1ngel <strong>Batalla<\/strong>, quien tambi\u00e9n anunci\u00f3 su jubilaci\u00f3n tras la apertura de una investigaci\u00f3n de la <strong>Agencia<\/strong> Valenciana <strong>Antifraude<\/strong> por presentar un presunto t\u00edtulo falso para promocionar hace d\u00e9cadas en la funci\u00f3n p\u00fablica, ha tomado la misma decisi\u00f3n que su marido y ha denunciado una <strong>campa\u00f1a<\/strong> \u00ab<strong>orquestada<\/strong>\u00bb contra ambos.<\/p>\n<p class=\"voc-p\" style=\"\">En la nota interna, a la que ha tenido acceso ABC, Ninet anuncia su jubilaci\u00f3n con fecha de este mismo 31 de agosto cerrando una trayectoria de m\u00e1s de cuatro d\u00e9cadas en la <strong>Diputaci\u00f3n<\/strong> de <strong>Valencia<\/strong>. En la carta de despedida dirigida a sus compa\u00f1eros, hace balance de su vida profesional, marcada por la gesti\u00f3n cultural y administrativa en diferentes \u00e1reas del ente provincial. \u00abM\u00e1s de cuarenta a\u00f1os de servicio p\u00fablico no pueden quedar ocultos tras un entramado de inexactitudes, <strong>tergiversaciones<\/strong> y silencios\u00bb, subraya en su escrito, en referencia a la pol\u00e9mica sobre su falta de titulaci\u00f3n para el cargo de categor\u00eda A1 que ocupaba hasta ahora. Su sueldo actual era de 87.754 euros brutos anuales.<\/p>\n<p class=\"voc-p\" style=\"\">Ninet ingres\u00f3 en la Diputaci\u00f3n en 1980, donde comenz\u00f3 asumiendo funciones de jefa de Administraci\u00f3n en la Plaza de Toros de Val\u00e8ncia. Posteriormente ocup\u00f3 diversos cargos de responsabilidad: fue gerente del Teatro Principal, directora del Servicio de Asistencia y Recursos Culturales (SARC), jefa de secci\u00f3n en el Centre Cultural La Benefic\u00e8ncia -nombrada por la entonces diputada del PP Mar\u00eda Jes\u00fas Puchalt- y en el propio MuVIM, instituci\u00f3n en la que culmina su carrera como subdirectora.<\/p>\n<p>\nReconoce que no acab\u00f3 Derecho\n<\/p>\n<p class=\"voc-p\" style=\"\">Asimismo, reconoce que no acab\u00f3 la carrera de Derecho, pero defiende que su clasificaci\u00f3n en la Diputaci\u00f3n como personal laboral fue equiparada al <strong>grupo A<\/strong> en el a\u00f1o 1986, \u00abcomo sucedi\u00f3 con otros muchos compa\u00f1eros, de lo que hace ya treinta y nueve a\u00f1os\u00bb, alega. \u00abAs\u00ed consta en mi expediente laboral y certificado por el secretario de la corporaci\u00f3n; documentos a los que nadie, por supuesto, ha hecho referencia\u00bb, lamenta.<\/p>\n<p class=\"voc-p\" style=\"\">En su <strong>despedida<\/strong>, recuerda que durante todos esos a\u00f1os no se registr\u00f3 \u00abni una sola queja\u00bb sobre su gesti\u00f3n y <strong>agradece<\/strong> el <strong>respaldo<\/strong> de los <strong>equipos<\/strong> con los que ha trabajado: \u00abEntre todos hemos hecho posible el <strong>MuVIM<\/strong> que hemos llegado a ser: un museo referente y diferente, y el m\u00e1s visitado de Valencia\u00bb.<\/p>\n<p class=\"voc-p\" style=\"\">La jubilaci\u00f3n de Ninet se produce tras semanas de<strong> informaciones cr\u00edticas<\/strong> que, seg\u00fan ella, responden a una \u00abestrategia orquestada\u00bb para cuestionar su trayectoria y la de su pareja. La todav\u00eda subdirectora defiende que su expediente laboral acredita \u00absin lugar a dudas\u00bb su condici\u00f3n y dedicaci\u00f3n como empleada p\u00fablica, con m\u00e1s de doscientos documentos oficiales entre decretos, certificados y nombramientos.<\/p>\n<p class=\"voc-p\" style=\"\">En su carta, denuncia lo que califica como un intento de \u00ab<strong>difundir basura<\/strong> y denigrar para alzarse como el &#8216;salvador&#8217; o la &#8216;salvadora&#8217; de una situaci\u00f3n de descontrol absolutamente <strong>falsa<\/strong>\u00bb. A pesar del contexto, Ninet concluye su despedida con un tono optimista y agradecido. \u00abSeguir\u00e9 siendo feliz, porque tengo vida, amor y aficiones suficientes para seguir si\u00e9ndolo\u00bb, afirma, dedicando palabras de reconocimiento a sus compa\u00f1eros del MuVIM, al personal de seguridad, mantenimiento y limpieza, y a todos aquellos que han formado parte de su recorrido profesional.<\/p>\n<p class=\"voc-p\" style=\"\">La diputaci\u00f3n que preside el popular Vicente Momp\u00f3 abri\u00f3 un expediente de informaci\u00f3n reservada a la que fuera diputada auton\u00f3mica del PSPV-PSOE en las Cortes Valencianas durante 16 a\u00f1os para solicitar informaci\u00f3n sobre su acceso al puesto de trabajo que ostenta actualmente. Los cinco d\u00edas de plazo transcurrieron sin que Ninet aportara documentaci\u00f3n, por lo que la corporaci\u00f3n entendi\u00f3 que no dispon\u00eda del t\u00edtulo universitario, requisito fundamental para una plaza de libre designaci\u00f3n A1, lo que ha ahora ha confirmado.<\/p>\n<p class=\"voc-p\" style=\"\">Pese a la intenci\u00f3n de degradarla, los servicios jur\u00eddicos de la corporaci\u00f3n llevaban meses estudiando si podr\u00eda haber consolidado sus derechos retributivos como funcionaria A1, lo que le hubiese permitido seguir cobrando su sueldo actual pese haber desempe\u00f1ado a partir de ahora un cargo de menor rango.<\/p>\n<p class=\"voc-p\" style=\"\"> En 2012, el organismo provincial -entonces presidido por Alfonso Rus- aprob\u00f3 una modificaci\u00f3n de la Relaci\u00f3n de Puestos de Trabajo (RPT), mediante la que su puesto \u00abreservado\u00bb de jefa de secci\u00f3n de Coordinaci\u00f3n constaba \u00abcaracterizado como <strong>A1 24 B3 F CM S A1 901<\/strong>\u00bb. En ese mismo documento, aparece recogido que la ahora se\u00f1alada es \u00abempleada p\u00fablica en r\u00e9gimen jur\u00eddico-laboral en situaci\u00f3n de excedencia forzosa por su designaci\u00f3n para cargo p\u00fablico\u00bb. En 2015 decidi\u00f3 reincorporarse a su plaza como jefa de secci\u00f3n en el Centro Cultural La Benefici\u00e8ncia y, un a\u00f1o despu\u00e9s ya con la izquierda gobernando la instituci\u00f3n, se modific\u00f3 la RPT para nombrarla \u00absubdirectora A1 26 B3 F LD S A1 901\u00bb.<\/p>\n<p class=\"voc-p\" style=\"\">En diciembre de 2019 se aprob\u00f3 la modificaci\u00f3n de las caracter\u00edsticas del puesto de subdirector respecto al complemento espec\u00edfico y al que se encontraba adscrita de forma provisional Ninet, \u00abmanteniendo inalterable el resto de su caracterizaci\u00f3n, debiendo suscribir la oportuna acta de aceptaci\u00f3n\u00bb, seg\u00fan rezaba el documento oficial. Un cargo que lleva aparejado un sueldo cuantioso con el que habr\u00eda llegado a ganar m\u00e1s de 700.000 euros durante los \u00faltimos nueve a\u00f1os, de acuerdo con las tablas salariales establecidas por la Diputaci\u00f3n.<\/p>\n","protected":false},"excerpt":{"rendered":"La subdirectora del Museo Valenciano de la Ilustraci\u00f3n y la Modernidad (MuVIM), Carmen Ninet, ha anunciado en nota&hellip;\n","protected":false},"author":2,"featured_media":85036,"comment_status":"","ping_status":"","sticky":false,"template":"","format":"standard","meta":{"footnotes":""},"categories":[8],"tags":[4187,17,18,14750,25,24,1998,13,14,11,1294,31634,19,20,9,31633,10,15,16,5670,23,9163,12,21,22],"class_list":{"0":"post-85035","1":"post","2":"type-post","3":"status-publish","4":"format-standard","5":"has-post-thumbnail","7":"category-espana","8":"tag-anuncia","9":"tag-breaking-news","10":"tag-breakingnews","11":"tag-carmen","12":"tag-es","13":"tag-espana","14":"tag-falta","15":"tag-featured-news","16":"tag-featurednews","17":"tag-headlines","18":"tag-investigacion","19":"tag-jubila","20":"tag-latest-news","21":"tag-latestnews","22":"tag-news","23":"tag-ninet","24":"tag-noticias","25":"tag-noticias-destacadas","26":"tag-noticiasdestacadas","27":"tag-plena","28":"tag-spain","29":"tag-titulacion","30":"tag-titulares","31":"tag-ultimas-noticias","32":"tag-ultimasnoticias"},"share_on_mastodon":{"url":"","error":""},"_links":{"self":[{"href":"https:\/\/www.europesays.com\/es\/wp-json\/wp\/v2\/posts\/85035","targetHints":{"allow":["GET"]}}],"collection":[{"href":"https:\/\/www.europesays.com\/es\/wp-json\/wp\/v2\/posts"}],"about":[{"href":"https:\/\/www.europesays.com\/es\/wp-json\/wp\/v2\/types\/post"}],"author":[{"embeddable":true,"href":"https:\/\/www.europesays.com\/es\/wp-json\/wp\/v2\/users\/2"}],"replies":[{"embeddable":true,"href":"https:\/\/www.europesays.com\/es\/wp-json\/wp\/v2\/comments?post=85035"}],"version-history":[{"count":0,"href":"https:\/\/www.europesays.com\/es\/wp-json\/wp\/v2\/posts\/85035\/revisions"}],"wp:featuredmedia":[{"embeddable":true,"href":"https:\/\/www.europesays.com\/es\/wp-json\/wp\/v2\/media\/85036"}],"wp:attachment":[{"href":"https:\/\/www.europesays.com\/es\/wp-json\/wp\/v2\/media?parent=85035"}],"wp:term":[{"taxonomy":"category","embeddable":true,"href":"https:\/\/www.europesays.com\/es\/wp-json\/wp\/v2\/categories?post=85035"},{"taxonomy":"post_tag","embeddable":true,"href":"https:\/\/www.europesays.com\/es\/wp-json\/wp\/v2\/tags?post=85035"}],"curies":[{"name":"wp","href":"https:\/\/api.w.org\/{rel}","templated":true}]}}